{"id":45896,"date":"2024-09-05T18:27:54","date_gmt":"2024-09-05T21:27:54","guid":{"rendered":"https:\/\/radiorevelacionfm.cl\/?p=45896"},"modified":"2024-09-05T18:27:54","modified_gmt":"2024-09-05T21:27:54","slug":"renuevan-convenio-que-permitira-otorgar-atenciones-medicas-y-de-especialidades-gratuitamente-en-la-comuna-de-coyhaique","status":"publish","type":"post","link":"https:\/\/radiorevelacionfm.cl\/?p=45896","title":{"rendered":"Renuevan convenio que permitir\u00e1 otorgar atenciones m\u00e9dicas y de especialidades gratuitamente en la comuna de Coyhaique"},"content":{"rendered":"<div class=\"flex_column av_one_full  flex_column_div av-zero-column-padding first  avia-builder-el-0  el_before_av_one_full  avia-builder-el-first  \" style='border-radius:0px; '><div  class='avia-image-container  av-styling-    avia-builder-el-1  avia-builder-el-no-sibling  avia-align-center '  itemprop=\"image\" itemscope=\"itemscope\" itemtype=\"https:\/\/schema.org\/ImageObject\"  ><div class='avia-image-container-inner'><div class='avia-image-overlay-wrap'><img decoding=\"async\" class='wp-image-45897 avia-img-lazy-loading-not-45897 avia_image' src=\"https:\/\/radiorevelacionfm.cl\/wp-content\/uploads\/2024\/09\/FirmaConvenio-1-1.jpeg\" alt='' title='FirmaConvenio (1) (1)' height=\"776\" width=\"800\"  itemprop=\"thumbnailUrl\" srcset=\"https:\/\/radiorevelacionfm.cl\/wp-content\/uploads\/2024\/09\/FirmaConvenio-1-1.jpeg 800w, https:\/\/radiorevelacionfm.cl\/wp-content\/uploads\/2024\/09\/FirmaConvenio-1-1-300x291.jpeg 300w, https:\/\/radiorevelacionfm.cl\/wp-content\/uploads\/2024\/09\/FirmaConvenio-1-1-768x745.jpeg 768w, https:\/\/radiorevelacionfm.cl\/wp-content\/uploads\/2024\/09\/FirmaConvenio-1-1-36x36.jpeg 36w, https:\/\/radiorevelacionfm.cl\/wp-content\/uploads\/2024\/09\/FirmaConvenio-1-1-705x684.jpeg 705w, https:\/\/radiorevelacionfm.cl\/wp-content\/uploads\/2024\/09\/FirmaConvenio-1-1-450x437.jpeg 450w, https:\/\/radiorevelacionfm.cl\/wp-content\/uploads\/2024\/09\/FirmaConvenio-1-1-600x582.jpeg 600w\" sizes=\"(max-width: 800px) 100vw, 800px\" \/><\/div><\/div><\/div><\/div><div class=\"flex_column av_one_full  flex_column_div av-zero-column-padding first  avia-builder-el-2  el_after_av_one_full  el_before_av_one_full  column-top-margin\" style='border-radius:0px; '><section class=\"av_textblock_section \"  itemscope=\"itemscope\" itemtype=\"https:\/\/schema.org\/BlogPosting\" itemprop=\"blogPost\" ><div class='avia_textblock  '   itemprop=\"text\" ><p style=\"text-align: center;\"><strong><span style=\"font-size: 18pt;\">Renuevan convenio que permitir\u00e1 otorgar atenciones m\u00e9dicas y de especialidades gratuitamente en la comuna de Coyhaique<\/span><\/strong><\/p>\n<div id=\"gtx-trans\" style=\"position: absolute; left: -50px; top: 4.31534px;\">\n<div class=\"gtx-trans-icon\"><\/div>\n<\/div>\n<\/div><\/section><\/div><div class=\"flex_column av_one_full  flex_column_div av-zero-column-padding first  avia-builder-el-4  el_after_av_one_full  el_before_av_hr  column-top-margin\" style='border-radius:0px; '><section class=\"av_textblock_section \"  itemscope=\"itemscope\" itemtype=\"https:\/\/schema.org\/BlogPosting\" itemprop=\"blogPost\" ><div class='avia_textblock  '   itemprop=\"text\" ><p style=\"text-align: justify;\"><em>Durante el presente a\u00f1o se llev\u00f3 a cabo la primera experiencia que otorg\u00f3 atenciones gratuitas en las localidades de Balmaceda, Valle Simpson, Villa Ortega y JJ.VV. de Coyhaique.<\/em><\/p>\n<p style=\"text-align: justify;\">Tras la exitosa primera versi\u00f3n de Misiones M\u00e9dicas de la Universidad Finis Terrae en Coyhaique, el alcalde, Carlos Gatica Villegas, renov\u00f3 junto al rector de la casa de estudios superiores, Cristian Nazer Astorga, el convenio de colaboraci\u00f3n que permitir\u00e1 realizar durante el verano, atenciones gratuitas en sectores rurales y urbanos, por parte de estudiantes y profesionales de las carreras de medicina, odontolog\u00eda, enfermer\u00eda y psicolog\u00eda.<\/p>\n<p style=\"text-align: justify;\">La iniciativa de las Misiones M\u00e9dicas promueve con la comunidad local una cultura de autocuidado y tienen por objetivo concientizar en la importancia de la salud, los procesos m\u00e9dicos y sus diversas especialidades, adem\u00e1s de poder conocer y experimentar la atenci\u00f3n centrada en la persona.<\/p>\n<p style=\"text-align: justify;\">Sobre la realizaci\u00f3n de este programa durante el verano de 2025 en la capital regional, el rector de la Universidad Finis Terrae, Cristian Nazer, detall\u00f3 que \u201cpara mi es un privilegio y honor el poder firmar este convenio con la Municipalidad de Coyhaique porque tenemos un proyecto muy bonito que es el de las Misiones M\u00e9dicas que ya tuvo su primera versi\u00f3n, hab\u00edamos firmado un convenio hace un poco m\u00e1s de un a\u00f1o para realizar esa misi\u00f3n que fue muy exitosa, gracias al apoyo que nos entreg\u00f3 en esa ocasi\u00f3n la Municipalidad, el alcalde, los concejales, la gente del lugar, el Servicio de Salud, JUNAEB y todos los que colaboraron para que nuestros estudiantes y profesionales que les acompa\u00f1aron pudieran realizar una buena labor, sabemos que quedaron muy satisfechos con el trabajo que se realiz\u00f3, nosotros tambi\u00e9n quedamos muy satisfechos, ya que la experiencia de los j\u00f3venes y docentes fue muy buena\u201d.<\/p>\n<p style=\"text-align: justify;\">\u201cHemos renovado este convenio para volver a ir este verano, Dios mediante, y llegar a Coyhaique con m\u00e1s carreras, el a\u00f1o pasado fuimos con Medicina, Enfermer\u00eda y Kinesiolog\u00eda. Ahora la idea es sumar, Odontolog\u00eda y Psicolog\u00eda, ya que nos dimos cuenta que esta \u00faltima era muy necesaria en la zona, de manera de poder as\u00ed atenerles y ponernos a disposici\u00f3n de la comunidad de Coyhaique\u201d, a\u00f1adi\u00f3 el rector.<\/p>\n<p style=\"text-align: justify;\">Por su parte, el alcalde de Coyhaique, Carlos Gatica, coment\u00f3 tras la firma de este convenio que \u201chacemos carne con este hito de las gestiones que hemos realizado en la Regi\u00f3n Metropolitana y estamos tambi\u00e9n enfocados en avanzar en materias de salud. En esta ocasi\u00f3n, estamos no s\u00f3lo renovando un convenio, sino que, tambi\u00e9n reforzando, durante las Misiones M\u00e9dicas que anteriormente realizamos junto a la Universidad Finis Terrae, se realizaron m\u00e1s de 500 atenciones de salud a nuestros vecinos y vecinas en los sectores rurales, de estas fueron un 70% y en el sector urbano un 30% de ellas\u201d.<\/p>\n<p style=\"text-align: justify;\">\u201cCon esto, vamos a poder entregar atenciones con otras especialidades y lo estamos complementando con otros dispositivos municipales que hemos creado, como nuestra Casa Comunitaria de la Persona Mayor, esto hemos reforzado y adherido a m\u00e1s carreras de esta casa de estudios, para que sean m\u00e1s los futuros profesionales que puedan realizar diversas funciones durante sus pr\u00e1cticas en estas experiencias, apoyando a nuestra gente y disfrutando por supuesto de lo hermosa que es nuestra comuna\u201d, agreg\u00f3 el alcalde Gatica.<\/p>\n<\/div><\/section><\/div><div  style='height:50px' class='hr hr-invisible   avia-builder-el-6  el_after_av_one_full  el_before_av_social_share '><span class='hr-inner ' ><span class='hr-inner-style'><\/span><\/span><\/div><\/p>\n<div  class='av-social-sharing-box  avia-builder-el-7  el_after_av_hr  el_before_av_hr  '><div class='av-share-box'><h5 class='av-share-link-description av-no-toc '>Compartir esta noticia<\/h5><ul class='av-share-box-list noLightbox'><li class='av-share-link av-social-link-facebook' ><a target=\"_blank\" aria-label=\"Compartir en Facebook\" href='https:\/\/www.facebook.com\/sharer.php?u=https:\/\/radiorevelacionfm.cl\/?p=45896&#038;t=Renuevan%20convenio%20que%20permitir%C3%A1%20otorgar%20atenciones%20m%C3%A9dicas%20y%20de%20especialidades%20gratuitamente%20en%20la%20comuna%20de%20Coyhaique' aria-hidden='false' data-av_icon='\ue8f3' data-av_iconfont='entypo-fontello' title='' data-avia-related-tooltip='Compartir en Facebook' rel=\"noopener\"><span class='avia_hidden_link_text'>Compartir en Facebook<\/span><\/a><\/li><li class='av-share-link av-social-link-twitter' ><a target=\"_blank\" aria-label=\"Compartir en Twitter\" href='https:\/\/twitter.com\/share?text=Renuevan%20convenio%20que%20permitir%C3%A1%20otorgar%20atenciones%20m%C3%A9dicas%20y%20de%20especialidades%20gratuitamente%20en%20la%20comuna%20de%20Coyhaique&#038;url=https:\/\/radiorevelacionfm.cl\/?p=45896' aria-hidden='false' data-av_icon='\ue8f1' data-av_iconfont='entypo-fontello' title='' data-avia-related-tooltip='Compartir en Twitter' rel=\"noopener\"><span class='avia_hidden_link_text'>Compartir en Twitter<\/span><\/a><\/li><li class='av-share-link av-social-link-whatsapp' ><a target=\"_blank\" aria-label=\"Compartir en Whatsapp\" href='https:\/\/api.whatsapp.com\/send?text=https:\/\/radiorevelacionfm.cl\/?p=45896' aria-hidden='false' data-av_icon='\uf232' data-av_iconfont='entypo-fontello' title='' data-avia-related-tooltip='Compartir en Whatsapp' rel=\"noopener\"><span class='avia_hidden_link_text'>Compartir en Whatsapp<\/span><\/a><\/li><li class='av-share-link av-social-link-linkedin' ><a target=\"_blank\" aria-label=\"Compartir en LinkedIn\" href='https:\/\/linkedin.com\/shareArticle?mini=true&#038;title=Renuevan%20convenio%20que%20permitir%C3%A1%20otorgar%20atenciones%20m%C3%A9dicas%20y%20de%20especialidades%20gratuitamente%20en%20la%20comuna%20de%20Coyhaique&#038;url=https:\/\/radiorevelacionfm.cl\/?p=45896' aria-hidden='false' data-av_icon='\ue8fc' data-av_iconfont='entypo-fontello' title='' data-avia-related-tooltip='Compartir en LinkedIn' rel=\"noopener\"><span class='avia_hidden_link_text'>Compartir en LinkedIn<\/span><\/a><\/li><li class='av-share-link av-social-link-mail' ><a  aria-label=\"Compartir por correo\" href='mailto:?subject=Renuevan%20convenio%20que%20permitir%C3%A1%20otorgar%20atenciones%20m%C3%A9dicas%20y%20de%20especialidades%20gratuitamente%20en%20la%20comuna%20de%20Coyhaique&#038;body=https:\/\/radiorevelacionfm.cl\/?p=45896' aria-hidden='false' data-av_icon='\ue805' data-av_iconfont='entypo-fontello' title='' data-avia-related-tooltip='Compartir por correo'><span class='avia_hidden_link_text'>Compartir por correo<\/span><\/a><\/li><\/ul><\/div><\/div>\n<div  style='height:50px' class='hr hr-invisible   avia-builder-el-8  el_after_av_social_share  el_before_av_comments_list '><span class='hr-inner ' ><span class='hr-inner-style'><\/span><\/span><\/div>\n<div  class='av-buildercomment  av-blog-meta-html-info-disabled av-blog-meta-tag-disabled  '><\/div>\n","protected":false},"excerpt":{"rendered":"","protected":false},"author":1,"featured_media":45897,"comment_status":"open","ping_status":"open","sticky":false,"template":"","format":"standard","meta":{"footnotes":""},"categories":[38],"tags":[],"class_list":["post-45896","post","type-post","status-publish","format-standard","has-post-thumbnail","hentry","category-regional"],"jetpack_featured_media_url":"https:\/\/radiorevelacionfm.cl\/wp-content\/uploads\/2024\/09\/FirmaConvenio-1-1.jpeg","_links":{"self":[{"href":"https:\/\/radiorevelacionfm.cl\/index.php?rest_route=\/wp\/v2\/posts\/45896","targetHints":{"allow":["GET"]}}],"collection":[{"href":"https:\/\/radiorevelacionfm.cl\/index.php?rest_route=\/wp\/v2\/posts"}],"about":[{"href":"https:\/\/radiorevelacionfm.cl\/index.php?rest_route=\/wp\/v2\/types\/post"}],"author":[{"embeddable":true,"href":"https:\/\/radiorevelacionfm.cl\/index.php?rest_route=\/wp\/v2\/users\/1"}],"replies":[{"embeddable":true,"href":"https:\/\/radiorevelacionfm.cl\/index.php?rest_route=%2Fwp%2Fv2%2Fcomments&post=45896"}],"version-history":[{"count":1,"href":"https:\/\/radiorevelacionfm.cl\/index.php?rest_route=\/wp\/v2\/posts\/45896\/revisions"}],"predecessor-version":[{"id":45898,"href":"https:\/\/radiorevelacionfm.cl\/index.php?rest_route=\/wp\/v2\/posts\/45896\/revisions\/45898"}],"wp:featuredmedia":[{"embeddable":true,"href":"https:\/\/radiorevelacionfm.cl\/index.php?rest_route=\/wp\/v2\/media\/45897"}],"wp:attachment":[{"href":"https:\/\/radiorevelacionfm.cl\/index.php?rest_route=%2Fwp%2Fv2%2Fmedia&parent=45896"}],"wp:term":[{"taxonomy":"category","embeddable":true,"href":"https:\/\/radiorevelacionfm.cl\/index.php?rest_route=%2Fwp%2Fv2%2Fcategories&post=45896"},{"taxonomy":"post_tag","embeddable":true,"href":"https:\/\/radiorevelacionfm.cl\/index.php?rest_route=%2Fwp%2Fv2%2Ftags&post=45896"}],"curies":[{"name":"wp","href":"https:\/\/api.w.org\/{rel}","templated":true}]}}