{"id":45893,"date":"2024-09-05T20:19:28","date_gmt":"2024-09-05T23:19:28","guid":{"rendered":"https:\/\/radiorevelacionfm.cl\/?p=45893"},"modified":"2024-09-05T20:19:28","modified_gmt":"2024-09-05T23:19:28","slug":"autoridades-valoran-ratificacion-de-chile-y-formalizacion-del-convenio-176-de-seguridad-y-salud-en-la-mineria","status":"publish","type":"post","link":"https:\/\/radiorevelacionfm.cl\/?p=45893","title":{"rendered":"Autoridades valoran ratificaci\u00f3n de Chile y formalizaci\u00f3n del Convenio 176 de seguridad y salud en la miner\u00eda"},"content":{"rendered":"<div class=\"flex_column av_one_full  flex_column_div av-zero-column-padding first  avia-builder-el-0  el_before_av_one_full  avia-builder-el-first  \" style='border-radius:0px; '><div  class='avia-image-container  av-styling-    avia-builder-el-1  avia-builder-el-no-sibling  avia-align-center '  itemprop=\"image\" itemscope=\"itemscope\" itemtype=\"https:\/\/schema.org\/ImageObject\"  ><div class='avia-image-container-inner'><div class='avia-image-overlay-wrap'><img decoding=\"async\" class='wp-image-45894 avia-img-lazy-loading-not-45894 avia_image' src=\"https:\/\/radiorevelacionfm.cl\/wp-content\/uploads\/2024\/09\/Seremis_MarioSepulveda-1-1.jpg\" alt='' title='Seremis_MarioSepulveda (1) (1)' height=\"600\" width=\"833\"  itemprop=\"thumbnailUrl\" srcset=\"https:\/\/radiorevelacionfm.cl\/wp-content\/uploads\/2024\/09\/Seremis_MarioSepulveda-1-1.jpg 833w, https:\/\/radiorevelacionfm.cl\/wp-content\/uploads\/2024\/09\/Seremis_MarioSepulveda-1-1-300x216.jpg 300w, https:\/\/radiorevelacionfm.cl\/wp-content\/uploads\/2024\/09\/Seremis_MarioSepulveda-1-1-768x553.jpg 768w, https:\/\/radiorevelacionfm.cl\/wp-content\/uploads\/2024\/09\/Seremis_MarioSepulveda-1-1-705x508.jpg 705w, https:\/\/radiorevelacionfm.cl\/wp-content\/uploads\/2024\/09\/Seremis_MarioSepulveda-1-1-450x324.jpg 450w, https:\/\/radiorevelacionfm.cl\/wp-content\/uploads\/2024\/09\/Seremis_MarioSepulveda-1-1-600x432.jpg 600w\" sizes=\"(max-width: 833px) 100vw, 833px\" \/><\/div><\/div><\/div><\/div><div class=\"flex_column av_one_full  flex_column_div av-zero-column-padding first  avia-builder-el-2  el_after_av_one_full  el_before_av_one_full  column-top-margin\" style='border-radius:0px; '><section class=\"av_textblock_section \"  itemscope=\"itemscope\" itemtype=\"https:\/\/schema.org\/BlogPosting\" itemprop=\"blogPost\" ><div class='avia_textblock  '   itemprop=\"text\" ><p style=\"text-align: center;\"><span style=\"font-size: 18pt;\"><strong>Autoridades valoran ratificaci\u00f3n de Chile y formalizaci\u00f3n del Convenio 176 de seguridad y salud en la miner\u00eda<\/strong><\/span><\/p>\n<div id=\"gtx-trans\" style=\"position: absolute; left: -50px; top: 4.31534px;\">\n<div class=\"gtx-trans-icon\"><\/div>\n<\/div>\n<\/div><\/section><\/div><div class=\"flex_column av_one_full  flex_column_div av-zero-column-padding first  avia-builder-el-4  el_after_av_one_full  el_before_av_hr  column-top-margin\" style='border-radius:0px; '><section class=\"av_textblock_section \"  itemscope=\"itemscope\" itemtype=\"https:\/\/schema.org\/BlogPosting\" itemprop=\"blogPost\" ><div class='avia_textblock  '   itemprop=\"text\" ><p style=\"text-align: justify;\"><em>Finalizando el Mes de la Miner\u00eda, se destaca el dep\u00f3sito de la ratificaci\u00f3n del Convenio 176 de la OIT, instrumento que entrar\u00e1 en vigencia a mediados de 2025.<\/em><\/p>\n<p style=\"text-align: justify;\">Los Seremis de Trabajo y Previsi\u00f3n Social, Rodrigo D\u00edaz Cordaro y de Miner\u00eda, Juan V\u00e1squez Alarc\u00f3n destacaron la ratificaci\u00f3n por parte de Chile del Convenio 176 de la Organizaci\u00f3n Internacional del Trabajo (OIT), finalizando el mes de agosto, Mes de la Miner\u00eda. Chile es uno de los 35 pa\u00edses que han ratificado este convenio, que principalmente lo han hecho aquellas naciones donde la miner\u00eda tiene una alta preponderancia en la econom\u00eda, el cual trata sobre seguridad y salud en la miner\u00eda, y entrar\u00e1 en vigencia en el pa\u00eds a mediados de 2025.<\/p>\n<p style=\"text-align: justify;\">La Ministra del Trabajo y Previsi\u00f3n Social, Jeannette Jara realiz\u00f3 hace unas semanas en la sede de la OIT, en Ginebra, Suiza, el dep\u00f3sito del instrumento, en el contexto de la 112\u00b0 Conferencia Internacional del Trabajo que se desarrolla en el pa\u00eds europeo, a la cual asisti\u00f3 de forma tripartita, con representantes de trabajadores (CUT, CTC), empleadores (CPC) y parlamentarios.<\/p>\n<p style=\"text-align: justify;\">El Seremi de Trabajo y Previsi\u00f3n Social, Rodrigo D\u00edaz Cordaro, destac\u00f3 esta ratificaci\u00f3n, la cual es parte de la Agenda de Trabajo Decente que impulsa el Gobierno, \u201cPara el Ministerio de Trabajo y Previsi\u00f3n Social es fundamental que se haya depositado el Convenio 176 de la OIT. Para nuestro Gobierno, la miner\u00eda, y en principal para nuestra regi\u00f3n, en un sector productivo que da mucho trabajo, decente y de calidad, donde tenemos que seguir mejorando la salud y la seguridad en el trabajo, por eso es fundamental este convenio 176. As\u00ed que esperamos seguir profundiz\u00e1ndolo, ahora que estamos finalizando este mes del minero, siempre desde la visi\u00f3n de la seguridad y salud en el trabajo\u201d.<\/p>\n<p style=\"text-align: justify;\">A su vez, su par de Miner\u00eda, Juan V\u00e1squez, mencion\u00f3 sobre la pr\u00f3xima entrada en vigencia, \u201cEstamos ratificando ac\u00e1 la firma del Convenio 176 de la Organizaci\u00f3n Internacional del Trabajo. Desde el a\u00f1o \u00b495 estaba pendiente este compromiso de nuestro pa\u00eds nuestro Gobierno, a trav\u00e9s de la ministra del trabajo, hizo el dep\u00f3sito del acta, el cual va a estar en 12 meses m\u00e1s en funcionamiento. \u00bfY qu\u00e9 va a permitir? una mejor calidad de vida para los trabajadores del mundo de la miner\u00eda, para la empresa y rayar las canchas en la adecuaci\u00f3n en las legislaciones, para que los mineros y las mineras tengan mejor salud y mejores derechos laborales\u201d.<\/p>\n<p style=\"text-align: justify;\"><strong><u>Convenio 176<\/u><\/strong><\/p>\n<p style=\"text-align: justify;\">El 12 de diciembre de 2023 fue despachado por el Congreso el proyecto de acuerdo que ratifica el Convenio 176 de la OIT, que trata sobre seguridad y salud en las minas. Con anterioridad, tal como lo recomienda el organismo internacional, el instrumento fue abordado de manera tripartita, con participaci\u00f3n del gobierno, trabajadores y empleadores. Esto, en el marco de una subcomisi\u00f3n sectorial del Consejo Superior Laboral.<\/p>\n<p style=\"text-align: justify;\">En dicha subcomisi\u00f3n participaron tres representantes de la Coordinadora de Trabajadores y Trabajadoras de la Miner\u00eda (Ctmin), que coordina a las siete organizaciones nacionales de trabajadores y trabajadoras de la miner\u00eda (Confemin, CTC, Fesuc, FTC, FMC, Fesumin, y Fesam); tres de las organizaciones de empleadores (Consejo Minero, Sonami y Aprimin); y personeros de las carteras de Trabajo, Miner\u00eda y Econom\u00eda.<\/p>\n<p style=\"text-align: justify;\">La ministra Jara explic\u00f3 que, luego del dep\u00f3sito, el pa\u00eds debe adecuar la legislaci\u00f3n nacional al tratado internacional, que es una herramienta fundamental para el fortalecimiento de los derechos de las y los trabajadores del rubro minero, especialmente en relaci\u00f3n con el derecho a consulta y participaci\u00f3n en las medidas de seguridad y salud.<\/p>\n<p style=\"text-align: justify;\">El instrumento tambi\u00e9n entrega definiciones relevantes sobre los conceptos de \u201cmina\u201d y \u201cempleador\u201d, abarcando en este \u00faltimo \u00edtem a contratistas principales, contratistas y subcontratistas.<\/p>\n<p style=\"text-align: justify;\">Tambi\u00e9n precisa los derechos y obligaciones de trabajadores y empleadores del sector, adem\u00e1s de recomendar una serie de alcances para adecuar la legislaci\u00f3n a los contenidos del convenio, as\u00ed como la designaci\u00f3n de la autoridad competente encargada de vigilar y regular los diversos aspectos de la seguridad y salud en las minas, y facilitar servicios de inspecci\u00f3n adecuados para supervisar la aplicaci\u00f3n de medidas y dotarlos de los recursos necesarios para el cumplimiento de sus tareas.<\/p>\n<p style=\"text-align: justify;\">La ejecuci\u00f3n del convenio, en tanto, entrar\u00e1 en vigor doce meses despu\u00e9s de la fecha en que haya sido registrada su ratificaci\u00f3n ante la OIT.<\/p>\n<p style=\"text-align: justify;\"><strong><u>Seguridad y salud: testimonio de Mario Sep\u00falveda<\/u><\/strong><\/p>\n<p style=\"text-align: justify;\">En tanto, las autoridades conversaron con Mario Sep\u00falveda en Puerto Ays\u00e9n, minero sobreviviente del accidente de la Mina San Jos\u00e9, quien realiz\u00f3 una charla motivacional en la inauguraci\u00f3n del a\u00f1o acad\u00e9mico del CFT Estatal Ays\u00e9n, que se centr\u00f3 en el trabajo en equipo, seguridad y salud para llevar adelante el trabajo, lo cual siguieron estrictamente luego del accidente, esperando ser rescatados.<\/p>\n<p style=\"text-align: justify;\">Mario envi\u00f3 un mensaje a sus colegas mineros, \u201cQueridos amigos, queridos compa\u00f1eros mineros, les quiero mandar un saludo muy cordial, en este mes tan maravilloso como es el mes de la miner\u00eda. Yo los invito a que se cuiden, que hagan bien los trabajos, que hagan bien los desarrollo, que se afiaten y tengan buen compa\u00f1erismo para seguir avanzando, para seguir desarroll\u00e1ndonos en lo mejor que sabemos, siendo grandes mineros. Recuerden amigos, los esperan en sus casitas, compa\u00f1ero amigo, cu\u00eddese, los saluda un sobreviviente de la tierra, Mario Sep\u00falveda, minero rescatado de la Mina San Jos\u00e9, Copiap\u00f3, Chile\u201d, afirm\u00f3 emotivo en un video enviado a sus pares.<\/p>\n<\/div><\/section><\/div><div  style='height:50px' class='hr hr-invisible   avia-builder-el-6  el_after_av_one_full  el_before_av_social_share '><span class='hr-inner ' ><span class='hr-inner-style'><\/span><\/span><\/div><\/p>\n<div  class='av-social-sharing-box  avia-builder-el-7  el_after_av_hr  el_before_av_hr  '><div class='av-share-box'><h5 class='av-share-link-description av-no-toc '>Compartir esta noticia<\/h5><ul class='av-share-box-list noLightbox'><li class='av-share-link av-social-link-facebook' ><a target=\"_blank\" aria-label=\"Compartir en Facebook\" href='https:\/\/www.facebook.com\/sharer.php?u=https:\/\/radiorevelacionfm.cl\/?p=45893&#038;t=Autoridades%20valoran%20ratificaci%C3%B3n%20de%20Chile%20y%20formalizaci%C3%B3n%20del%20Convenio%20176%20de%20seguridad%20y%20salud%20en%20la%20miner%C3%ADa' aria-hidden='false' data-av_icon='\ue8f3' data-av_iconfont='entypo-fontello' title='' data-avia-related-tooltip='Compartir en Facebook' rel=\"noopener\"><span class='avia_hidden_link_text'>Compartir en Facebook<\/span><\/a><\/li><li class='av-share-link av-social-link-twitter' ><a target=\"_blank\" aria-label=\"Compartir en Twitter\" href='https:\/\/twitter.com\/share?text=Autoridades%20valoran%20ratificaci%C3%B3n%20de%20Chile%20y%20formalizaci%C3%B3n%20del%20Convenio%20176%20de%20seguridad%20y%20salud%20en%20la%20miner%C3%ADa&#038;url=https:\/\/radiorevelacionfm.cl\/?p=45893' aria-hidden='false' data-av_icon='\ue8f1' data-av_iconfont='entypo-fontello' title='' data-avia-related-tooltip='Compartir en Twitter' rel=\"noopener\"><span class='avia_hidden_link_text'>Compartir en Twitter<\/span><\/a><\/li><li class='av-share-link av-social-link-whatsapp' ><a target=\"_blank\" aria-label=\"Compartir en Whatsapp\" href='https:\/\/api.whatsapp.com\/send?text=https:\/\/radiorevelacionfm.cl\/?p=45893' aria-hidden='false' data-av_icon='\uf232' data-av_iconfont='entypo-fontello' title='' data-avia-related-tooltip='Compartir en Whatsapp' rel=\"noopener\"><span class='avia_hidden_link_text'>Compartir en Whatsapp<\/span><\/a><\/li><li class='av-share-link av-social-link-linkedin' ><a target=\"_blank\" aria-label=\"Compartir en LinkedIn\" href='https:\/\/linkedin.com\/shareArticle?mini=true&#038;title=Autoridades%20valoran%20ratificaci%C3%B3n%20de%20Chile%20y%20formalizaci%C3%B3n%20del%20Convenio%20176%20de%20seguridad%20y%20salud%20en%20la%20miner%C3%ADa&#038;url=https:\/\/radiorevelacionfm.cl\/?p=45893' aria-hidden='false' data-av_icon='\ue8fc' data-av_iconfont='entypo-fontello' title='' data-avia-related-tooltip='Compartir en LinkedIn' rel=\"noopener\"><span class='avia_hidden_link_text'>Compartir en LinkedIn<\/span><\/a><\/li><li class='av-share-link av-social-link-mail' ><a  aria-label=\"Compartir por correo\" href='mailto:?subject=Autoridades%20valoran%20ratificaci%C3%B3n%20de%20Chile%20y%20formalizaci%C3%B3n%20del%20Convenio%20176%20de%20seguridad%20y%20salud%20en%20la%20miner%C3%ADa&#038;body=https:\/\/radiorevelacionfm.cl\/?p=45893' aria-hidden='false' data-av_icon='\ue805' data-av_iconfont='entypo-fontello' title='' data-avia-related-tooltip='Compartir por correo'><span class='avia_hidden_link_text'>Compartir por correo<\/span><\/a><\/li><\/ul><\/div><\/div>\n<div  style='height:50px' class='hr hr-invisible   avia-builder-el-8  el_after_av_social_share  el_before_av_comments_list '><span class='hr-inner ' ><span class='hr-inner-style'><\/span><\/span><\/div>\n<div  class='av-buildercomment  av-blog-meta-html-info-disabled av-blog-meta-tag-disabled  '><\/div>\n","protected":false},"excerpt":{"rendered":"","protected":false},"author":1,"featured_media":45894,"comment_status":"open","ping_status":"open","sticky":false,"template":"","format":"standard","meta":{"footnotes":""},"categories":[56],"tags":[],"class_list":["post-45893","post","type-post","status-publish","format-standard","has-post-thumbnail","hentry","category-trabajo"],"jetpack_featured_media_url":"https:\/\/radiorevelacionfm.cl\/wp-content\/uploads\/2024\/09\/Seremis_MarioSepulveda-1-1.jpg","_links":{"self":[{"href":"https:\/\/radiorevelacionfm.cl\/index.php?rest_route=\/wp\/v2\/posts\/45893","targetHints":{"allow":["GET"]}}],"collection":[{"href":"https:\/\/radiorevelacionfm.cl\/index.php?rest_route=\/wp\/v2\/posts"}],"about":[{"href":"https:\/\/radiorevelacionfm.cl\/index.php?rest_route=\/wp\/v2\/types\/post"}],"author":[{"embeddable":true,"href":"https:\/\/radiorevelacionfm.cl\/index.php?rest_route=\/wp\/v2\/users\/1"}],"replies":[{"embeddable":true,"href":"https:\/\/radiorevelacionfm.cl\/index.php?rest_route=%2Fwp%2Fv2%2Fcomments&post=45893"}],"version-history":[{"count":1,"href":"https:\/\/radiorevelacionfm.cl\/index.php?rest_route=\/wp\/v2\/posts\/45893\/revisions"}],"predecessor-version":[{"id":45895,"href":"https:\/\/radiorevelacionfm.cl\/index.php?rest_route=\/wp\/v2\/posts\/45893\/revisions\/45895"}],"wp:featuredmedia":[{"embeddable":true,"href":"https:\/\/radiorevelacionfm.cl\/index.php?rest_route=\/wp\/v2\/media\/45894"}],"wp:attachment":[{"href":"https:\/\/radiorevelacionfm.cl\/index.php?rest_route=%2Fwp%2Fv2%2Fmedia&parent=45893"}],"wp:term":[{"taxonomy":"category","embeddable":true,"href":"https:\/\/radiorevelacionfm.cl\/index.php?rest_route=%2Fwp%2Fv2%2Fcategories&post=45893"},{"taxonomy":"post_tag","embeddable":true,"href":"https:\/\/radiorevelacionfm.cl\/index.php?rest_route=%2Fwp%2Fv2%2Ftags&post=45893"}],"curies":[{"name":"wp","href":"https:\/\/api.w.org\/{rel}","templated":true}]}}