{"id":45879,"date":"2024-09-05T15:13:14","date_gmt":"2024-09-05T18:13:14","guid":{"rendered":"https:\/\/radiorevelacionfm.cl\/?p=45879"},"modified":"2024-09-05T15:20:39","modified_gmt":"2024-09-05T18:20:39","slug":"juzgado-de-garantia-y-tribunal-de-juicio-oral-en-lo-penal-de-coyhaique-recibieron-la-visita-de-estudiantes-de-la-universidad-de-aysen","status":"publish","type":"post","link":"https:\/\/radiorevelacionfm.cl\/?p=45879","title":{"rendered":"Estudiantes de la Universidad de Ays\u00e9n realizan visita al Juzgado de Garant\u00eda y Tribunal de Juicio Oral en lo Penal de Coyhaique"},"content":{"rendered":"<div class=\"flex_column av_one_full  flex_column_div av-zero-column-padding first  avia-builder-el-0  el_before_av_one_full  avia-builder-el-first  \" style='border-radius:0px; '><div  class='avia-image-container  av-styling-    avia-builder-el-1  avia-builder-el-no-sibling  avia-align-center '  itemprop=\"image\" itemscope=\"itemscope\" itemtype=\"https:\/\/schema.org\/ImageObject\"  ><div class='avia-image-container-inner'><div class='avia-image-overlay-wrap'><img decoding=\"async\" class='wp-image-45880 avia-img-lazy-loading-not-45880 avia_image' src=\"https:\/\/radiorevelacionfm.cl\/wp-content\/uploads\/2024\/09\/foto-01-visita-universidad-aysen-1_optimized-1.jpg\" alt='' title='foto-01-visita-universidad-aysen-(1)_optimized (1)' height=\"600\" width=\"883\"  itemprop=\"thumbnailUrl\" srcset=\"https:\/\/radiorevelacionfm.cl\/wp-content\/uploads\/2024\/09\/foto-01-visita-universidad-aysen-1_optimized-1.jpg 883w, https:\/\/radiorevelacionfm.cl\/wp-content\/uploads\/2024\/09\/foto-01-visita-universidad-aysen-1_optimized-1-300x204.jpg 300w, https:\/\/radiorevelacionfm.cl\/wp-content\/uploads\/2024\/09\/foto-01-visita-universidad-aysen-1_optimized-1-768x522.jpg 768w, https:\/\/radiorevelacionfm.cl\/wp-content\/uploads\/2024\/09\/foto-01-visita-universidad-aysen-1_optimized-1-705x479.jpg 705w, https:\/\/radiorevelacionfm.cl\/wp-content\/uploads\/2024\/09\/foto-01-visita-universidad-aysen-1_optimized-1-450x306.jpg 450w, https:\/\/radiorevelacionfm.cl\/wp-content\/uploads\/2024\/09\/foto-01-visita-universidad-aysen-1_optimized-1-600x408.jpg 600w\" sizes=\"(max-width: 883px) 100vw, 883px\" \/><\/div><\/div><\/div><\/div>\n<div class=\"flex_column av_one_full  flex_column_div av-zero-column-padding first  avia-builder-el-2  el_after_av_one_full  el_before_av_one_full  column-top-margin\" style='border-radius:0px; '><section class=\"av_textblock_section \"  itemscope=\"itemscope\" itemtype=\"https:\/\/schema.org\/BlogPosting\" itemprop=\"blogPost\" ><div class='avia_textblock  '   itemprop=\"text\" ><p style=\"text-align: center;\"><strong><span style=\"font-size: 18pt;\">Estudiantes de la Universidad de Ays\u00e9n realizan visita al Juzgado de Garant\u00eda y Tribunal de Juicio Oral en lo Penal de Coyhaique<\/span><\/strong><\/p>\n<div id=\"gtx-trans\" style=\"position: absolute; left: -50px; top: 4.31534px;\">\n<div class=\"gtx-trans-icon\"><\/div>\n<\/div>\n<\/div><\/section><\/div><div class=\"flex_column av_one_full  flex_column_div av-zero-column-padding first  avia-builder-el-4  el_after_av_one_full  el_before_av_hr  column-top-margin\" style='border-radius:0px; '><section class=\"av_textblock_section \"  itemscope=\"itemscope\" itemtype=\"https:\/\/schema.org\/BlogPosting\" itemprop=\"blogPost\" ><div class='avia_textblock  '   itemprop=\"text\" ><p class=\"v1MsoNormal\" style=\"text-align: justify;\">Estudiantes de la carrera de Trabajo Social de la Universidad Ays\u00e9n visitaron la semana reci\u00e9n pasada las dependencias del Juzgado de Garant\u00eda y del Tribunal de Juicio Oral en lo Penal de Coyhaique. Instancia realizada con el objetivo de conocer la labor que realizan jueces y funcionarios.<\/p>\n<p class=\"v1MsoNormal\" style=\"text-align: justify;\">En la ocasi\u00f3n, los alumnos fueron recibidos por el magistrado Mario Devaud Ojeda y por el administrador del Juzgado de Garant\u00eda, Jaime Aguayo Curna, quien explic\u00f3 el funcionamiento y las etapas procesales del \u00e1mbito penal.<\/p>\n<p class=\"v1MsoNormal\" style=\"text-align: justify;\">\u00abEn el contexto de nuestra pol\u00edtica de apertura hacia la comunidad, quisimos convocar a los alumnos de la carrera de Trabajo Social de la Universidad Ays\u00e9n para darles a conocer las funciones que desarrolla el Juzgado de Garant\u00eda. En este sentido, los invitamos a presenciar una audiencia de control de detenci\u00f3n, donde le pudimos dar a conocer cu\u00e1l es el procedimiento en donde intervienen el Ministerio P\u00fablico, Defensor\u00eda Penal P\u00fablica y\u00a0 juez de garant\u00eda\u00bb, sostuvo Jaime Aguayo.<\/p>\n<p class=\"v1MsoNormal\" style=\"text-align: justify;\">En el recorrido, los estudiantes fueron acompa\u00f1ados por Luis Gonz\u00e1lez Aracena, abogado y profesor colaborador de la Universidad de Ays\u00e9n.<\/p>\n<p class=\"v1MsoNormal\" style=\"text-align: justify;\">\u00abEn el marco del proceso de formaci\u00f3n de estudiantes de la carrera de Trabajo Social de la Universidad Ays\u00e9n, concurrimos a una visita guiada con el curso de Trabajo Social, Derecho y Pericias, con estudiantes de tercero, cuarto y quinto a\u00f1o de la carrera. El curso pretende traerlos a una visita al lugar donde se desempe\u00f1ar\u00e1n en futuro como profesionales de Trabajo social, mediante la presentaci\u00f3n de pericias en juicios en sede, Tribunal de Garant\u00eda o Tribunal Oral\u00bb, sostuvo Luis Gonz\u00e1lez.<\/p>\n<p class=\"v1MsoNormal\" style=\"text-align: justify;\">Agreg\u00f3 que: \u00abla disponibilidad y disposici\u00f3n por parte de los tribunales siempre ha sido la m\u00e1s absoluta y eso como universidad lo agradecemos porque influye muy fuertemente en la formaci\u00f3n de nuestros estudiantes\u00bb.<\/p>\n<p class=\"v1MsoNormal\" style=\"text-align: justify;\">Finalmente, los j\u00f3venes visitaron el Tribunal de Juicio Oral en lo Penal, donde fueron recibidos por funcionarios quienes los aconsejaron y explicaron de la labor de los peritos en un juicio oral.<\/p>\n<\/div><\/section><\/div><\/p>\n<div  style='height:50px' class='hr hr-invisible   avia-builder-el-6  el_after_av_one_full  el_before_av_social_share '><span class='hr-inner ' ><span class='hr-inner-style'><\/span><\/span><\/div>\n<div  class='av-social-sharing-box  avia-builder-el-7  el_after_av_hr  el_before_av_hr  '><div class='av-share-box'><h5 class='av-share-link-description av-no-toc '>Compartir esta noticia<\/h5><ul class='av-share-box-list noLightbox'><li class='av-share-link av-social-link-facebook' ><a target=\"_blank\" aria-label=\"Compartir en Facebook\" href='https:\/\/www.facebook.com\/sharer.php?u=https:\/\/radiorevelacionfm.cl\/?p=45879&#038;t=Estudiantes%20de%20la%20Universidad%20de%20Ays%C3%A9n%20realizan%20visita%20al%20Juzgado%20de%20Garant%C3%ADa%20y%20Tribunal%20de%20Juicio%20Oral%20en%20lo%20Penal%20de%20Coyhaique' aria-hidden='false' data-av_icon='\ue8f3' data-av_iconfont='entypo-fontello' title='' data-avia-related-tooltip='Compartir en Facebook' rel=\"noopener\"><span class='avia_hidden_link_text'>Compartir en Facebook<\/span><\/a><\/li><li class='av-share-link av-social-link-twitter' ><a target=\"_blank\" aria-label=\"Compartir en Twitter\" href='https:\/\/twitter.com\/share?text=Estudiantes%20de%20la%20Universidad%20de%20Ays%C3%A9n%20realizan%20visita%20al%20Juzgado%20de%20Garant%C3%ADa%20y%20Tribunal%20de%20Juicio%20Oral%20en%20lo%20Penal%20de%20Coyhaique&#038;url=https:\/\/radiorevelacionfm.cl\/?p=45879' aria-hidden='false' data-av_icon='\ue8f1' data-av_iconfont='entypo-fontello' title='' data-avia-related-tooltip='Compartir en Twitter' rel=\"noopener\"><span class='avia_hidden_link_text'>Compartir en Twitter<\/span><\/a><\/li><li class='av-share-link av-social-link-whatsapp' ><a target=\"_blank\" aria-label=\"Compartir en Whatsapp\" href='https:\/\/api.whatsapp.com\/send?text=https:\/\/radiorevelacionfm.cl\/?p=45879' aria-hidden='false' data-av_icon='\uf232' data-av_iconfont='entypo-fontello' title='' data-avia-related-tooltip='Compartir en Whatsapp' rel=\"noopener\"><span class='avia_hidden_link_text'>Compartir en Whatsapp<\/span><\/a><\/li><li class='av-share-link av-social-link-linkedin' ><a target=\"_blank\" aria-label=\"Compartir en LinkedIn\" href='https:\/\/linkedin.com\/shareArticle?mini=true&#038;title=Estudiantes%20de%20la%20Universidad%20de%20Ays%C3%A9n%20realizan%20visita%20al%20Juzgado%20de%20Garant%C3%ADa%20y%20Tribunal%20de%20Juicio%20Oral%20en%20lo%20Penal%20de%20Coyhaique&#038;url=https:\/\/radiorevelacionfm.cl\/?p=45879' aria-hidden='false' data-av_icon='\ue8fc' data-av_iconfont='entypo-fontello' title='' data-avia-related-tooltip='Compartir en LinkedIn' rel=\"noopener\"><span class='avia_hidden_link_text'>Compartir en LinkedIn<\/span><\/a><\/li><li class='av-share-link av-social-link-mail' ><a  aria-label=\"Compartir por correo\" href='mailto:?subject=Estudiantes%20de%20la%20Universidad%20de%20Ays%C3%A9n%20realizan%20visita%20al%20Juzgado%20de%20Garant%C3%ADa%20y%20Tribunal%20de%20Juicio%20Oral%20en%20lo%20Penal%20de%20Coyhaique&#038;body=https:\/\/radiorevelacionfm.cl\/?p=45879' aria-hidden='false' data-av_icon='\ue805' data-av_iconfont='entypo-fontello' title='' data-avia-related-tooltip='Compartir por correo'><span class='avia_hidden_link_text'>Compartir por correo<\/span><\/a><\/li><\/ul><\/div><\/div>\n<div  style='height:50px' class='hr hr-invisible   avia-builder-el-8  el_after_av_social_share  el_before_av_comments_list '><span class='hr-inner ' ><span class='hr-inner-style'><\/span><\/span><\/div>\n<div  class='av-buildercomment  av-blog-meta-html-info-disabled av-blog-meta-tag-disabled  '><\/div>\n","protected":false},"excerpt":{"rendered":"","protected":false},"author":1,"featured_media":45880,"comment_status":"open","ping_status":"open","sticky":false,"template":"","format":"standard","meta":{"footnotes":""},"categories":[55],"tags":[],"class_list":["post-45879","post","type-post","status-publish","format-standard","has-post-thumbnail","hentry","category-justicia"],"jetpack_featured_media_url":"https:\/\/radiorevelacionfm.cl\/wp-content\/uploads\/2024\/09\/foto-01-visita-universidad-aysen-1_optimized-1.jpg","_links":{"self":[{"href":"https:\/\/radiorevelacionfm.cl\/index.php?rest_route=\/wp\/v2\/posts\/45879","targetHints":{"allow":["GET"]}}],"collection":[{"href":"https:\/\/radiorevelacionfm.cl\/index.php?rest_route=\/wp\/v2\/posts"}],"about":[{"href":"https:\/\/radiorevelacionfm.cl\/index.php?rest_route=\/wp\/v2\/types\/post"}],"author":[{"embeddable":true,"href":"https:\/\/radiorevelacionfm.cl\/index.php?rest_route=\/wp\/v2\/users\/1"}],"replies":[{"embeddable":true,"href":"https:\/\/radiorevelacionfm.cl\/index.php?rest_route=%2Fwp%2Fv2%2Fcomments&post=45879"}],"version-history":[{"count":3,"href":"https:\/\/radiorevelacionfm.cl\/index.php?rest_route=\/wp\/v2\/posts\/45879\/revisions"}],"predecessor-version":[{"id":45919,"href":"https:\/\/radiorevelacionfm.cl\/index.php?rest_route=\/wp\/v2\/posts\/45879\/revisions\/45919"}],"wp:featuredmedia":[{"embeddable":true,"href":"https:\/\/radiorevelacionfm.cl\/index.php?rest_route=\/wp\/v2\/media\/45880"}],"wp:attachment":[{"href":"https:\/\/radiorevelacionfm.cl\/index.php?rest_route=%2Fwp%2Fv2%2Fmedia&parent=45879"}],"wp:term":[{"taxonomy":"category","embeddable":true,"href":"https:\/\/radiorevelacionfm.cl\/index.php?rest_route=%2Fwp%2Fv2%2Fcategories&post=45879"},{"taxonomy":"post_tag","embeddable":true,"href":"https:\/\/radiorevelacionfm.cl\/index.php?rest_route=%2Fwp%2Fv2%2Ftags&post=45879"}],"curies":[{"name":"wp","href":"https:\/\/api.w.org\/{rel}","templated":true}]}}