{"id":45875,"date":"2024-09-04T18:46:06","date_gmt":"2024-09-04T21:46:06","guid":{"rendered":"https:\/\/radiorevelacionfm.cl\/?p=45875"},"modified":"2024-09-04T18:46:06","modified_gmt":"2024-09-04T21:46:06","slug":"gobierno-en-terreno-llega-a-islas-huichas-y-realiza-jornada-de-plaza-ciudadana-con-la-comunidad","status":"publish","type":"post","link":"https:\/\/radiorevelacionfm.cl\/?p=45875","title":{"rendered":"Gobierno en Terreno llega a Islas Huichas y realiza jornada de Plaza Ciudadana con la comunidad"},"content":{"rendered":"<div class=\"flex_column av_one_full  flex_column_div av-zero-column-padding first  avia-builder-el-0  el_before_av_one_full  avia-builder-el-first  \" style='border-radius:0px; '><div  class='avia-image-container  av-styling-    avia-builder-el-1  avia-builder-el-no-sibling  avia-align-center '  itemprop=\"image\" itemscope=\"itemscope\" itemtype=\"https:\/\/schema.org\/ImageObject\"  ><div class='avia-image-container-inner'><div class='avia-image-overlay-wrap'><img decoding=\"async\" class='wp-image-45876 avia-img-lazy-loading-not-45876 avia_image' src=\"https:\/\/radiorevelacionfm.cl\/wp-content\/uploads\/2024\/09\/foto-islas-huichas-1_optimized-1.jpeg\" alt='' title='foto-islas-huichas-(1)_optimized (1)' height=\"600\" width=\"1067\"  itemprop=\"thumbnailUrl\" srcset=\"https:\/\/radiorevelacionfm.cl\/wp-content\/uploads\/2024\/09\/foto-islas-huichas-1_optimized-1.jpeg 1067w, https:\/\/radiorevelacionfm.cl\/wp-content\/uploads\/2024\/09\/foto-islas-huichas-1_optimized-1-300x169.jpeg 300w, https:\/\/radiorevelacionfm.cl\/wp-content\/uploads\/2024\/09\/foto-islas-huichas-1_optimized-1-1030x579.jpeg 1030w, https:\/\/radiorevelacionfm.cl\/wp-content\/uploads\/2024\/09\/foto-islas-huichas-1_optimized-1-768x432.jpeg 768w, https:\/\/radiorevelacionfm.cl\/wp-content\/uploads\/2024\/09\/foto-islas-huichas-1_optimized-1-705x396.jpeg 705w, https:\/\/radiorevelacionfm.cl\/wp-content\/uploads\/2024\/09\/foto-islas-huichas-1_optimized-1-450x253.jpeg 450w, https:\/\/radiorevelacionfm.cl\/wp-content\/uploads\/2024\/09\/foto-islas-huichas-1_optimized-1-600x337.jpeg 600w\" sizes=\"(max-width: 1067px) 100vw, 1067px\" \/><\/div><\/div><\/div><\/div><div class=\"flex_column av_one_full  flex_column_div av-zero-column-padding first  avia-builder-el-2  el_after_av_one_full  el_before_av_one_full  column-top-margin\" style='border-radius:0px; '><section class=\"av_textblock_section \"  itemscope=\"itemscope\" itemtype=\"https:\/\/schema.org\/BlogPosting\" itemprop=\"blogPost\" ><div class='avia_textblock  '   itemprop=\"text\" ><p style=\"text-align: center;\"><strong><span style=\"font-size: 18pt;\">Gobierno en Terreno llega a Islas Huichas y realiza jornada de Plaza Ciudadana con la comunidad<\/span><\/strong><\/p>\n<div id=\"gtx-trans\" style=\"position: absolute; left: -50px; top: 4.31534px;\">\n<div class=\"gtx-trans-icon\"><\/div>\n<\/div>\n<\/div><\/section><\/div><div class=\"flex_column av_one_full  flex_column_div av-zero-column-padding first  avia-builder-el-4  el_after_av_one_full  el_before_av_hr  column-top-margin\" style='border-radius:0px; '><section class=\"av_textblock_section \"  itemscope=\"itemscope\" itemtype=\"https:\/\/schema.org\/BlogPosting\" itemprop=\"blogPost\" ><div class='avia_textblock  '   itemprop=\"text\" ><p style=\"text-align: justify;\"><em>Con el apoyo de la Armada de Chile para arribar a la Isla, el seremi de Agricultura, Eugenio Ruiz, junto a representantes de la Delegaci\u00f3n Presidencial Provincial de Ays\u00e9n, servicios del agro, Subpesca y Sernapesca, estuvieron presentes una nueva jornada ciudadana. <\/em><\/p>\n<p style=\"text-align: justify;\">El Gobierno a trav\u00e9s de sus servicios p\u00fablicos se desplegaron el pasado jueves por Puerto Aguirre, en el archipi\u00e9lago de Islas Huichas, junto al seremi de Agricultura, Eugenio Ruiz, profesionales de la Delegaci\u00f3n Presidencial Provincial de Ays\u00e9n, Indap, Conaf, Sence, IPS, Sernapesca y Subpesca, donde impulsaron el desarrollo de instancias ciudadanas, adem\u00e1s de visitas de coordinaci\u00f3n en terreno a equipos de los respectivos servicios vinculados.<\/p>\n<p style=\"text-align: justify;\">En palabras del delegado Presidencial Provincial de Ays\u00e9n, Jorge D\u00edaz Guzm\u00e1n, \u00abuna vez m\u00e1s el equipo de Gobierno en Terreno de la Delegaci\u00f3n Presidencial Provincial se desplaz\u00f3 a Islas Huichas, Puerto Aguirre, donde diversos servicios p\u00fablicos tomaron contacto con la comunidad ya que para nosotros es muy relevante desplazarnos donde los servicios p\u00fablicos no est\u00e1n permanentemente, as\u00ed que fue todo un \u00e9xito y seguiremos traslad\u00e1ndonos a los lugares m\u00e1s remotos de la provincia de Ays\u00e9n para satisfacer las necesidades de nuestra comunidad provincial\u00bb.<\/p>\n<p style=\"text-align: justify;\">La jornada dio inicio con una visita encabezada por la autoridad regional de Agricultura junto al equipo del \u00e1rea social y de seguridad de la Delegaci\u00f3n Presidencial Provincial Ays\u00e9n, y Prodesal de INDAP, quienes arribaron al Parque Urbano La Poza para conversar con las trabajadoras y trabajadores de Conaf, levantando inquietudes del territorio y coordinando materias sobre postulaciones a cursos y bonos, entre otras.<\/p>\n<p style=\"text-align: justify;\">\u201cEn Huichas tambi\u00e9n llegamos a la Isla Pilcomayo, donde hacemos valer el mandato del presidente Gabriel Boric de llegar a los territorios m\u00e1s aislados del pa\u00eds. Ah\u00ed visitamos a la vecina y usuaria de INDAP, Rosa Vidal, quien con el apoyo del Ministerio de Agricultura logr\u00f3 levantar un invernadero y producir huevos de gallinas libres. Ahora pudimos conversar sobre su proceso y los apoyos p\u00fablicos a los que pueda optar, en el sentido que toda l\u00ednea de acci\u00f3n nazca desde y para el territorio\u201d, sostuvo el seremi Eugenio Ruiz.<\/p>\n<p style=\"text-align: justify;\">Posterior a esta visita, la jornada de despliegue finaliz\u00f3 en el desarrollo de una Plaza Ciudadana, de acuerdo con el programa de \u201cGobierno en Terreno\u201d, desde el gimnasio de la Ilustre Municipalidad de Puerto Aguirre, donde m\u00e1s de 30 vecinas y vecinos acogieron la convocatoria p\u00fablica para informarse sobre la agenda program\u00e1tica del Gobierno, extender inquietudes y realizar tr\u00e1mites presenciales con los servicios presentes.<\/p>\n<p style=\"text-align: justify;\">En este contexto, la vecina de Puerto Aguirre, Tamara Oyarzo, se\u00f1al\u00f3 que \u201cpara m\u00ed es importante, y para toda la gente, porque que venga el Gobierno con sus servicios ac\u00e1 es relevante. Es muy dif\u00edcil y muy a trasmano salir a hacer tr\u00e1mites hasta Puerto Ays\u00e9n, y las cosas que se pueden hacer ac\u00e1 son m\u00ednimas, as\u00ed que este despliegue fue muy favorable para toda la comunidad, adem\u00e1s de un ahorro para nuestro bolsillo\u201d<strong>.<\/strong><\/p>\n<\/div><\/section><\/div><div  style='height:50px' class='hr hr-invisible   avia-builder-el-6  el_after_av_one_full  el_before_av_social_share '><span class='hr-inner ' ><span class='hr-inner-style'><\/span><\/span><\/div><\/p>\n<div  class='av-social-sharing-box  avia-builder-el-7  el_after_av_hr  el_before_av_hr  '><div class='av-share-box'><h5 class='av-share-link-description av-no-toc '>Compartir esta noticia<\/h5><ul class='av-share-box-list noLightbox'><li class='av-share-link av-social-link-facebook' ><a target=\"_blank\" aria-label=\"Compartir en Facebook\" href='https:\/\/www.facebook.com\/sharer.php?u=https:\/\/radiorevelacionfm.cl\/?p=45875&#038;t=Gobierno%20en%20Terreno%20llega%20a%20Islas%20Huichas%20y%20realiza%20jornada%20de%20Plaza%20Ciudadana%20con%20la%20comunidad' aria-hidden='false' data-av_icon='\ue8f3' data-av_iconfont='entypo-fontello' title='' data-avia-related-tooltip='Compartir en Facebook' rel=\"noopener\"><span class='avia_hidden_link_text'>Compartir en Facebook<\/span><\/a><\/li><li class='av-share-link av-social-link-twitter' ><a target=\"_blank\" aria-label=\"Compartir en Twitter\" href='https:\/\/twitter.com\/share?text=Gobierno%20en%20Terreno%20llega%20a%20Islas%20Huichas%20y%20realiza%20jornada%20de%20Plaza%20Ciudadana%20con%20la%20comunidad&#038;url=https:\/\/radiorevelacionfm.cl\/?p=45875' aria-hidden='false' data-av_icon='\ue8f1' data-av_iconfont='entypo-fontello' title='' data-avia-related-tooltip='Compartir en Twitter' rel=\"noopener\"><span class='avia_hidden_link_text'>Compartir en Twitter<\/span><\/a><\/li><li class='av-share-link av-social-link-whatsapp' ><a target=\"_blank\" aria-label=\"Compartir en Whatsapp\" href='https:\/\/api.whatsapp.com\/send?text=https:\/\/radiorevelacionfm.cl\/?p=45875' aria-hidden='false' data-av_icon='\uf232' data-av_iconfont='entypo-fontello' title='' data-avia-related-tooltip='Compartir en Whatsapp' rel=\"noopener\"><span class='avia_hidden_link_text'>Compartir en Whatsapp<\/span><\/a><\/li><li class='av-share-link av-social-link-linkedin' ><a target=\"_blank\" aria-label=\"Compartir en LinkedIn\" href='https:\/\/linkedin.com\/shareArticle?mini=true&#038;title=Gobierno%20en%20Terreno%20llega%20a%20Islas%20Huichas%20y%20realiza%20jornada%20de%20Plaza%20Ciudadana%20con%20la%20comunidad&#038;url=https:\/\/radiorevelacionfm.cl\/?p=45875' aria-hidden='false' data-av_icon='\ue8fc' data-av_iconfont='entypo-fontello' title='' data-avia-related-tooltip='Compartir en LinkedIn' rel=\"noopener\"><span class='avia_hidden_link_text'>Compartir en LinkedIn<\/span><\/a><\/li><li class='av-share-link av-social-link-mail' ><a  aria-label=\"Compartir por correo\" href='mailto:?subject=Gobierno%20en%20Terreno%20llega%20a%20Islas%20Huichas%20y%20realiza%20jornada%20de%20Plaza%20Ciudadana%20con%20la%20comunidad&#038;body=https:\/\/radiorevelacionfm.cl\/?p=45875' aria-hidden='false' data-av_icon='\ue805' data-av_iconfont='entypo-fontello' title='' data-avia-related-tooltip='Compartir por correo'><span class='avia_hidden_link_text'>Compartir por correo<\/span><\/a><\/li><\/ul><\/div><\/div>\n<div  style='height:50px' class='hr hr-invisible   avia-builder-el-8  el_after_av_social_share  el_before_av_comments_list '><span class='hr-inner ' ><span class='hr-inner-style'><\/span><\/span><\/div>\n<div  class='av-buildercomment  av-blog-meta-html-info-disabled av-blog-meta-tag-disabled  '><\/div>\n","protected":false},"excerpt":{"rendered":"","protected":false},"author":1,"featured_media":45876,"comment_status":"open","ping_status":"open","sticky":false,"template":"","format":"standard","meta":{"footnotes":""},"categories":[38],"tags":[],"class_list":["post-45875","post","type-post","status-publish","format-standard","has-post-thumbnail","hentry","category-regional"],"jetpack_featured_media_url":"https:\/\/radiorevelacionfm.cl\/wp-content\/uploads\/2024\/09\/foto-islas-huichas-1_optimized-1.jpeg","_links":{"self":[{"href":"https:\/\/radiorevelacionfm.cl\/index.php?rest_route=\/wp\/v2\/posts\/45875","targetHints":{"allow":["GET"]}}],"collection":[{"href":"https:\/\/radiorevelacionfm.cl\/index.php?rest_route=\/wp\/v2\/posts"}],"about":[{"href":"https:\/\/radiorevelacionfm.cl\/index.php?rest_route=\/wp\/v2\/types\/post"}],"author":[{"embeddable":true,"href":"https:\/\/radiorevelacionfm.cl\/index.php?rest_route=\/wp\/v2\/users\/1"}],"replies":[{"embeddable":true,"href":"https:\/\/radiorevelacionfm.cl\/index.php?rest_route=%2Fwp%2Fv2%2Fcomments&post=45875"}],"version-history":[{"count":1,"href":"https:\/\/radiorevelacionfm.cl\/index.php?rest_route=\/wp\/v2\/posts\/45875\/revisions"}],"predecessor-version":[{"id":45877,"href":"https:\/\/radiorevelacionfm.cl\/index.php?rest_route=\/wp\/v2\/posts\/45875\/revisions\/45877"}],"wp:featuredmedia":[{"embeddable":true,"href":"https:\/\/radiorevelacionfm.cl\/index.php?rest_route=\/wp\/v2\/media\/45876"}],"wp:attachment":[{"href":"https:\/\/radiorevelacionfm.cl\/index.php?rest_route=%2Fwp%2Fv2%2Fmedia&parent=45875"}],"wp:term":[{"taxonomy":"category","embeddable":true,"href":"https:\/\/radiorevelacionfm.cl\/index.php?rest_route=%2Fwp%2Fv2%2Fcategories&post=45875"},{"taxonomy":"post_tag","embeddable":true,"href":"https:\/\/radiorevelacionfm.cl\/index.php?rest_route=%2Fwp%2Fv2%2Ftags&post=45875"}],"curies":[{"name":"wp","href":"https:\/\/api.w.org\/{rel}","templated":true}]}}