{"id":4587,"date":"2021-05-27T16:34:05","date_gmt":"2021-05-27T19:34:05","guid":{"rendered":"https:\/\/radiorevelacionfm.cl\/?p=4587"},"modified":"2021-05-27T16:38:46","modified_gmt":"2021-05-27T19:38:46","slug":"core-destaco-distribucion-de-instrumentos-musicales-como-muestra-del-compromiso-con-la-cultura-en-aysen","status":"publish","type":"post","link":"https:\/\/radiorevelacionfm.cl\/?p=4587","title":{"rendered":"CORE destac\u00f3 distribuci\u00f3n de instrumentos musicales como muestra del compromiso con la cultura en Ays\u00e9n"},"content":{"rendered":"<div class=\"flex_column av_one_full  flex_column_div av-zero-column-padding first  avia-builder-el-0  el_before_av_one_full  avia-builder-el-first  \" style='border-radius:0px; '><div  class='avia-image-container  av-styling-    avia-builder-el-1  avia-builder-el-no-sibling  avia-align-center '  itemprop=\"image\" itemscope=\"itemscope\" itemtype=\"https:\/\/schema.org\/ImageObject\"  ><div class='avia-image-container-inner'><div class='avia-image-overlay-wrap'><img decoding=\"async\" class='wp-image-0 avia-img-lazy-loading-not-0 avia_image' src=\"https:\/\/radiorevelacionfm.cl\/wp-content\/uploads\/2021\/05\/Instrumentos2-1-1.jpg\" alt='' title=''   itemprop=\"thumbnailUrl\"  \/><\/div><\/div><\/div><\/div><div class=\"flex_column av_one_full  flex_column_div av-zero-column-padding first  avia-builder-el-2  el_after_av_one_full  el_before_av_one_full  column-top-margin\" style='border-radius:0px; '><section class=\"av_textblock_section \"  itemscope=\"itemscope\" itemtype=\"https:\/\/schema.org\/BlogPosting\" itemprop=\"blogPost\" ><div class='avia_textblock  '   itemprop=\"text\" ><p style=\"text-align: center;\"><span style=\"font-size: 18pt;\"><strong>CORE destac\u00f3 distribuci\u00f3n de instrumentos musicales como muestra del compromiso con la cultura en Ays\u00e9n<\/strong><\/span><\/p>\n<div id=\"gtx-trans\" style=\"position: absolute; left: -50px; top: 4.31534px;\">\n<div class=\"gtx-trans-icon\"><\/div>\n<\/div>\n<\/div><\/section><\/div><div class=\"flex_column av_one_full  flex_column_div av-zero-column-padding first  avia-builder-el-4  el_after_av_one_full  el_before_av_hr  column-top-margin\" style='border-radius:0px; '><section class=\"av_textblock_section \"  itemscope=\"itemscope\" itemtype=\"https:\/\/schema.org\/BlogPosting\" itemprop=\"blogPost\" ><div class='avia_textblock  '   itemprop=\"text\" ><p class=\"v1MsoNormal\" style=\"text-align: justify;\"><span lang=\"ES-MX\">Como una muestra de los frutos del trabajo asociativo y del compromiso del Consejo Regional con un desarrollo descentralizado de la cultura, fue calificada la distribuci\u00f3n de instrumentos musicales, por parte de la Fundaci\u00f3n de Orquestas Juveniles e Infantiles de Chile (FOJI).<\/span><\/p>\n<p class=\"v1MsoNormal\" style=\"text-align: justify;\"><span lang=\"ES-MX\">Se trata de instrumentos priorizados por 17 orquestas, donde participan cerca de 500 estudiantes de las diez comunas de la regi\u00f3n, gestionados mediante un convenio entre la Fundaci\u00f3n y los municipios.<\/span><\/p>\n<p class=\"v1MsoNormal\" style=\"text-align: justify;\"><span lang=\"ES-MX\">La directora ejecutiva de la Fundaci\u00f3n de Orquestas, Alejandra Kantor, destac\u00f3 que esta iniciativa se enmarca en los 20 a\u00f1os de aniversario institucional. \u00a0\u00abEstamos entregando instrumentos musicales a 17 orquestas beneficiadas gracias al catastro que tiene la Fundaci\u00f3n de las orquestas de la regi\u00f3n. Llegamos a las diez comunas, estamos orgullosos\u00bb, destac\u00f3.<\/span><\/p>\n<p class=\"v1MsoNormal\" style=\"text-align: justify;\"><span lang=\"ES-MX\">La consejera y gobernadora electa de Ays\u00e9n, Andrea Mac\u00edas, dijo que la integraci\u00f3n institucional y la cultura son fundamentales para el desarrollo regional.<\/span><\/p>\n<p class=\"v1MsoNormal\" style=\"text-align: justify;\"><span lang=\"ES-MX\">\u00abC\u00f3mo vamos de manera colaborativa, en conjunto, con el Gobierno Regional, con la Fundaci\u00f3n, con nuestras orquestas, con los municipios, para estar efectivamente en los territorios, avanzando en iniciativas que nos permitan como Gobierno Regional apoyar en materia de financiamiento. El Gobierno Regional debe volverse a los territorios, nuestros recursos deben estar pensados en las comunidades, en las personas y eso significa apoyar fuertemente el \u00e1mbito de la cultura y las artes\u00bb.<\/span><\/p>\n<p class=\"v1MsoNormal\" style=\"text-align: justify;\"><span lang=\"ES-MX\">El presidente de la Comisi\u00f3n de Desarrollo Social, Cultural y Deportivo del CORE, Gustavo Villarroel, dijo que para fortalecer el trabajo que se realiza a trav\u00e9s del Fondo 6% ahora ser\u00eda favorable un programa espec\u00edfico con fondos regionales.<\/span><\/p>\n<p class=\"v1MsoNormal\" style=\"text-align: justify;\"><span lang=\"ES-MX\">\u00abPretendemos avanzar en una l\u00ednea, que es la de poder incorporar al Gobierno Regional con su Consejo Regional en establecer convenios de programaci\u00f3n con todas aquellas instituciones, que permitan avanzar en la cultura en nuestra regi\u00f3n. Con este esfuerzo pudi\u00e9ramos llegar a los lugares m\u00e1s alejados de la regi\u00f3n, que se la merecen tanto como quienes est\u00e1n en la capital de Ays\u00e9n o Santiago\u00bb, recalc\u00f3.<\/span><\/p>\n<p class=\"v1MsoNormal\" style=\"text-align: justify;\"><span lang=\"ES-MX\">En nombre de las organizaciones favorecidas, la directora de la Escuela de M\u00fasica de Coyhaique, Magdalena Rosas, resalt\u00f3 la importancia de la cultura en el desarrollo individual y colectivo.<\/span><\/p>\n<p class=\"v1MsoNormal\" style=\"text-align: justify;\"><span lang=\"ES-MX\">\u00abLa m\u00fasica es un factor de transformaci\u00f3n social y no es teor\u00eda, lo vivimos. En 28 a\u00f1os podemos decir que hemos ayudado a transformar nuestra comunidad, que tiene m\u00e1s m\u00fasica, orquesta, programas musicales y nos llega de alegr\u00eda y orgullo que estamos en las diez comunas y que es importante y significativo para la vida de los ni\u00f1os\u00bb, concluy\u00f3.<\/span><\/p>\n<p class=\"v1MsoNormal\" style=\"text-align: justify;\"><span lang=\"ES-MX\">La distribuci\u00f3n de los instrumentos cont\u00f3 con apoyo de la FACH y del Liceo Josefina Aguirre como sede regional, para su posterior entrega a cada una de las 17 orquestas locales.<\/span><\/p>\n<\/div><\/section><\/div><div  style='height:50px' class='hr hr-invisible   avia-builder-el-6  el_after_av_one_full  el_before_av_social_share '><span class='hr-inner ' ><span class='hr-inner-style'><\/span><\/span><\/div><\/p>\n<div  class='av-social-sharing-box  avia-builder-el-7  el_after_av_hr  el_before_av_hr  '><div class='av-share-box'><h5 class='av-share-link-description av-no-toc '>Compartir esta noticia<\/h5><ul class='av-share-box-list noLightbox'><li class='av-share-link av-social-link-facebook' ><a target=\"_blank\" aria-label=\"Compartir en Facebook\" href='https:\/\/www.facebook.com\/sharer.php?u=https:\/\/radiorevelacionfm.cl\/?p=4587&#038;t=CORE%20destac%C3%B3%20distribuci%C3%B3n%20de%20instrumentos%20musicales%20como%20muestra%20del%20compromiso%20con%20la%20cultura%20en%20Ays%C3%A9n' aria-hidden='false' data-av_icon='\ue8f3' data-av_iconfont='entypo-fontello' title='' data-avia-related-tooltip='Compartir en Facebook' rel=\"noopener\"><span class='avia_hidden_link_text'>Compartir en Facebook<\/span><\/a><\/li><li class='av-share-link av-social-link-twitter' ><a target=\"_blank\" aria-label=\"Compartir en Twitter\" href='https:\/\/twitter.com\/share?text=CORE%20destac%C3%B3%20distribuci%C3%B3n%20de%20instrumentos%20musicales%20como%20muestra%20del%20compromiso%20con%20la%20cultura%20en%20Ays%C3%A9n&#038;url=https:\/\/radiorevelacionfm.cl\/?p=4587' aria-hidden='false' data-av_icon='\ue8f1' data-av_iconfont='entypo-fontello' title='' data-avia-related-tooltip='Compartir en Twitter' rel=\"noopener\"><span class='avia_hidden_link_text'>Compartir en Twitter<\/span><\/a><\/li><li class='av-share-link av-social-link-whatsapp' ><a target=\"_blank\" aria-label=\"Compartir en Whatsapp\" href='https:\/\/api.whatsapp.com\/send?text=https:\/\/radiorevelacionfm.cl\/?p=4587' aria-hidden='false' data-av_icon='\uf232' data-av_iconfont='entypo-fontello' title='' data-avia-related-tooltip='Compartir en Whatsapp' rel=\"noopener\"><span class='avia_hidden_link_text'>Compartir en Whatsapp<\/span><\/a><\/li><li class='av-share-link av-social-link-linkedin' ><a target=\"_blank\" aria-label=\"Compartir en LinkedIn\" href='https:\/\/linkedin.com\/shareArticle?mini=true&#038;title=CORE%20destac%C3%B3%20distribuci%C3%B3n%20de%20instrumentos%20musicales%20como%20muestra%20del%20compromiso%20con%20la%20cultura%20en%20Ays%C3%A9n&#038;url=https:\/\/radiorevelacionfm.cl\/?p=4587' aria-hidden='false' data-av_icon='\ue8fc' data-av_iconfont='entypo-fontello' title='' data-avia-related-tooltip='Compartir en LinkedIn' rel=\"noopener\"><span class='avia_hidden_link_text'>Compartir en LinkedIn<\/span><\/a><\/li><li class='av-share-link av-social-link-mail' ><a  aria-label=\"Compartir por correo\" href='mailto:?subject=CORE%20destac%C3%B3%20distribuci%C3%B3n%20de%20instrumentos%20musicales%20como%20muestra%20del%20compromiso%20con%20la%20cultura%20en%20Ays%C3%A9n&#038;body=https:\/\/radiorevelacionfm.cl\/?p=4587' aria-hidden='false' data-av_icon='\ue805' data-av_iconfont='entypo-fontello' title='' data-avia-related-tooltip='Compartir por correo'><span class='avia_hidden_link_text'>Compartir por correo<\/span><\/a><\/li><\/ul><\/div><\/div>\n<div  style='height:50px' class='hr hr-invisible   avia-builder-el-8  el_after_av_social_share  el_before_av_comments_list '><span class='hr-inner ' ><span class='hr-inner-style'><\/span><\/span><\/div>\n<div  class='av-buildercomment  av-blog-meta-html-info-disabled av-blog-meta-tag-disabled  '><\/div>\n","protected":false},"excerpt":{"rendered":"","protected":false},"author":1,"featured_media":0,"comment_status":"open","ping_status":"open","sticky":false,"template":"","format":"standard","meta":{"footnotes":""},"categories":[52],"tags":[],"class_list":["post-4587","post","type-post","status-publish","format-standard","hentry","category-cultura"],"jetpack_featured_media_url":"","_links":{"self":[{"href":"https:\/\/radiorevelacionfm.cl\/index.php?rest_route=\/wp\/v2\/posts\/4587","targetHints":{"allow":["GET"]}}],"collection":[{"href":"https:\/\/radiorevelacionfm.cl\/index.php?rest_route=\/wp\/v2\/posts"}],"about":[{"href":"https:\/\/radiorevelacionfm.cl\/index.php?rest_route=\/wp\/v2\/types\/post"}],"author":[{"embeddable":true,"href":"https:\/\/radiorevelacionfm.cl\/index.php?rest_route=\/wp\/v2\/users\/1"}],"replies":[{"embeddable":true,"href":"https:\/\/radiorevelacionfm.cl\/index.php?rest_route=%2Fwp%2Fv2%2Fcomments&post=4587"}],"version-history":[{"count":1,"href":"https:\/\/radiorevelacionfm.cl\/index.php?rest_route=\/wp\/v2\/posts\/4587\/revisions"}],"predecessor-version":[{"id":4589,"href":"https:\/\/radiorevelacionfm.cl\/index.php?rest_route=\/wp\/v2\/posts\/4587\/revisions\/4589"}],"wp:attachment":[{"href":"https:\/\/radiorevelacionfm.cl\/index.php?rest_route=%2Fwp%2Fv2%2Fmedia&parent=4587"}],"wp:term":[{"taxonomy":"category","embeddable":true,"href":"https:\/\/radiorevelacionfm.cl\/index.php?rest_route=%2Fwp%2Fv2%2Fcategories&post=4587"},{"taxonomy":"post_tag","embeddable":true,"href":"https:\/\/radiorevelacionfm.cl\/index.php?rest_route=%2Fwp%2Fv2%2Ftags&post=4587"}],"curies":[{"name":"wp","href":"https:\/\/api.w.org\/{rel}","templated":true}]}}