{"id":45866,"date":"2024-09-04T21:46:40","date_gmt":"2024-09-05T00:46:40","guid":{"rendered":"https:\/\/radiorevelacionfm.cl\/?p=45866"},"modified":"2024-09-04T21:46:40","modified_gmt":"2024-09-05T00:46:40","slug":"medicos-de-aysen-se-capacitan-en-deteccion-oportuna-de-hidatidosis","status":"publish","type":"post","link":"https:\/\/radiorevelacionfm.cl\/?p=45866","title":{"rendered":"M\u00e9dicos de Ays\u00e9n se capacitan en detecci\u00f3n oportuna de Hidatidosis"},"content":{"rendered":"<div class=\"flex_column av_one_full  flex_column_div av-zero-column-padding first  avia-builder-el-0  el_before_av_one_full  avia-builder-el-first  \" style='border-radius:0px; '><div  class='avia-image-container  av-styling-    avia-builder-el-1  avia-builder-el-no-sibling  avia-align-center '  itemprop=\"image\" itemscope=\"itemscope\" itemtype=\"https:\/\/schema.org\/ImageObject\"  ><div class='avia-image-container-inner'><div class='avia-image-overlay-wrap'><img decoding=\"async\" class='wp-image-45867 avia-img-lazy-loading-not-45867 avia_image' src=\"https:\/\/radiorevelacionfm.cl\/wp-content\/uploads\/2024\/09\/capacitacion-hidatidosis-1-1.jpeg\" alt='' title='capacitaci\u00f3n hidatidosis (1) (1)' height=\"600\" width=\"901\"  itemprop=\"thumbnailUrl\" srcset=\"https:\/\/radiorevelacionfm.cl\/wp-content\/uploads\/2024\/09\/capacitacion-hidatidosis-1-1.jpeg 901w, https:\/\/radiorevelacionfm.cl\/wp-content\/uploads\/2024\/09\/capacitacion-hidatidosis-1-1-300x200.jpeg 300w, https:\/\/radiorevelacionfm.cl\/wp-content\/uploads\/2024\/09\/capacitacion-hidatidosis-1-1-768x511.jpeg 768w, https:\/\/radiorevelacionfm.cl\/wp-content\/uploads\/2024\/09\/capacitacion-hidatidosis-1-1-705x469.jpeg 705w, https:\/\/radiorevelacionfm.cl\/wp-content\/uploads\/2024\/09\/capacitacion-hidatidosis-1-1-450x300.jpeg 450w, https:\/\/radiorevelacionfm.cl\/wp-content\/uploads\/2024\/09\/capacitacion-hidatidosis-1-1-600x400.jpeg 600w\" sizes=\"(max-width: 901px) 100vw, 901px\" \/><\/div><\/div><\/div><\/div><div class=\"flex_column av_one_full  flex_column_div av-zero-column-padding first  avia-builder-el-2  el_after_av_one_full  el_before_av_one_full  column-top-margin\" style='border-radius:0px; '><section class=\"av_textblock_section \"  itemscope=\"itemscope\" itemtype=\"https:\/\/schema.org\/BlogPosting\" itemprop=\"blogPost\" ><div class='avia_textblock  '   itemprop=\"text\" ><p style=\"text-align: center;\"><strong><span style=\"font-size: 18pt;\">M\u00e9dicos de Ays\u00e9n se capacitan en detecci\u00f3n oportuna de Hidatidosis<\/span><\/strong><\/p>\n<div id=\"gtx-trans\" style=\"position: absolute; left: -50px; top: 4.31534px;\">\n<div class=\"gtx-trans-icon\"><\/div>\n<\/div>\n<\/div><\/section><\/div><div class=\"flex_column av_one_full  flex_column_div av-zero-column-padding first  avia-builder-el-4  el_after_av_one_full  el_before_av_hr  column-top-margin\" style='border-radius:0px; '><section class=\"av_textblock_section \"  itemscope=\"itemscope\" itemtype=\"https:\/\/schema.org\/BlogPosting\" itemprop=\"blogPost\" ><div class='avia_textblock  '   itemprop=\"text\" ><p style=\"text-align: justify;\"><em>La iniciativa se inserta dentro una estrategia integral para la prevenci\u00f3n, diagn\u00f3stico y control de la Hidatidosis que impulsa la Seremi de Salud, junto a la Municipalidad de Chile Chico, gracias a un convenio de colaboraci\u00f3n entre ambas partes.<\/em><\/p>\n<p style=\"text-align: justify;\">Durante toda esta semana, en la ciudad de Chile Chico, 21 m\u00e9dicos provenientes desde Futaleuf\u00fa a Villa O&#8217;Higgins, se encuentran participando de una capacitaci\u00f3n que permitir\u00e1 implementar un screening (b\u00fasqueda activa) de Hidatidosis mediante ecograf\u00eda, lo que se traducir\u00e1 en la toma de 300 ex\u00e1menes para menores de 15 a\u00f1os de esta localidad, gracias al trabajo y colaboraci\u00f3n de profesionales de la Universidad Cat\u00f3lica, el Ministerio de Salud y dos especialistas de Italia.<\/p>\n<p style=\"text-align: justify;\">Un hecho que fue destacado por la Seremi de Salud, Carmen Monsalve G\u00f3mez, quien recalc\u00f3 que junto a la capacitaci\u00f3n los profesionales de la red asistencial, se llevar\u00e1n a cabo ex\u00e1menes en ni\u00f1os y ni\u00f1as de Chile Chico para la detecci\u00f3n temprana de quistes hidat\u00eddicos. \u201cEstamos muy felices y motivados con esta actividad que se enmarca tambi\u00e9n en el convenio de colaboraci\u00f3n entre la Seremi de Salud y la Municipalidad de Chile Chico, lo que permite un abordaje integral de un problema de salud p\u00fablica como la Hidatidosis, donde para esta actividad contamos con expertos de Italia, la Universidad Cat\u00f3lica y del Ministerio de Salud,\u00a0 quienes est\u00e1n trabajando con 21 m\u00e9dicos provenientes desde Futaleuf\u00fa a Villa OHiggins, para recibir la transferencia de conocimientos para la b\u00fasqueda de quistes hidat\u00eddicos particularmente en la poblaci\u00f3n menor de 15 a\u00f1os, realizando m\u00e1s de 300 ecograf\u00edas abdominales en la localidad de Chile Chico\u201d.<\/p>\n<p style=\"text-align: justify;\">El M\u00e9dico Veterinario y acad\u00e9mico de la Universidad Cat\u00f3lica, Cristian \u00c1lvarez, expres\u00f3 la importancia de este trabajo intersectorial. \u201cJunto con investigadores italianos participamos de un proyecto de la Sociedad Europea de Microbiolog\u00eda y Enfermedades Infecciosas que permiti\u00f3 traer a los especialistas y realizar un scrinng ecogr\u00e1fico para diagnostico temprano de Hidatidosis. Estamos contentos de estar ac\u00e1 porque lo importante es que esto salga de sectores m\u00e1s poblados hasta donde m\u00e1s se necesita\u201d.<\/p>\n<p style=\"text-align: justify;\">Similar opini\u00f3n fue la que entreg\u00f3 la M\u00e9dico Italiana, Francesca Tamarozzi, quien destac\u00f3 adem\u00e1s la relevancia de estos procedimientos para evitar intervenciones quir\u00fargicas en la poblaci\u00f3n. \u201cEsto es muy relevante porque el diagn\u00f3stico temprano es una de las pocas intervenciones que se pueden hacer para reducir la cantidad de cirug\u00edas, y as\u00ed aumentar el tratamiento no invasivo y eso se puede hacer detectando oportunamente el quiste. Para eso se esta capacitando a los m\u00e9dicos rurales para que puedan identificar esta enfermedad de otras patolog\u00edas\u201d.<\/p>\n<p style=\"text-align: justify;\">La Encargada Nacional del Programa Hidatidosis del Ministerio de Salud, Valentina Zapata, manifest\u00f3 su satisfacci\u00f3n por la coordinaci\u00f3n de esta capacitaci\u00f3n y el trabajo preventivo contra la Hidatidosis que se desarrolla en la regi\u00f3n. \u201cLo que esta pasando hoy es muy importante porque estas acciones se vienen a sumar a las estrategias que ya se ejecutan en la regi\u00f3n, el scrining ecogr\u00e1fico abre una enorme posibilidad para poder detectar antes los casos de Hidatidosis. Aqu\u00ed es clave el trabajo integrado en distintas \u00e1reas, porque esto va a impactar en los centros de salud, ya que por un lado esta la detecci\u00f3n de los casos y su posterior incorporaci\u00f3n al sistema de salud. Es vital el trabajo integrado de los equipos de salud\u201d.<\/p>\n<p style=\"text-align: justify;\">En lo que llevamos del a\u00f1o 2024, se han notificado 10 casos de Hidatidosis. De estos, 06 casos corresponden a residentes de Coyhaique, 01 de Cerro Castillo, 02 casos de Chile Chico y 01 caso de Ays\u00e9n, donde m\u00e1s del 30% de estos casos corresponden a pacientes menores de 15 a\u00f1os.<\/p>\n<p style=\"text-align: justify;\">Finalmente, cabe se\u00f1alar que dentro del convenio de colaboraci\u00f3n entre la Seremi de Salud y la Municipalidad de Chile Chico se encuentra un muestreo canino en esa comuna, como parte de un \u201cEstudio de l\u00ednea base de prevalencia del parasito <em>Echinococcus granulosus<\/em>\u201d, que es causante de la enfermedad Hidatidosis. Asimismo, se han desarrollado Conversatorios Comunitarios a fin de sensibilizar y dialogar acerca de esta problem\u00e1tica, y la capacitaci\u00f3n de funcionarios de Atenci\u00f3n Primaria de Salud (APS) para que las postas y delegaciones de las localidades de Puerto Bertrand, Puerto Guadal, Mall\u00edn y Chile Chico realicen la entrega de antiparasitarios gratuitos para la comunidad, entre otras acciones.<\/p>\n<\/div><\/section><\/div><div  style='height:50px' class='hr hr-invisible   avia-builder-el-6  el_after_av_one_full  el_before_av_social_share '><span class='hr-inner ' ><span class='hr-inner-style'><\/span><\/span><\/div><\/p>\n<div  class='av-social-sharing-box  avia-builder-el-7  el_after_av_hr  el_before_av_hr  '><div class='av-share-box'><h5 class='av-share-link-description av-no-toc '>Compartir esta noticia<\/h5><ul class='av-share-box-list noLightbox'><li class='av-share-link av-social-link-facebook' ><a target=\"_blank\" aria-label=\"Compartir en Facebook\" href='https:\/\/www.facebook.com\/sharer.php?u=https:\/\/radiorevelacionfm.cl\/?p=45866&#038;t=M%C3%A9dicos%20de%20Ays%C3%A9n%20se%20capacitan%20en%20detecci%C3%B3n%20oportuna%20de%20Hidatidosis' aria-hidden='false' data-av_icon='\ue8f3' data-av_iconfont='entypo-fontello' title='' data-avia-related-tooltip='Compartir en Facebook' rel=\"noopener\"><span class='avia_hidden_link_text'>Compartir en Facebook<\/span><\/a><\/li><li class='av-share-link av-social-link-twitter' ><a target=\"_blank\" aria-label=\"Compartir en Twitter\" href='https:\/\/twitter.com\/share?text=M%C3%A9dicos%20de%20Ays%C3%A9n%20se%20capacitan%20en%20detecci%C3%B3n%20oportuna%20de%20Hidatidosis&#038;url=https:\/\/radiorevelacionfm.cl\/?p=45866' aria-hidden='false' data-av_icon='\ue8f1' data-av_iconfont='entypo-fontello' title='' data-avia-related-tooltip='Compartir en Twitter' rel=\"noopener\"><span class='avia_hidden_link_text'>Compartir en Twitter<\/span><\/a><\/li><li class='av-share-link av-social-link-whatsapp' ><a target=\"_blank\" aria-label=\"Compartir en Whatsapp\" href='https:\/\/api.whatsapp.com\/send?text=https:\/\/radiorevelacionfm.cl\/?p=45866' aria-hidden='false' data-av_icon='\uf232' data-av_iconfont='entypo-fontello' title='' data-avia-related-tooltip='Compartir en Whatsapp' rel=\"noopener\"><span class='avia_hidden_link_text'>Compartir en Whatsapp<\/span><\/a><\/li><li class='av-share-link av-social-link-linkedin' ><a target=\"_blank\" aria-label=\"Compartir en LinkedIn\" href='https:\/\/linkedin.com\/shareArticle?mini=true&#038;title=M%C3%A9dicos%20de%20Ays%C3%A9n%20se%20capacitan%20en%20detecci%C3%B3n%20oportuna%20de%20Hidatidosis&#038;url=https:\/\/radiorevelacionfm.cl\/?p=45866' aria-hidden='false' data-av_icon='\ue8fc' data-av_iconfont='entypo-fontello' title='' data-avia-related-tooltip='Compartir en LinkedIn' rel=\"noopener\"><span class='avia_hidden_link_text'>Compartir en LinkedIn<\/span><\/a><\/li><li class='av-share-link av-social-link-mail' ><a  aria-label=\"Compartir por correo\" href='mailto:?subject=M%C3%A9dicos%20de%20Ays%C3%A9n%20se%20capacitan%20en%20detecci%C3%B3n%20oportuna%20de%20Hidatidosis&#038;body=https:\/\/radiorevelacionfm.cl\/?p=45866' aria-hidden='false' data-av_icon='\ue805' data-av_iconfont='entypo-fontello' title='' data-avia-related-tooltip='Compartir por correo'><span class='avia_hidden_link_text'>Compartir por correo<\/span><\/a><\/li><\/ul><\/div><\/div>\n<div  style='height:50px' class='hr hr-invisible   avia-builder-el-8  el_after_av_social_share  el_before_av_comments_list '><span class='hr-inner ' ><span class='hr-inner-style'><\/span><\/span><\/div>\n<div  class='av-buildercomment  av-blog-meta-html-info-disabled av-blog-meta-tag-disabled  '><\/div>\n","protected":false},"excerpt":{"rendered":"","protected":false},"author":1,"featured_media":45867,"comment_status":"open","ping_status":"open","sticky":false,"template":"","format":"standard","meta":{"footnotes":""},"categories":[46],"tags":[],"class_list":["post-45866","post","type-post","status-publish","format-standard","has-post-thumbnail","hentry","category-salud"],"jetpack_featured_media_url":"https:\/\/radiorevelacionfm.cl\/wp-content\/uploads\/2024\/09\/capacitacion-hidatidosis-1-1.jpeg","_links":{"self":[{"href":"https:\/\/radiorevelacionfm.cl\/index.php?rest_route=\/wp\/v2\/posts\/45866","targetHints":{"allow":["GET"]}}],"collection":[{"href":"https:\/\/radiorevelacionfm.cl\/index.php?rest_route=\/wp\/v2\/posts"}],"about":[{"href":"https:\/\/radiorevelacionfm.cl\/index.php?rest_route=\/wp\/v2\/types\/post"}],"author":[{"embeddable":true,"href":"https:\/\/radiorevelacionfm.cl\/index.php?rest_route=\/wp\/v2\/users\/1"}],"replies":[{"embeddable":true,"href":"https:\/\/radiorevelacionfm.cl\/index.php?rest_route=%2Fwp%2Fv2%2Fcomments&post=45866"}],"version-history":[{"count":1,"href":"https:\/\/radiorevelacionfm.cl\/index.php?rest_route=\/wp\/v2\/posts\/45866\/revisions"}],"predecessor-version":[{"id":45868,"href":"https:\/\/radiorevelacionfm.cl\/index.php?rest_route=\/wp\/v2\/posts\/45866\/revisions\/45868"}],"wp:featuredmedia":[{"embeddable":true,"href":"https:\/\/radiorevelacionfm.cl\/index.php?rest_route=\/wp\/v2\/media\/45867"}],"wp:attachment":[{"href":"https:\/\/radiorevelacionfm.cl\/index.php?rest_route=%2Fwp%2Fv2%2Fmedia&parent=45866"}],"wp:term":[{"taxonomy":"category","embeddable":true,"href":"https:\/\/radiorevelacionfm.cl\/index.php?rest_route=%2Fwp%2Fv2%2Fcategories&post=45866"},{"taxonomy":"post_tag","embeddable":true,"href":"https:\/\/radiorevelacionfm.cl\/index.php?rest_route=%2Fwp%2Fv2%2Ftags&post=45866"}],"curies":[{"name":"wp","href":"https:\/\/api.w.org\/{rel}","templated":true}]}}