{"id":45860,"date":"2024-09-05T11:06:52","date_gmt":"2024-09-05T14:06:52","guid":{"rendered":"https:\/\/radiorevelacionfm.cl\/?p=45860"},"modified":"2024-09-05T11:06:52","modified_gmt":"2024-09-05T14:06:52","slug":"en-coyhaique-sesiono-la-mesa-regional-de-inversion-privada","status":"publish","type":"post","link":"https:\/\/radiorevelacionfm.cl\/?p=45860","title":{"rendered":"En Coyhaique, sesion\u00f3 la Mesa Regional de Inversi\u00f3n Privada"},"content":{"rendered":"<div class=\"flex_column av_one_full  flex_column_div av-zero-column-padding first  avia-builder-el-0  el_before_av_one_full  avia-builder-el-first  \" style='border-radius:0px; '><div  class='avia-image-container  av-styling-    avia-builder-el-1  avia-builder-el-no-sibling  avia-align-center '  itemprop=\"image\" itemscope=\"itemscope\" itemtype=\"https:\/\/schema.org\/ImageObject\"  ><div class='avia-image-container-inner'><div class='avia-image-overlay-wrap'><img decoding=\"async\" class='wp-image-45861 avia-img-lazy-loading-not-45861 avia_image' src=\"https:\/\/radiorevelacionfm.cl\/wp-content\/uploads\/2024\/09\/mri-1_optimized-1_optimized-1.jpg\" alt='' title='mri-(1)_optimized-(1)_optimized (1)' height=\"600\" width=\"934\"  itemprop=\"thumbnailUrl\" srcset=\"https:\/\/radiorevelacionfm.cl\/wp-content\/uploads\/2024\/09\/mri-1_optimized-1_optimized-1.jpg 934w, https:\/\/radiorevelacionfm.cl\/wp-content\/uploads\/2024\/09\/mri-1_optimized-1_optimized-1-300x193.jpg 300w, https:\/\/radiorevelacionfm.cl\/wp-content\/uploads\/2024\/09\/mri-1_optimized-1_optimized-1-768x493.jpg 768w, https:\/\/radiorevelacionfm.cl\/wp-content\/uploads\/2024\/09\/mri-1_optimized-1_optimized-1-705x453.jpg 705w, https:\/\/radiorevelacionfm.cl\/wp-content\/uploads\/2024\/09\/mri-1_optimized-1_optimized-1-450x289.jpg 450w, https:\/\/radiorevelacionfm.cl\/wp-content\/uploads\/2024\/09\/mri-1_optimized-1_optimized-1-600x385.jpg 600w\" sizes=\"(max-width: 934px) 100vw, 934px\" \/><\/div><\/div><\/div><\/div><div class=\"flex_column av_one_full  flex_column_div av-zero-column-padding first  avia-builder-el-2  el_after_av_one_full  el_before_av_one_full  column-top-margin\" style='border-radius:0px; '><section class=\"av_textblock_section \"  itemscope=\"itemscope\" itemtype=\"https:\/\/schema.org\/BlogPosting\" itemprop=\"blogPost\" ><div class='avia_textblock  '   itemprop=\"text\" ><p style=\"text-align: center;\"><strong><span style=\"font-size: 18pt;\">En Coyhaique, sesion\u00f3 la Mesa Regional de Inversi\u00f3n Privada<\/span><\/strong><\/p>\n<div id=\"gtx-trans\" style=\"position: absolute; left: -50px; top: 4.31534px;\">\n<div class=\"gtx-trans-icon\"><\/div>\n<\/div>\n<\/div><\/section><\/div><div class=\"flex_column av_one_full  flex_column_div av-zero-column-padding first  avia-builder-el-4  el_after_av_one_full  el_before_av_hr  column-top-margin\" style='border-radius:0px; '><section class=\"av_textblock_section \"  itemscope=\"itemscope\" itemtype=\"https:\/\/schema.org\/BlogPosting\" itemprop=\"blogPost\" ><div class='avia_textblock  '   itemprop=\"text\" ><p style=\"text-align: justify;\"><em>El objetivo de la mesa integrada por representantes del Estado y titulares de grandes proyectos privados fue analizar el actual escenario econ\u00f3mico para robustecer la alianza p\u00fablico privada.<\/em><\/p>\n<p style=\"text-align: justify;\">La instancia fue liderada por el Seremi de Econom\u00eda, Fomento y Turismo de la Regi\u00f3n de Ays\u00e9n, Felipe Rojas Pizarro, m\u00e1s el apoyo de la Oficina de Grandes Proyectos del Ministerio de Econom\u00eda, representada por Mar\u00eda Fernanda Banderas Pellegrini. En esta segunda sesi\u00f3n de la MRI se relev\u00f3 la importancia de fortalecer el di\u00e1logo entre la empresa privada, los sectores productivos y el Estado, con miras a la reactivaci\u00f3n econ\u00f3mica sostenible de nuestro territorio.<\/p>\n<p style=\"text-align: justify;\">Es as\u00ed como se socializaron iniciativas privadas en torno a proyectos de diversas \u00e1reas productivas, los que al materializarse generar\u00e1n positivos efectos directos e indirectos, los que incidir\u00e1n fuertemente en el desarrollo econ\u00f3mico de los territorios donde se emplazar\u00e1n. En ese contexto, el Seremi de Econom\u00eda Felipe Rojas coment\u00f3 que: \u201cConocimos una serie de nuevos proyectos de inversi\u00f3n, particularmente la planta de pellet de Ecom\u00e1s, la generaci\u00f3n de energ\u00eda a trav\u00e9s de Gasco y otros m\u00e1s que han estado en instancias anteriores. El objetivo es proyectar a la regi\u00f3n hacia el 2035 con estas inversiones privadas, para que adem\u00e1s sean motores para otras inversiones que se puedan desarrollar en el futuro. Sabemos de la importancia del puerto, la generaci\u00f3n de energ\u00eda, la diversificaci\u00f3n productiva desde otros sectores, todos estos elementos contribuyen al desarrollo de la regi\u00f3n en concordancia con los esfuerzos que se pueden realizar desde el sector p\u00fablico.<\/p>\n<p style=\"text-align: justify;\">Desde el sector privado, la visi\u00f3n recogida en esta segunda sesi\u00f3n de la MRI, dice relaci\u00f3n con que el Estado y las empresas deben continuar fortaleciendo el di\u00e1logo\u00a0 y trabajar en conjunto para abordar las barreras de inversi\u00f3n. Carol Gray, Subgerente de Medio Ambiente y Sostenibilidad de Gasco, subray\u00f3 que: \u201cLa MRI es una instancia sumamente importante para nosotros ya que, como empresa privada tenemos en cartera una serie de iniciativas para Ays\u00e9n. Por ahora, potenciamos dos proyectos muy relevantes para la regi\u00f3n y la verdad es que la materializaci\u00f3n de estos proyectos, van muy de la mano con lo que la regi\u00f3n y sus autoridades buscan. Por ende, creemos firmemente que tanto el Seremi de Econom\u00eda, como el de Energ\u00eda y lo que est\u00e1 haciendo esta mesa es tremendamente importante para la materializaci\u00f3n de lo que buscamos como regi\u00f3n\u201d.<\/p>\n<p style=\"text-align: justify;\">Por su parte, el Seremi de Energ\u00eda Tom\u00e1s Laibe, puso sobre relieve que: \u201cEstamos muy contentos, porque siempre el sector energ\u00eda es puntal de la dinamizaci\u00f3n econ\u00f3mica regional. Hemos escuchado los avances del proyecto de Gasco, la pronta inauguraci\u00f3n de Ecom\u00e1s, con su planta de pellet, por tanto, esperamos que esto traiga beneficios directos a la regi\u00f3n y a la dinamizaci\u00f3n de la econom\u00eda\u201d.<\/p>\n<p style=\"text-align: justify;\">Finalmente, el Seremi de Econom\u00eda Felipe Rojas, quien lidera la articulaci\u00f3n p\u00fablico privada, mencion\u00f3 que: \u201cConvocar a esta segunda sesi\u00f3n de la Mesa Regional de Inversi\u00f3n privada es importante, ya que se comparten diagn\u00f3sticos, necesidades y propuestas para la materializaci\u00f3n de las iniciativas privadas. En el contexto actual, es vital fortalecer la alianza p\u00fablico privada, pensando en el desarrollo regional, el encadenamiento productivo y la diversificaci\u00f3n de la matriz productiva de nuestro territorio. Debemos seguir trabajando con este norte, el de pensar en el desarrollo de una manera transversal y hacer que las cosas pasen, se materialicen y tengan el impacto econ\u00f3mico tan necesario para el beneficio de nuestra regi\u00f3n y su gente\u201d.<\/p>\n<p style=\"text-align: justify;\">El monto total de los diversos proyectos de inversi\u00f3n privada tratados en la segunda sesi\u00f3n de la MRI supera los 25 millones de d\u00f3lares. Paralelo a esto, el Ministerio de Econom\u00eda contin\u00faa trabajando para materializar el proyecto que crea el Sistema Inteligente de Permisos, el que se encuentra avanzando de modo raudo en la Comisi\u00f3n de Econom\u00eda de la C\u00e1mara de Diputadas y Diputados. En la MRI se present\u00f3 tambi\u00e9n, la completa oferta de instrumentos de fomento, los que pueden ser importantes aliados al momento de pensar en invertir en nuestro territorio. Existi\u00f3 especial \u00e9nfasis en continuar desarrollando propuestas que desde esta regi\u00f3n funcionen y se conviertan en herramientas para la\u00a0 atracci\u00f3n de inversiones. En resumen: decretar urgencia a las necesidades, agilizar procesos y encontrar caminos que conduzcan hacia el crecimiento. Esos son los conceptos que definen la segunda sesi\u00f3n de la Mesa Regional de Inversi\u00f3n Privada, la que como reflexi\u00f3n final deja sobre la mesa la premisa de que sin inversi\u00f3n, no hay crecimiento.<\/p>\n<\/div><\/section><\/div><div  style='height:50px' class='hr hr-invisible   avia-builder-el-6  el_after_av_one_full  el_before_av_social_share '><span class='hr-inner ' ><span class='hr-inner-style'><\/span><\/span><\/div><\/p>\n<div  class='av-social-sharing-box  avia-builder-el-7  el_after_av_hr  el_before_av_hr  '><div class='av-share-box'><h5 class='av-share-link-description av-no-toc '>Compartir esta noticia<\/h5><ul class='av-share-box-list noLightbox'><li class='av-share-link av-social-link-facebook' ><a target=\"_blank\" aria-label=\"Compartir en Facebook\" href='https:\/\/www.facebook.com\/sharer.php?u=https:\/\/radiorevelacionfm.cl\/?p=45860&#038;t=En%20Coyhaique%2C%20sesion%C3%B3%20la%20Mesa%20Regional%20de%20Inversi%C3%B3n%20Privada' aria-hidden='false' data-av_icon='\ue8f3' data-av_iconfont='entypo-fontello' title='' data-avia-related-tooltip='Compartir en Facebook' rel=\"noopener\"><span class='avia_hidden_link_text'>Compartir en Facebook<\/span><\/a><\/li><li class='av-share-link av-social-link-twitter' ><a target=\"_blank\" aria-label=\"Compartir en Twitter\" href='https:\/\/twitter.com\/share?text=En%20Coyhaique%2C%20sesion%C3%B3%20la%20Mesa%20Regional%20de%20Inversi%C3%B3n%20Privada&#038;url=https:\/\/radiorevelacionfm.cl\/?p=45860' aria-hidden='false' data-av_icon='\ue8f1' data-av_iconfont='entypo-fontello' title='' data-avia-related-tooltip='Compartir en Twitter' rel=\"noopener\"><span class='avia_hidden_link_text'>Compartir en Twitter<\/span><\/a><\/li><li class='av-share-link av-social-link-whatsapp' ><a target=\"_blank\" aria-label=\"Compartir en Whatsapp\" href='https:\/\/api.whatsapp.com\/send?text=https:\/\/radiorevelacionfm.cl\/?p=45860' aria-hidden='false' data-av_icon='\uf232' data-av_iconfont='entypo-fontello' title='' data-avia-related-tooltip='Compartir en Whatsapp' rel=\"noopener\"><span class='avia_hidden_link_text'>Compartir en Whatsapp<\/span><\/a><\/li><li class='av-share-link av-social-link-linkedin' ><a target=\"_blank\" aria-label=\"Compartir en LinkedIn\" href='https:\/\/linkedin.com\/shareArticle?mini=true&#038;title=En%20Coyhaique%2C%20sesion%C3%B3%20la%20Mesa%20Regional%20de%20Inversi%C3%B3n%20Privada&#038;url=https:\/\/radiorevelacionfm.cl\/?p=45860' aria-hidden='false' data-av_icon='\ue8fc' data-av_iconfont='entypo-fontello' title='' data-avia-related-tooltip='Compartir en LinkedIn' rel=\"noopener\"><span class='avia_hidden_link_text'>Compartir en LinkedIn<\/span><\/a><\/li><li class='av-share-link av-social-link-mail' ><a  aria-label=\"Compartir por correo\" href='mailto:?subject=En%20Coyhaique%2C%20sesion%C3%B3%20la%20Mesa%20Regional%20de%20Inversi%C3%B3n%20Privada&#038;body=https:\/\/radiorevelacionfm.cl\/?p=45860' aria-hidden='false' data-av_icon='\ue805' data-av_iconfont='entypo-fontello' title='' data-avia-related-tooltip='Compartir por correo'><span class='avia_hidden_link_text'>Compartir por correo<\/span><\/a><\/li><\/ul><\/div><\/div>\n<div  style='height:50px' class='hr hr-invisible   avia-builder-el-8  el_after_av_social_share  el_before_av_comments_list '><span class='hr-inner ' ><span class='hr-inner-style'><\/span><\/span><\/div>\n<div  class='av-buildercomment  av-blog-meta-html-info-disabled av-blog-meta-tag-disabled  '><\/div>\n","protected":false},"excerpt":{"rendered":"","protected":false},"author":1,"featured_media":45861,"comment_status":"open","ping_status":"open","sticky":false,"template":"","format":"standard","meta":{"footnotes":""},"categories":[37],"tags":[],"class_list":["post-45860","post","type-post","status-publish","format-standard","has-post-thumbnail","hentry","category-economia"],"jetpack_featured_media_url":"https:\/\/radiorevelacionfm.cl\/wp-content\/uploads\/2024\/09\/mri-1_optimized-1_optimized-1.jpg","_links":{"self":[{"href":"https:\/\/radiorevelacionfm.cl\/index.php?rest_route=\/wp\/v2\/posts\/45860","targetHints":{"allow":["GET"]}}],"collection":[{"href":"https:\/\/radiorevelacionfm.cl\/index.php?rest_route=\/wp\/v2\/posts"}],"about":[{"href":"https:\/\/radiorevelacionfm.cl\/index.php?rest_route=\/wp\/v2\/types\/post"}],"author":[{"embeddable":true,"href":"https:\/\/radiorevelacionfm.cl\/index.php?rest_route=\/wp\/v2\/users\/1"}],"replies":[{"embeddable":true,"href":"https:\/\/radiorevelacionfm.cl\/index.php?rest_route=%2Fwp%2Fv2%2Fcomments&post=45860"}],"version-history":[{"count":1,"href":"https:\/\/radiorevelacionfm.cl\/index.php?rest_route=\/wp\/v2\/posts\/45860\/revisions"}],"predecessor-version":[{"id":45862,"href":"https:\/\/radiorevelacionfm.cl\/index.php?rest_route=\/wp\/v2\/posts\/45860\/revisions\/45862"}],"wp:featuredmedia":[{"embeddable":true,"href":"https:\/\/radiorevelacionfm.cl\/index.php?rest_route=\/wp\/v2\/media\/45861"}],"wp:attachment":[{"href":"https:\/\/radiorevelacionfm.cl\/index.php?rest_route=%2Fwp%2Fv2%2Fmedia&parent=45860"}],"wp:term":[{"taxonomy":"category","embeddable":true,"href":"https:\/\/radiorevelacionfm.cl\/index.php?rest_route=%2Fwp%2Fv2%2Fcategories&post=45860"},{"taxonomy":"post_tag","embeddable":true,"href":"https:\/\/radiorevelacionfm.cl\/index.php?rest_route=%2Fwp%2Fv2%2Ftags&post=45860"}],"curies":[{"name":"wp","href":"https:\/\/api.w.org\/{rel}","templated":true}]}}