{"id":45857,"date":"2024-09-04T17:50:03","date_gmt":"2024-09-04T20:50:03","guid":{"rendered":"https:\/\/radiorevelacionfm.cl\/?p=45857"},"modified":"2024-09-04T17:50:03","modified_gmt":"2024-09-04T20:50:03","slug":"jardines-infantiles-de-fundacion-integra-dan-inicio-al-mes-de-la-patria","status":"publish","type":"post","link":"https:\/\/radiorevelacionfm.cl\/?p=45857","title":{"rendered":"Jardines Infantiles de Fundaci\u00f3n Integra dan inicio al mes de la Patria"},"content":{"rendered":"<div class=\"flex_column av_one_full  flex_column_div av-zero-column-padding first  avia-builder-el-0  el_before_av_one_full  avia-builder-el-first  \" style='border-radius:0px; '><div  class='avia-image-container  av-styling-    avia-builder-el-1  avia-builder-el-no-sibling  avia-align-center '  itemprop=\"image\" itemscope=\"itemscope\" itemtype=\"https:\/\/schema.org\/ImageObject\"  ><div class='avia-image-container-inner'><div class='avia-image-overlay-wrap'><img decoding=\"async\" class='wp-image-45858 avia-img-lazy-loading-not-45858 avia_image' src=\"https:\/\/radiorevelacionfm.cl\/wp-content\/uploads\/2024\/09\/1-2024-09-04t112606_optimized.468-1.jpg\" alt='' title='1 - -2024-09-04t112606_optimized.468-(1)' height=\"600\" width=\"1114\"  itemprop=\"thumbnailUrl\" srcset=\"https:\/\/radiorevelacionfm.cl\/wp-content\/uploads\/2024\/09\/1-2024-09-04t112606_optimized.468-1.jpg 1114w, https:\/\/radiorevelacionfm.cl\/wp-content\/uploads\/2024\/09\/1-2024-09-04t112606_optimized.468-1-300x162.jpg 300w, https:\/\/radiorevelacionfm.cl\/wp-content\/uploads\/2024\/09\/1-2024-09-04t112606_optimized.468-1-1030x555.jpg 1030w, https:\/\/radiorevelacionfm.cl\/wp-content\/uploads\/2024\/09\/1-2024-09-04t112606_optimized.468-1-768x414.jpg 768w, https:\/\/radiorevelacionfm.cl\/wp-content\/uploads\/2024\/09\/1-2024-09-04t112606_optimized.468-1-705x380.jpg 705w, https:\/\/radiorevelacionfm.cl\/wp-content\/uploads\/2024\/09\/1-2024-09-04t112606_optimized.468-1-450x242.jpg 450w, https:\/\/radiorevelacionfm.cl\/wp-content\/uploads\/2024\/09\/1-2024-09-04t112606_optimized.468-1-600x323.jpg 600w\" sizes=\"(max-width: 1114px) 100vw, 1114px\" \/><\/div><\/div><\/div><\/div><div class=\"flex_column av_one_full  flex_column_div av-zero-column-padding first  avia-builder-el-2  el_after_av_one_full  el_before_av_one_full  column-top-margin\" style='border-radius:0px; '><section class=\"av_textblock_section \"  itemscope=\"itemscope\" itemtype=\"https:\/\/schema.org\/BlogPosting\" itemprop=\"blogPost\" ><div class='avia_textblock  '   itemprop=\"text\" ><p style=\"text-align: center;\"><strong><span style=\"font-size: 18pt;\">Jardines Infantiles de Fundaci\u00f3n Integra dan inicio al mes de la Patria<\/span><\/strong><\/p>\n<div id=\"gtx-trans\" style=\"position: absolute; left: -50px; top: 4.31534px;\">\n<div class=\"gtx-trans-icon\"><\/div>\n<\/div>\n<\/div><\/section><\/div><div class=\"flex_column av_one_full  flex_column_div av-zero-column-padding first  avia-builder-el-4  el_after_av_one_full  el_before_av_hr  column-top-margin\" style='border-radius:0px; '><section class=\"av_textblock_section \"  itemscope=\"itemscope\" itemtype=\"https:\/\/schema.org\/BlogPosting\" itemprop=\"blogPost\" ><div class='avia_textblock  '   itemprop=\"text\" ><p style=\"font-weight: 400; text-align: justify;\"><em>Esta celebraci\u00f3n no solo es una oportunidad para conmemorar la independencia de Chile, sino tambi\u00e9n para fomentar el aprendizaje a trav\u00e9s de actividades culturales y recreativas que refuerzan la formaci\u00f3n ciudadana desde la ni\u00f1ez.<\/em><\/p>\n<p style=\"font-weight: 400; text-align: justify;\">Durante el mes de septiembre, los jardines infantiles y salas cuna de Fundaci\u00f3n Integra en la regi\u00f3n de Ays\u00e9n se visten de gala para celebrar las Fiestas Patrias, una de las festividades m\u00e1s esperadas y significativas del a\u00f1o. Desde Melinka a Villa O\u2019Higgins se estar\u00e1n desarrollando una serie de actividades que buscan relevar este mes y en donde las comunidades educativas cumplen un rol fundamental.<\/p>\n<p style=\"font-weight: 400; text-align: justify;\">Una de las primeras experiencias desarrolladas para dar la bienvenida al mes de la patria fue el izamiento de la bandera en la que ni\u00f1as, ni\u00f1os, familias y equipos educativos participaron de esta acci\u00f3n entonado el himno nacional, e incluso acompa\u00f1ados con bailarines de cueca.<\/p>\n<p style=\"font-weight: 400; text-align: justify;\">La directora regional de Fundaci\u00f3n Integra, Leticia Araya Norambuena, destac\u00f3 la importancia de celebrar fechas relevantes como las Fiestas Patrias en los espacios educativos. \u00abEstas festividades nos permiten no solo acercar la cultura y las tradiciones a los p\u00e1rvulos, sino tambi\u00e9n generar un ambiente de alegr\u00eda, comunidad, y aprendizaje. A trav\u00e9s de estas experiencias, los ni\u00f1os y ni\u00f1as desarrollan habilidades sociales, fortalecen su identidad cultural, y aprenden sobre la historia y los valores que forman parte de nuestra naci\u00f3n\u00bb.<\/p>\n<p style=\"font-weight: 400; text-align: justify;\">En cada uno de los establecimientos de Fundaci\u00f3n Integra, ni\u00f1os y ni\u00f1as experimentaran y disfrutaran de esta celebraci\u00f3n de manera l\u00fadica y educativa. Bailes folcl\u00f3ricos, juegos tradicionales, degustaciones de platos t\u00edpicos, confecci\u00f3n de adornos alusivos a la fecha, entre otros son algunas de las experiencias que permitir\u00e1n a los p\u00e1rvulos conectarse con ra\u00edces culturales y desarrollar sentido de identidad y pertenencia desde temprana edad.<\/p>\n<p style=\"font-weight: 400; text-align: justify;\">Las celebraciones de Fiestas Patrias en los jardines infantiles tienen un impacto positivo en el desarrollo integral de los p\u00e1rvulos. Al participar en actividades grupales, los ni\u00f1os y ni\u00f1as mejoran sus habilidades de comunicaci\u00f3n, colaboraci\u00f3n y respeto por los dem\u00e1s. A su vez, el contacto con la m\u00fasica, los bailes y las costumbres estimula su creatividad y pensamiento cr\u00edtico, elementos fundamentales para su crecimiento personal y educativo.<\/p>\n<p style=\"font-weight: 400; text-align: justify;\">Fundaci\u00f3n Integra, con 33 a\u00f1os de experiencia y m\u00e1s de 1.200 salas cuna y jardines infantiles gratuitos en todo el pa\u00eds, reitera su invitaci\u00f3n a las familias a que se acerquen a los establecimientos presentes en la regi\u00f3n y consulten por los cupos gratuitos disponibles, pudiendo ser parte de alguno de los 19 jardines infantiles y salas cuna presentes en la regi\u00f3n de Ays\u00e9n.<\/p>\n<\/div><\/section><\/div><div  style='height:50px' class='hr hr-invisible   avia-builder-el-6  el_after_av_one_full  el_before_av_social_share '><span class='hr-inner ' ><span class='hr-inner-style'><\/span><\/span><\/div><\/p>\n<div  class='av-social-sharing-box  avia-builder-el-7  el_after_av_hr  el_before_av_hr  '><div class='av-share-box'><h5 class='av-share-link-description av-no-toc '>Compartir esta noticia<\/h5><ul class='av-share-box-list noLightbox'><li class='av-share-link av-social-link-facebook' ><a target=\"_blank\" aria-label=\"Compartir en Facebook\" href='https:\/\/www.facebook.com\/sharer.php?u=https:\/\/radiorevelacionfm.cl\/?p=45857&#038;t=Jardines%20Infantiles%20de%20Fundaci%C3%B3n%20Integra%20dan%20inicio%20al%20mes%20de%20la%20Patria' aria-hidden='false' data-av_icon='\ue8f3' data-av_iconfont='entypo-fontello' title='' data-avia-related-tooltip='Compartir en Facebook' rel=\"noopener\"><span class='avia_hidden_link_text'>Compartir en Facebook<\/span><\/a><\/li><li class='av-share-link av-social-link-twitter' ><a target=\"_blank\" aria-label=\"Compartir en Twitter\" href='https:\/\/twitter.com\/share?text=Jardines%20Infantiles%20de%20Fundaci%C3%B3n%20Integra%20dan%20inicio%20al%20mes%20de%20la%20Patria&#038;url=https:\/\/radiorevelacionfm.cl\/?p=45857' aria-hidden='false' data-av_icon='\ue8f1' data-av_iconfont='entypo-fontello' title='' data-avia-related-tooltip='Compartir en Twitter' rel=\"noopener\"><span class='avia_hidden_link_text'>Compartir en Twitter<\/span><\/a><\/li><li class='av-share-link av-social-link-whatsapp' ><a target=\"_blank\" aria-label=\"Compartir en Whatsapp\" href='https:\/\/api.whatsapp.com\/send?text=https:\/\/radiorevelacionfm.cl\/?p=45857' aria-hidden='false' data-av_icon='\uf232' data-av_iconfont='entypo-fontello' title='' data-avia-related-tooltip='Compartir en Whatsapp' rel=\"noopener\"><span class='avia_hidden_link_text'>Compartir en Whatsapp<\/span><\/a><\/li><li class='av-share-link av-social-link-linkedin' ><a target=\"_blank\" aria-label=\"Compartir en LinkedIn\" href='https:\/\/linkedin.com\/shareArticle?mini=true&#038;title=Jardines%20Infantiles%20de%20Fundaci%C3%B3n%20Integra%20dan%20inicio%20al%20mes%20de%20la%20Patria&#038;url=https:\/\/radiorevelacionfm.cl\/?p=45857' aria-hidden='false' data-av_icon='\ue8fc' data-av_iconfont='entypo-fontello' title='' data-avia-related-tooltip='Compartir en LinkedIn' rel=\"noopener\"><span class='avia_hidden_link_text'>Compartir en LinkedIn<\/span><\/a><\/li><li class='av-share-link av-social-link-mail' ><a  aria-label=\"Compartir por correo\" href='mailto:?subject=Jardines%20Infantiles%20de%20Fundaci%C3%B3n%20Integra%20dan%20inicio%20al%20mes%20de%20la%20Patria&#038;body=https:\/\/radiorevelacionfm.cl\/?p=45857' aria-hidden='false' data-av_icon='\ue805' data-av_iconfont='entypo-fontello' title='' data-avia-related-tooltip='Compartir por correo'><span class='avia_hidden_link_text'>Compartir por correo<\/span><\/a><\/li><\/ul><\/div><\/div>\n<div  style='height:50px' class='hr hr-invisible   avia-builder-el-8  el_after_av_social_share  el_before_av_comments_list '><span class='hr-inner ' ><span class='hr-inner-style'><\/span><\/span><\/div>\n<div  class='av-buildercomment  av-blog-meta-html-info-disabled av-blog-meta-tag-disabled  '><\/div>\n","protected":false},"excerpt":{"rendered":"","protected":false},"author":1,"featured_media":45858,"comment_status":"open","ping_status":"open","sticky":false,"template":"","format":"standard","meta":{"footnotes":""},"categories":[49],"tags":[],"class_list":["post-45857","post","type-post","status-publish","format-standard","has-post-thumbnail","hentry","category-educacion"],"jetpack_featured_media_url":"https:\/\/radiorevelacionfm.cl\/wp-content\/uploads\/2024\/09\/1-2024-09-04t112606_optimized.468-1.jpg","_links":{"self":[{"href":"https:\/\/radiorevelacionfm.cl\/index.php?rest_route=\/wp\/v2\/posts\/45857","targetHints":{"allow":["GET"]}}],"collection":[{"href":"https:\/\/radiorevelacionfm.cl\/index.php?rest_route=\/wp\/v2\/posts"}],"about":[{"href":"https:\/\/radiorevelacionfm.cl\/index.php?rest_route=\/wp\/v2\/types\/post"}],"author":[{"embeddable":true,"href":"https:\/\/radiorevelacionfm.cl\/index.php?rest_route=\/wp\/v2\/users\/1"}],"replies":[{"embeddable":true,"href":"https:\/\/radiorevelacionfm.cl\/index.php?rest_route=%2Fwp%2Fv2%2Fcomments&post=45857"}],"version-history":[{"count":1,"href":"https:\/\/radiorevelacionfm.cl\/index.php?rest_route=\/wp\/v2\/posts\/45857\/revisions"}],"predecessor-version":[{"id":45859,"href":"https:\/\/radiorevelacionfm.cl\/index.php?rest_route=\/wp\/v2\/posts\/45857\/revisions\/45859"}],"wp:featuredmedia":[{"embeddable":true,"href":"https:\/\/radiorevelacionfm.cl\/index.php?rest_route=\/wp\/v2\/media\/45858"}],"wp:attachment":[{"href":"https:\/\/radiorevelacionfm.cl\/index.php?rest_route=%2Fwp%2Fv2%2Fmedia&parent=45857"}],"wp:term":[{"taxonomy":"category","embeddable":true,"href":"https:\/\/radiorevelacionfm.cl\/index.php?rest_route=%2Fwp%2Fv2%2Fcategories&post=45857"},{"taxonomy":"post_tag","embeddable":true,"href":"https:\/\/radiorevelacionfm.cl\/index.php?rest_route=%2Fwp%2Fv2%2Ftags&post=45857"}],"curies":[{"name":"wp","href":"https:\/\/api.w.org\/{rel}","templated":true}]}}