{"id":45853,"date":"2024-09-04T16:29:31","date_gmt":"2024-09-04T19:29:31","guid":{"rendered":"https:\/\/radiorevelacionfm.cl\/?p=45853"},"modified":"2024-09-04T16:29:31","modified_gmt":"2024-09-04T19:29:31","slug":"bienes-nacionales-hizo-entrega-oficial-de-tres-concesiones-a-la-comunidad-de-villa-ohiggins","status":"publish","type":"post","link":"https:\/\/radiorevelacionfm.cl\/?p=45853","title":{"rendered":"Bienes Nacionales hizo entrega oficial de tres concesiones a la comunidad de Villa O&#8217;Higgins"},"content":{"rendered":"<div class=\"flex_column av_one_full  flex_column_div av-zero-column-padding first  avia-builder-el-0  el_before_av_one_full  avia-builder-el-first  \" style='border-radius:0px; '><div  class='avia-image-container  av-styling-    avia-builder-el-1  avia-builder-el-no-sibling  avia-align-center '  itemprop=\"image\" itemscope=\"itemscope\" itemtype=\"https:\/\/schema.org\/ImageObject\"  ><div class='avia-image-container-inner'><div class='avia-image-overlay-wrap'><img decoding=\"async\" class='wp-image-45854 avia-img-lazy-loading-not-45854 avia_image' src=\"https:\/\/radiorevelacionfm.cl\/wp-content\/uploads\/2024\/09\/whatsapp-image-2024-09-04-at-8_optimized.39.34-am-1.jpeg\" alt='' title='whatsapp-image-2024-09-04-at-8_optimized.39.34-am-(1)' height=\"600\" width=\"800\"  itemprop=\"thumbnailUrl\" srcset=\"https:\/\/radiorevelacionfm.cl\/wp-content\/uploads\/2024\/09\/whatsapp-image-2024-09-04-at-8_optimized.39.34-am-1.jpeg 800w, https:\/\/radiorevelacionfm.cl\/wp-content\/uploads\/2024\/09\/whatsapp-image-2024-09-04-at-8_optimized.39.34-am-1-300x225.jpeg 300w, https:\/\/radiorevelacionfm.cl\/wp-content\/uploads\/2024\/09\/whatsapp-image-2024-09-04-at-8_optimized.39.34-am-1-768x576.jpeg 768w, https:\/\/radiorevelacionfm.cl\/wp-content\/uploads\/2024\/09\/whatsapp-image-2024-09-04-at-8_optimized.39.34-am-1-705x529.jpeg 705w, https:\/\/radiorevelacionfm.cl\/wp-content\/uploads\/2024\/09\/whatsapp-image-2024-09-04-at-8_optimized.39.34-am-1-450x338.jpeg 450w, https:\/\/radiorevelacionfm.cl\/wp-content\/uploads\/2024\/09\/whatsapp-image-2024-09-04-at-8_optimized.39.34-am-1-600x450.jpeg 600w\" sizes=\"(max-width: 800px) 100vw, 800px\" \/><\/div><\/div><\/div><\/div><div class=\"flex_column av_one_full  flex_column_div av-zero-column-padding first  avia-builder-el-2  el_after_av_one_full  el_before_av_one_full  column-top-margin\" style='border-radius:0px; '><section class=\"av_textblock_section \"  itemscope=\"itemscope\" itemtype=\"https:\/\/schema.org\/BlogPosting\" itemprop=\"blogPost\" ><div class='avia_textblock  '   itemprop=\"text\" ><p style=\"text-align: center;\"><strong><span style=\"font-size: 18pt;\">Bienes Nacionales hizo entrega oficial de tres concesiones a la comunidad de Villa O&#8217;Higgins<\/span><\/strong><\/p>\n<div id=\"gtx-trans\" style=\"position: absolute; left: -50px; top: 4.31534px;\">\n<div class=\"gtx-trans-icon\"><\/div>\n<\/div>\n<\/div><\/section><\/div><div class=\"flex_column av_one_full  flex_column_div av-zero-column-padding first  avia-builder-el-4  el_after_av_one_full  el_before_av_hr  column-top-margin\" style='border-radius:0px; '><section class=\"av_textblock_section \"  itemscope=\"itemscope\" itemtype=\"https:\/\/schema.org\/BlogPosting\" itemprop=\"blogPost\" ><div class='avia_textblock  '   itemprop=\"text\" ><p style=\"text-align: justify;\"><em>Con estas acciones se regulariza la ocupaci\u00f3n hist\u00f3rica del Centro de Actividades T\u00edpicas, Estadio y Cancha de Carreras de la comuna.<\/em><\/p>\n<p style=\"text-align: justify;\">Con presencia de la comunidad se desarroll\u00f3 el hito de entrega oficial de tres concesiones gratuitas de corto plazo a la Ilustre Municipalidad de O&#8217;Higgins por parte de la Seremi de Bienes Nacionales de Ays\u00e9n. Una importante acci\u00f3n que significa la regularizaci\u00f3n de la ocupaci\u00f3n de tres recintos de equipamiento comunitario de la comuna m\u00e1s austral de Ays\u00e9n, con el fin de poder concretar inversi\u00f3n de recursos para mejoras estructurales que van en directo beneficio de las y los vecinos de este lejano territorio.<\/p>\n<p style=\"text-align: justify;\">En ese contexto, la Seremi de la cartera, Irina Morend Valdebenito destac\u00f3 el trabajo desarrollado por el equipo del Programa de Regularizaci\u00f3n de la Provincia de Capit\u00e1n Prat, financiado con recursos FNDR del Gobierno Regional de Ays\u00e9n; profesionales dedicados a tramitar concesiones y otras herramientas de administraci\u00f3n de la propiedad fiscal en las comunas de Cochrane, Tortel y O&#8217;Higgins, lo que permite que hoy se pueda formalizan la gesti\u00f3n municipal en espacios relevantes como el Centro de Actividades T\u00edpicas, Estadio y la Cancha de Carreras a la chilena, todos utilizados por la comunidad como puntos de encuentro y recreaci\u00f3n.<\/p>\n<p style=\"text-align: justify;\">La autoridad regional relev\u00f3 las concesiones otorgadas ya que \u201clos espacios comunitarios para nosotros como Ministerio de Bienes Nacionales son tremendamente importantes y, adem\u00e1s, el trabajo con los municipios tambi\u00e9n ha sido importante en nuestra gesti\u00f3n, por lo que estamos contentos por hacer esta entrega\u201d, sostuvo, a\u00f1adiendo que promover el buen uso de los inmuebles fiscales es uno de los lineamientos estrat\u00e9gicos del Ministerio.<\/p>\n<p style=\"text-align: justify;\">El trabajo desarrollado por Bienes Nacionales en la comuna fue valorado por el alcalde Jos\u00e9 Fica G\u00f3mez, quien destac\u00f3 la importancia de poder regularizar la administraci\u00f3n de estos espacios. \u201cPara el municipio es s\u00faper importante, para la comunidad en general, especialmente para la gente de campo que viene a hacer actividades t\u00edpicas en la cancha de carreras y los deportistas en la cancha de futbol, as\u00ed que es un gran logro y agradecido de Bienes Nacionales y tambi\u00e9n del Gobierno Regional, porque la gobernadora y consejo regional dieron visto bueno de la entrega de estas concesiones y agradecido de los funcionarios de Bienes Nacionales tambi\u00e9n\u201d, expres\u00f3 el jefe comunal.<\/p>\n<p style=\"text-align: justify;\">Por su parte, el concejal Humberto Pizarro destac\u00f3 la importancia de la entrega de estas concesiones, \u201ces una entrega valiosa para la recreaci\u00f3n y el deporte\u201d, sostuvo, resaltando adem\u00e1s, la labor de la gestora territorial de la Seremi de Bienes Nacionales en O&#8217;Higgins, gracias a la ejecuci\u00f3n del Programa de Regularizaci\u00f3n de la Provincia de Capit\u00e1n Prat, con el financiamiento del Gobierno Regional de Ays\u00e9n.<\/p>\n<\/div><\/section><\/div><div  style='height:50px' class='hr hr-invisible   avia-builder-el-6  el_after_av_one_full  el_before_av_social_share '><span class='hr-inner ' ><span class='hr-inner-style'><\/span><\/span><\/div><\/p>\n<div  class='av-social-sharing-box  avia-builder-el-7  el_after_av_hr  el_before_av_hr  '><div class='av-share-box'><h5 class='av-share-link-description av-no-toc '>Compartir esta noticia<\/h5><ul class='av-share-box-list noLightbox'><li class='av-share-link av-social-link-facebook' ><a target=\"_blank\" aria-label=\"Compartir en Facebook\" href='https:\/\/www.facebook.com\/sharer.php?u=https:\/\/radiorevelacionfm.cl\/?p=45853&#038;t=Bienes%20Nacionales%20hizo%20entrega%20oficial%20de%20tres%20concesiones%20a%20la%20comunidad%20de%20Villa%20O%E2%80%99Higgins' aria-hidden='false' data-av_icon='\ue8f3' data-av_iconfont='entypo-fontello' title='' data-avia-related-tooltip='Compartir en Facebook' rel=\"noopener\"><span class='avia_hidden_link_text'>Compartir en Facebook<\/span><\/a><\/li><li class='av-share-link av-social-link-twitter' ><a target=\"_blank\" aria-label=\"Compartir en Twitter\" href='https:\/\/twitter.com\/share?text=Bienes%20Nacionales%20hizo%20entrega%20oficial%20de%20tres%20concesiones%20a%20la%20comunidad%20de%20Villa%20O%E2%80%99Higgins&#038;url=https:\/\/radiorevelacionfm.cl\/?p=45853' aria-hidden='false' data-av_icon='\ue8f1' data-av_iconfont='entypo-fontello' title='' data-avia-related-tooltip='Compartir en Twitter' rel=\"noopener\"><span class='avia_hidden_link_text'>Compartir en Twitter<\/span><\/a><\/li><li class='av-share-link av-social-link-whatsapp' ><a target=\"_blank\" aria-label=\"Compartir en Whatsapp\" href='https:\/\/api.whatsapp.com\/send?text=https:\/\/radiorevelacionfm.cl\/?p=45853' aria-hidden='false' data-av_icon='\uf232' data-av_iconfont='entypo-fontello' title='' data-avia-related-tooltip='Compartir en Whatsapp' rel=\"noopener\"><span class='avia_hidden_link_text'>Compartir en Whatsapp<\/span><\/a><\/li><li class='av-share-link av-social-link-linkedin' ><a target=\"_blank\" aria-label=\"Compartir en LinkedIn\" href='https:\/\/linkedin.com\/shareArticle?mini=true&#038;title=Bienes%20Nacionales%20hizo%20entrega%20oficial%20de%20tres%20concesiones%20a%20la%20comunidad%20de%20Villa%20O%E2%80%99Higgins&#038;url=https:\/\/radiorevelacionfm.cl\/?p=45853' aria-hidden='false' data-av_icon='\ue8fc' data-av_iconfont='entypo-fontello' title='' data-avia-related-tooltip='Compartir en LinkedIn' rel=\"noopener\"><span class='avia_hidden_link_text'>Compartir en LinkedIn<\/span><\/a><\/li><li class='av-share-link av-social-link-mail' ><a  aria-label=\"Compartir por correo\" href='mailto:?subject=Bienes%20Nacionales%20hizo%20entrega%20oficial%20de%20tres%20concesiones%20a%20la%20comunidad%20de%20Villa%20O%E2%80%99Higgins&#038;body=https:\/\/radiorevelacionfm.cl\/?p=45853' aria-hidden='false' data-av_icon='\ue805' data-av_iconfont='entypo-fontello' title='' data-avia-related-tooltip='Compartir por correo'><span class='avia_hidden_link_text'>Compartir por correo<\/span><\/a><\/li><\/ul><\/div><\/div>\n<div  style='height:50px' class='hr hr-invisible   avia-builder-el-8  el_after_av_social_share  el_before_av_comments_list '><span class='hr-inner ' ><span class='hr-inner-style'><\/span><\/span><\/div>\n<div  class='av-buildercomment  av-blog-meta-html-info-disabled av-blog-meta-tag-disabled  '><\/div>\n","protected":false},"excerpt":{"rendered":"","protected":false},"author":1,"featured_media":45854,"comment_status":"open","ping_status":"open","sticky":false,"template":"","format":"standard","meta":{"footnotes":""},"categories":[38],"tags":[],"class_list":["post-45853","post","type-post","status-publish","format-standard","has-post-thumbnail","hentry","category-regional"],"jetpack_featured_media_url":"https:\/\/radiorevelacionfm.cl\/wp-content\/uploads\/2024\/09\/whatsapp-image-2024-09-04-at-8_optimized.39.34-am-1.jpeg","_links":{"self":[{"href":"https:\/\/radiorevelacionfm.cl\/index.php?rest_route=\/wp\/v2\/posts\/45853","targetHints":{"allow":["GET"]}}],"collection":[{"href":"https:\/\/radiorevelacionfm.cl\/index.php?rest_route=\/wp\/v2\/posts"}],"about":[{"href":"https:\/\/radiorevelacionfm.cl\/index.php?rest_route=\/wp\/v2\/types\/post"}],"author":[{"embeddable":true,"href":"https:\/\/radiorevelacionfm.cl\/index.php?rest_route=\/wp\/v2\/users\/1"}],"replies":[{"embeddable":true,"href":"https:\/\/radiorevelacionfm.cl\/index.php?rest_route=%2Fwp%2Fv2%2Fcomments&post=45853"}],"version-history":[{"count":1,"href":"https:\/\/radiorevelacionfm.cl\/index.php?rest_route=\/wp\/v2\/posts\/45853\/revisions"}],"predecessor-version":[{"id":45855,"href":"https:\/\/radiorevelacionfm.cl\/index.php?rest_route=\/wp\/v2\/posts\/45853\/revisions\/45855"}],"wp:featuredmedia":[{"embeddable":true,"href":"https:\/\/radiorevelacionfm.cl\/index.php?rest_route=\/wp\/v2\/media\/45854"}],"wp:attachment":[{"href":"https:\/\/radiorevelacionfm.cl\/index.php?rest_route=%2Fwp%2Fv2%2Fmedia&parent=45853"}],"wp:term":[{"taxonomy":"category","embeddable":true,"href":"https:\/\/radiorevelacionfm.cl\/index.php?rest_route=%2Fwp%2Fv2%2Fcategories&post=45853"},{"taxonomy":"post_tag","embeddable":true,"href":"https:\/\/radiorevelacionfm.cl\/index.php?rest_route=%2Fwp%2Fv2%2Ftags&post=45853"}],"curies":[{"name":"wp","href":"https:\/\/api.w.org\/{rel}","templated":true}]}}