{"id":45849,"date":"2024-09-04T16:01:11","date_gmt":"2024-09-04T19:01:11","guid":{"rendered":"https:\/\/radiorevelacionfm.cl\/?p=45849"},"modified":"2024-09-04T16:01:11","modified_gmt":"2024-09-04T19:01:11","slug":"feria-de-turismo-aysen-patagonia-2024-un-encuentro-para-fomentar-el-turismo-interno-regional","status":"publish","type":"post","link":"https:\/\/radiorevelacionfm.cl\/?p=45849","title":{"rendered":"Feria de Turismo Ays\u00e9n Patagonia 2024: Un Encuentro para Fomentar el Turismo Interno regional"},"content":{"rendered":"<div class=\"flex_column av_one_full  flex_column_div av-zero-column-padding first  avia-builder-el-0  el_before_av_one_full  avia-builder-el-first  \" style='border-radius:0px; '><div  class='avia-image-container  av-styling-    avia-builder-el-1  avia-builder-el-no-sibling  avia-align-center '  itemprop=\"image\" itemscope=\"itemscope\" itemtype=\"https:\/\/schema.org\/ImageObject\"  ><div class='avia-image-container-inner'><div class='avia-image-overlay-wrap'><img decoding=\"async\" class='wp-image-45851 avia-img-lazy-loading-not-45851 avia_image' src=\"https:\/\/radiorevelacionfm.cl\/wp-content\/uploads\/2024\/09\/img_0434-1_optimized.jpg\" alt='' title='img_0434-(1)_optimized' height=\"600\" width=\"800\"  itemprop=\"thumbnailUrl\" srcset=\"https:\/\/radiorevelacionfm.cl\/wp-content\/uploads\/2024\/09\/img_0434-1_optimized.jpg 800w, https:\/\/radiorevelacionfm.cl\/wp-content\/uploads\/2024\/09\/img_0434-1_optimized-300x225.jpg 300w, https:\/\/radiorevelacionfm.cl\/wp-content\/uploads\/2024\/09\/img_0434-1_optimized-768x576.jpg 768w, https:\/\/radiorevelacionfm.cl\/wp-content\/uploads\/2024\/09\/img_0434-1_optimized-705x529.jpg 705w, https:\/\/radiorevelacionfm.cl\/wp-content\/uploads\/2024\/09\/img_0434-1_optimized-450x338.jpg 450w, https:\/\/radiorevelacionfm.cl\/wp-content\/uploads\/2024\/09\/img_0434-1_optimized-600x450.jpg 600w\" sizes=\"(max-width: 800px) 100vw, 800px\" \/><\/div><\/div><\/div><\/div><div class=\"flex_column av_one_full  flex_column_div av-zero-column-padding first  avia-builder-el-2  el_after_av_one_full  el_before_av_one_full  column-top-margin\" style='border-radius:0px; '><section class=\"av_textblock_section \"  itemscope=\"itemscope\" itemtype=\"https:\/\/schema.org\/BlogPosting\" itemprop=\"blogPost\" ><div class='avia_textblock  '   itemprop=\"text\" ><p style=\"text-align: center;\"><span style=\"font-size: 18pt;\"><strong>Feria de Turismo Ays\u00e9n Patagonia 2024: Un Encuentro para Fomentar el Turismo Interno regional<\/strong><\/span><\/p>\n<div id=\"gtx-trans\" style=\"position: absolute; left: -50px; top: 4.31534px;\">\n<div class=\"gtx-trans-icon\"><\/div>\n<\/div>\n<\/div><\/section><\/div><div class=\"flex_column av_one_full  flex_column_div av-zero-column-padding first  avia-builder-el-4  el_after_av_one_full  el_before_av_hr  column-top-margin\" style='border-radius:0px; '><section class=\"av_textblock_section \"  itemscope=\"itemscope\" itemtype=\"https:\/\/schema.org\/BlogPosting\" itemprop=\"blogPost\" ><div class='avia_textblock  '   itemprop=\"text\" ><p style=\"text-align: justify;\"><em>Oferta tur\u00edstica, productos regionales, muestras gastron\u00f3micas, actividades para ni\u00f1os y mucho m\u00e1s, se podr\u00e1 encontrar en este evento que busca impulsar el turismo local.<\/em><\/p>\n<p style=\"text-align: justify;\">El pr\u00f3ximo s\u00e1bado 7 de septiembre, la Plaza de Armas de Coyhaique se transformar\u00e1 en el epicentro del turismo regional con la realizaci\u00f3n de la Feria de Turismo Ays\u00e9n Patagonia 2024, organizada por Sernatur Ays\u00e9n, con la que se dar\u00e1 inicio al mes del turismo en la regi\u00f3n. La feria tiene como prop\u00f3sito principal incentivar el turismo interno, invitando a los habitantes de Coyhaique a descubrir y disfrutar de la belleza natural y cultural que la regi\u00f3n de Ays\u00e9n tiene para ofrecer.<\/p>\n<p style=\"text-align: justify;\">El director regional de Sernatur Ays\u00e9n, Claudio Montecinos, extendi\u00f3 la invitaci\u00f3n a toda la comunidad. \u00abEn el marco de las actividades que estamos organizando para la celebraci\u00f3n del D\u00eda Mundial del Turismo, realizaremos una feria de turismo que busca dar a conocer la oferta tur\u00edstica del destino Ays\u00e9n Patagonia, con el objetivo de promover el turismo interno en nuestra regi\u00f3n\u00bb. Montecinos adem\u00e1s agreg\u00f3 que \u00aben esta feria, adem\u00e1s, nos acompa\u00f1ar\u00e1n representantes del Ente Turismo de Comodoro Rivadavia, resultado del trabajo de colaboraci\u00f3n que se est\u00e1 desarrollando con la ciudad austral argentina\u00bb.<\/p>\n<p style=\"text-align: justify;\">La feria contar\u00e1 con la participaci\u00f3n de prestadores de servicios tur\u00edsticos que mostrar\u00e1n la oferta disponible para hacer turismo en la regi\u00f3n, tambi\u00e9n participar\u00e1n artesanos y emprendedores regionales, quienes exhibir\u00e1n sus productos y servicios al p\u00fablico.<\/p>\n<p style=\"text-align: justify;\">Entre las atracciones destacadas se encuentran una muestra gastron\u00f3mica a cargo de Inacap y otra muestra de cocina regional, donde los asistentes podr\u00e1n deleitarse con sabores locales. Tambi\u00e9n habr\u00e1 presentaciones folcl\u00f3ricas, un punto fotogr\u00e1fico para capturar momentos especiales, clases de yoga y un espacio dedicado a los ni\u00f1os con actividades como pinta caritas, entre muchas otras sorpresas.<\/p>\n<p style=\"text-align: justify;\">La Feria de Turismo Ays\u00e9n Patagonia 2024 promete ser un evento imperdible para quienes desean conocer m\u00e1s sobre las riquezas tur\u00edsticas de la regi\u00f3n y disfrutar de un d\u00eda lleno de cultura, gastronom\u00eda y entretenimiento en el coraz\u00f3n de Coyhaique, la que se llevar\u00e1 a cabo entre las 11:00 y las 19:00 horas del s\u00e1bado 7 de septiembre.<\/p>\n<\/div><\/section><\/div><div  style='height:50px' class='hr hr-invisible   avia-builder-el-6  el_after_av_one_full  el_before_av_social_share '><span class='hr-inner ' ><span class='hr-inner-style'><\/span><\/span><\/div><\/p>\n<div  class='av-social-sharing-box  avia-builder-el-7  el_after_av_hr  el_before_av_hr  '><div class='av-share-box'><h5 class='av-share-link-description av-no-toc '>Compartir esta noticia<\/h5><ul class='av-share-box-list noLightbox'><li class='av-share-link av-social-link-facebook' ><a target=\"_blank\" aria-label=\"Compartir en Facebook\" href='https:\/\/www.facebook.com\/sharer.php?u=https:\/\/radiorevelacionfm.cl\/?p=45849&#038;t=Feria%20de%20Turismo%20Ays%C3%A9n%20Patagonia%202024%3A%20Un%20Encuentro%20para%20Fomentar%20el%20Turismo%20Interno%20regional' aria-hidden='false' data-av_icon='\ue8f3' data-av_iconfont='entypo-fontello' title='' data-avia-related-tooltip='Compartir en Facebook' rel=\"noopener\"><span class='avia_hidden_link_text'>Compartir en Facebook<\/span><\/a><\/li><li class='av-share-link av-social-link-twitter' ><a target=\"_blank\" aria-label=\"Compartir en Twitter\" href='https:\/\/twitter.com\/share?text=Feria%20de%20Turismo%20Ays%C3%A9n%20Patagonia%202024%3A%20Un%20Encuentro%20para%20Fomentar%20el%20Turismo%20Interno%20regional&#038;url=https:\/\/radiorevelacionfm.cl\/?p=45849' aria-hidden='false' data-av_icon='\ue8f1' data-av_iconfont='entypo-fontello' title='' data-avia-related-tooltip='Compartir en Twitter' rel=\"noopener\"><span class='avia_hidden_link_text'>Compartir en Twitter<\/span><\/a><\/li><li class='av-share-link av-social-link-whatsapp' ><a target=\"_blank\" aria-label=\"Compartir en Whatsapp\" href='https:\/\/api.whatsapp.com\/send?text=https:\/\/radiorevelacionfm.cl\/?p=45849' aria-hidden='false' data-av_icon='\uf232' data-av_iconfont='entypo-fontello' title='' data-avia-related-tooltip='Compartir en Whatsapp' rel=\"noopener\"><span class='avia_hidden_link_text'>Compartir en Whatsapp<\/span><\/a><\/li><li class='av-share-link av-social-link-linkedin' ><a target=\"_blank\" aria-label=\"Compartir en LinkedIn\" href='https:\/\/linkedin.com\/shareArticle?mini=true&#038;title=Feria%20de%20Turismo%20Ays%C3%A9n%20Patagonia%202024%3A%20Un%20Encuentro%20para%20Fomentar%20el%20Turismo%20Interno%20regional&#038;url=https:\/\/radiorevelacionfm.cl\/?p=45849' aria-hidden='false' data-av_icon='\ue8fc' data-av_iconfont='entypo-fontello' title='' data-avia-related-tooltip='Compartir en LinkedIn' rel=\"noopener\"><span class='avia_hidden_link_text'>Compartir en LinkedIn<\/span><\/a><\/li><li class='av-share-link av-social-link-mail' ><a  aria-label=\"Compartir por correo\" href='mailto:?subject=Feria%20de%20Turismo%20Ays%C3%A9n%20Patagonia%202024%3A%20Un%20Encuentro%20para%20Fomentar%20el%20Turismo%20Interno%20regional&#038;body=https:\/\/radiorevelacionfm.cl\/?p=45849' aria-hidden='false' data-av_icon='\ue805' data-av_iconfont='entypo-fontello' title='' data-avia-related-tooltip='Compartir por correo'><span class='avia_hidden_link_text'>Compartir por correo<\/span><\/a><\/li><\/ul><\/div><\/div>\n<div  style='height:50px' class='hr hr-invisible   avia-builder-el-8  el_after_av_social_share  el_before_av_comments_list '><span class='hr-inner ' ><span class='hr-inner-style'><\/span><\/span><\/div>\n<div  class='av-buildercomment  av-blog-meta-html-info-disabled av-blog-meta-tag-disabled  '><\/div>\n","protected":false},"excerpt":{"rendered":"","protected":false},"author":1,"featured_media":45851,"comment_status":"open","ping_status":"open","sticky":false,"template":"","format":"standard","meta":{"footnotes":""},"categories":[54],"tags":[],"class_list":["post-45849","post","type-post","status-publish","format-standard","has-post-thumbnail","hentry","category-turismo"],"jetpack_featured_media_url":"https:\/\/radiorevelacionfm.cl\/wp-content\/uploads\/2024\/09\/img_0434-1_optimized.jpg","_links":{"self":[{"href":"https:\/\/radiorevelacionfm.cl\/index.php?rest_route=\/wp\/v2\/posts\/45849","targetHints":{"allow":["GET"]}}],"collection":[{"href":"https:\/\/radiorevelacionfm.cl\/index.php?rest_route=\/wp\/v2\/posts"}],"about":[{"href":"https:\/\/radiorevelacionfm.cl\/index.php?rest_route=\/wp\/v2\/types\/post"}],"author":[{"embeddable":true,"href":"https:\/\/radiorevelacionfm.cl\/index.php?rest_route=\/wp\/v2\/users\/1"}],"replies":[{"embeddable":true,"href":"https:\/\/radiorevelacionfm.cl\/index.php?rest_route=%2Fwp%2Fv2%2Fcomments&post=45849"}],"version-history":[{"count":1,"href":"https:\/\/radiorevelacionfm.cl\/index.php?rest_route=\/wp\/v2\/posts\/45849\/revisions"}],"predecessor-version":[{"id":45852,"href":"https:\/\/radiorevelacionfm.cl\/index.php?rest_route=\/wp\/v2\/posts\/45849\/revisions\/45852"}],"wp:featuredmedia":[{"embeddable":true,"href":"https:\/\/radiorevelacionfm.cl\/index.php?rest_route=\/wp\/v2\/media\/45851"}],"wp:attachment":[{"href":"https:\/\/radiorevelacionfm.cl\/index.php?rest_route=%2Fwp%2Fv2%2Fmedia&parent=45849"}],"wp:term":[{"taxonomy":"category","embeddable":true,"href":"https:\/\/radiorevelacionfm.cl\/index.php?rest_route=%2Fwp%2Fv2%2Fcategories&post=45849"},{"taxonomy":"post_tag","embeddable":true,"href":"https:\/\/radiorevelacionfm.cl\/index.php?rest_route=%2Fwp%2Fv2%2Ftags&post=45849"}],"curies":[{"name":"wp","href":"https:\/\/api.w.org\/{rel}","templated":true}]}}