{"id":45845,"date":"2024-09-03T23:33:51","date_gmt":"2024-09-04T02:33:51","guid":{"rendered":"https:\/\/radiorevelacionfm.cl\/?p=45845"},"modified":"2024-09-03T23:33:51","modified_gmt":"2024-09-04T02:33:51","slug":"sernageomin-entrega-reporte-sobre-actividad-sismica-en-volcan-cay","status":"publish","type":"post","link":"https:\/\/radiorevelacionfm.cl\/?p=45845","title":{"rendered":"Sernageomin entrega reporte sobre actividad s\u00edsmica en Volc\u00e1n Cay"},"content":{"rendered":"<div class=\"flex_column av_one_full  flex_column_div av-zero-column-padding first  avia-builder-el-0  el_before_av_one_full  avia-builder-el-first  \" style='border-radius:0px; '><div  class='avia-image-container  av-styling-    avia-builder-el-1  avia-builder-el-no-sibling  avia-align-center '  itemprop=\"image\" itemscope=\"itemscope\" itemtype=\"https:\/\/schema.org\/ImageObject\"  ><div class='avia-image-container-inner'><div class='avia-image-overlay-wrap'><img decoding=\"async\" class='wp-image-45847 avia-img-lazy-loading-not-45847 avia_image' src=\"https:\/\/radiorevelacionfm.cl\/wp-content\/uploads\/2024\/09\/Volcan-Cay-1-1.jpg\" alt='' title='Volcan-Cay (1) (1)' height=\"600\" width=\"1029\"  itemprop=\"thumbnailUrl\" srcset=\"https:\/\/radiorevelacionfm.cl\/wp-content\/uploads\/2024\/09\/Volcan-Cay-1-1.jpg 1029w, https:\/\/radiorevelacionfm.cl\/wp-content\/uploads\/2024\/09\/Volcan-Cay-1-1-300x175.jpg 300w, https:\/\/radiorevelacionfm.cl\/wp-content\/uploads\/2024\/09\/Volcan-Cay-1-1-768x448.jpg 768w, https:\/\/radiorevelacionfm.cl\/wp-content\/uploads\/2024\/09\/Volcan-Cay-1-1-705x411.jpg 705w, https:\/\/radiorevelacionfm.cl\/wp-content\/uploads\/2024\/09\/Volcan-Cay-1-1-450x262.jpg 450w, https:\/\/radiorevelacionfm.cl\/wp-content\/uploads\/2024\/09\/Volcan-Cay-1-1-600x350.jpg 600w\" sizes=\"(max-width: 1029px) 100vw, 1029px\" \/><\/div><\/div><\/div><\/div><div class=\"flex_column av_one_full  flex_column_div av-zero-column-padding first  avia-builder-el-2  el_after_av_one_full  el_before_av_one_full  column-top-margin\" style='border-radius:0px; '><section class=\"av_textblock_section \"  itemscope=\"itemscope\" itemtype=\"https:\/\/schema.org\/BlogPosting\" itemprop=\"blogPost\" ><div class='avia_textblock  '   itemprop=\"text\" ><p style=\"text-align: center;\"><strong><span style=\"font-size: 18pt;\">Sernageomin entrega reporte sobre actividad s\u00edsmica en Volc\u00e1n Cay <\/span><\/strong><\/p>\n<div id=\"gtx-trans\" style=\"position: absolute; left: -50px; top: 4.31534px;\">\n<div class=\"gtx-trans-icon\"><\/div>\n<\/div>\n<\/div><\/section><\/div><div class=\"flex_column av_one_full  flex_column_div av-zero-column-padding first  avia-builder-el-4  el_after_av_one_full  el_before_av_hr  column-top-margin\" style='border-radius:0px; '><section class=\"av_textblock_section \"  itemscope=\"itemscope\" itemtype=\"https:\/\/schema.org\/BlogPosting\" itemprop=\"blogPost\" ><div class='avia_textblock  '   itemprop=\"text\" ><p style=\"text-align: justify;\">Los instrumentos de vigilancia volc\u00e1nica desplegados en la Regi\u00f3n de Ays\u00e9n han detectado un aumento de la actividad s\u00edsmica en las cercan\u00edas del volc\u00e1n Cay, fen\u00f3meno que se habr\u00eda iniciado a finales de agosto de 2024, aunque particularmente intenso el domingo 01 de septiembre. Esta actividad se concentra a unos ~45 km al noroeste de Puerto Ays\u00e9n, entre los fiordos Puyuhuapi y Ays\u00e9n, en el flanco suroeste del volc\u00e1n. A la fecha, no existe registro de percepci\u00f3n de esta actividad por parte de la poblaci\u00f3n local.<\/p>\n<p style=\"text-align: justify;\"><strong><span style=\"font-size: 12pt;\">Actividad s\u00edsmica hist\u00f3rica<\/span><\/strong><\/p>\n<p style=\"text-align: justify;\">El monitoreo instrumental del volc\u00e1n Cay fue iniciada en el a\u00f1o 2012, y se ha caracterizado casi exclusivamente por actividad s\u00edsmica de ruptura o volcano-tect\u00f3nica (VT), es decir la sismicidad asociada a din\u00e1mica de fluidos se encuentra pr\u00e1cticamente ausente en los registros. La distribuci\u00f3n temporal de esta sismicidad sugiere un bajo registro, alcanzando valores m\u00e1ximos diarios en torno a 30 eventos. Aunque no existe una clara tendencia, se observan ciertos enjambres y\/o disparos s\u00edsmicos. En particular, periodos de mayor actividad se han observado a mediados de 2014, entre los a\u00f1os 2017-2018 y recientemente entre fines de agosto e inicios de septiembre 2024.<\/p>\n<p style=\"text-align: justify;\">Las magnitudes locales de los eventos identificados alcanzan valores m\u00e1ximos de 2,8 y 2,7; y 2,6 durante los 2024 y 2018 respectivamente. Los registros de sismicidad, las localizaciones y tama\u00f1os de los eventos, sugieren un sistema volc\u00e1nico con baja actividad interna, indicando un sistema relativamente estable. Por otra parte, la ausencia de din\u00e1mica de fluidos en los registros refuerza esta observaci\u00f3n. A la fecha de emisi\u00f3n de este reporte, el registro de actividad s\u00edsmica ha deca\u00eddo notablemente, y en consecuencia <strong>se mantiene el nivel de alerta t\u00e9cnica verde <\/strong>para este volc\u00e1n.<\/p>\n<p style=\"text-align: justify;\"><strong><span style=\"font-size: 12pt;\">Geolog\u00eda y Peligros<\/span><\/strong><\/p>\n<p style=\"text-align: justify;\">El volc\u00e1n Cay, corresponde a un estratovolc\u00e1n de 2.200 m s.n.m. originado a partir de sucesivas emisiones de flujos de lava y material pirocl\u00e1stico desde su cr\u00e1ter central. Seg\u00fan el \u00faltimo Ranking de Riesgo Espec\u00edfico, elaborado por SERNAGEOMIN, se ubica en la categor\u00eda 4 (bajo riesgo), en la posici\u00f3n n\u00famero 63. Por otro lado, el volc\u00e1n Mac\u00e1 se localiza a una distancia de 15 km hacia el suroeste del Cay, y se encuentra en la categor\u00eda 3 del ranking (moderado riesgo), en la posici\u00f3n 39. Ambos volcanes se caracterizan por estar profundamente erosionados producto de la acci\u00f3n glaciar y por mantener un casquete de hielo en su cumbre. En sus alrededores se emplazan numerosos centros eruptivos menores, algunos de ellos adventicios a los volcanes principales.<\/p>\n<p style=\"text-align: justify;\">Si bien el volc\u00e1n Cay no posee registro de actividad volc\u00e1nica en los \u00faltimos siglos, es considerado un volc\u00e1n geol\u00f3gicamente activo. De esta manera una erupci\u00f3n futura podr\u00eda tener lugar a trav\u00e9s del cr\u00e1ter principal o bien por medio de la generaci\u00f3n de un nuevo centro de emisi\u00f3n.<\/p>\n<p style=\"text-align: justify;\">En caso de una potencial reactivaci\u00f3n, ser\u00eda esperable la generaci\u00f3n de lahares o aluviones volc\u00e1nicos, los que podr\u00edan afectar los valles de los r\u00edos Marta hacia el fiordo Puyuhuapi y de aquellos que confluyen al lago Yulton. Adem\u00e1s, la ca\u00edda de ceniza podr\u00eda afectar los valles de los r\u00edos Pistola, Pangal y Tabo, as\u00ed como localidades ubicadas hacia el este y sureste del volc\u00e1n, como Puerto Ays\u00e9n y Villa Ma\u00f1ihuales. En funci\u00f3n de la direcci\u00f3n de viento, as\u00ed como del tama\u00f1o y duraci\u00f3n de la erupci\u00f3n, otras localidades de la regi\u00f3n podr\u00edan ser eventualmente afectadas.<\/p>\n<\/div><\/section><\/div><div  style='height:50px' class='hr hr-invisible   avia-builder-el-6  el_after_av_one_full  el_before_av_social_share '><span class='hr-inner ' ><span class='hr-inner-style'><\/span><\/span><\/div><\/p>\n<div  class='av-social-sharing-box  avia-builder-el-7  el_after_av_hr  el_before_av_hr  '><div class='av-share-box'><h5 class='av-share-link-description av-no-toc '>Compartir esta noticia<\/h5><ul class='av-share-box-list noLightbox'><li class='av-share-link av-social-link-facebook' ><a target=\"_blank\" aria-label=\"Compartir en Facebook\" href='https:\/\/www.facebook.com\/sharer.php?u=https:\/\/radiorevelacionfm.cl\/?p=45845&#038;t=Sernageomin%20entrega%20reporte%20sobre%20actividad%20s%C3%ADsmica%20en%20Volc%C3%A1n%20Cay' aria-hidden='false' data-av_icon='\ue8f3' data-av_iconfont='entypo-fontello' title='' data-avia-related-tooltip='Compartir en Facebook' rel=\"noopener\"><span class='avia_hidden_link_text'>Compartir en Facebook<\/span><\/a><\/li><li class='av-share-link av-social-link-twitter' ><a target=\"_blank\" aria-label=\"Compartir en Twitter\" href='https:\/\/twitter.com\/share?text=Sernageomin%20entrega%20reporte%20sobre%20actividad%20s%C3%ADsmica%20en%20Volc%C3%A1n%20Cay&#038;url=https:\/\/radiorevelacionfm.cl\/?p=45845' aria-hidden='false' data-av_icon='\ue8f1' data-av_iconfont='entypo-fontello' title='' data-avia-related-tooltip='Compartir en Twitter' rel=\"noopener\"><span class='avia_hidden_link_text'>Compartir en Twitter<\/span><\/a><\/li><li class='av-share-link av-social-link-whatsapp' ><a target=\"_blank\" aria-label=\"Compartir en Whatsapp\" href='https:\/\/api.whatsapp.com\/send?text=https:\/\/radiorevelacionfm.cl\/?p=45845' aria-hidden='false' data-av_icon='\uf232' data-av_iconfont='entypo-fontello' title='' data-avia-related-tooltip='Compartir en Whatsapp' rel=\"noopener\"><span class='avia_hidden_link_text'>Compartir en Whatsapp<\/span><\/a><\/li><li class='av-share-link av-social-link-linkedin' ><a target=\"_blank\" aria-label=\"Compartir en LinkedIn\" href='https:\/\/linkedin.com\/shareArticle?mini=true&#038;title=Sernageomin%20entrega%20reporte%20sobre%20actividad%20s%C3%ADsmica%20en%20Volc%C3%A1n%20Cay&#038;url=https:\/\/radiorevelacionfm.cl\/?p=45845' aria-hidden='false' data-av_icon='\ue8fc' data-av_iconfont='entypo-fontello' title='' data-avia-related-tooltip='Compartir en LinkedIn' rel=\"noopener\"><span class='avia_hidden_link_text'>Compartir en LinkedIn<\/span><\/a><\/li><li class='av-share-link av-social-link-mail' ><a  aria-label=\"Compartir por correo\" href='mailto:?subject=Sernageomin%20entrega%20reporte%20sobre%20actividad%20s%C3%ADsmica%20en%20Volc%C3%A1n%20Cay&#038;body=https:\/\/radiorevelacionfm.cl\/?p=45845' aria-hidden='false' data-av_icon='\ue805' data-av_iconfont='entypo-fontello' title='' data-avia-related-tooltip='Compartir por correo'><span class='avia_hidden_link_text'>Compartir por correo<\/span><\/a><\/li><\/ul><\/div><\/div>\n<div  style='height:50px' class='hr hr-invisible   avia-builder-el-8  el_after_av_social_share  el_before_av_comments_list '><span class='hr-inner ' ><span class='hr-inner-style'><\/span><\/span><\/div>\n<div  class='av-buildercomment  av-blog-meta-html-info-disabled av-blog-meta-tag-disabled  '><\/div>\n","protected":false},"excerpt":{"rendered":"","protected":false},"author":1,"featured_media":45847,"comment_status":"open","ping_status":"open","sticky":false,"template":"","format":"standard","meta":{"footnotes":""},"categories":[38],"tags":[],"class_list":["post-45845","post","type-post","status-publish","format-standard","has-post-thumbnail","hentry","category-regional"],"jetpack_featured_media_url":"https:\/\/radiorevelacionfm.cl\/wp-content\/uploads\/2024\/09\/Volcan-Cay-1-1.jpg","_links":{"self":[{"href":"https:\/\/radiorevelacionfm.cl\/index.php?rest_route=\/wp\/v2\/posts\/45845","targetHints":{"allow":["GET"]}}],"collection":[{"href":"https:\/\/radiorevelacionfm.cl\/index.php?rest_route=\/wp\/v2\/posts"}],"about":[{"href":"https:\/\/radiorevelacionfm.cl\/index.php?rest_route=\/wp\/v2\/types\/post"}],"author":[{"embeddable":true,"href":"https:\/\/radiorevelacionfm.cl\/index.php?rest_route=\/wp\/v2\/users\/1"}],"replies":[{"embeddable":true,"href":"https:\/\/radiorevelacionfm.cl\/index.php?rest_route=%2Fwp%2Fv2%2Fcomments&post=45845"}],"version-history":[{"count":1,"href":"https:\/\/radiorevelacionfm.cl\/index.php?rest_route=\/wp\/v2\/posts\/45845\/revisions"}],"predecessor-version":[{"id":45848,"href":"https:\/\/radiorevelacionfm.cl\/index.php?rest_route=\/wp\/v2\/posts\/45845\/revisions\/45848"}],"wp:featuredmedia":[{"embeddable":true,"href":"https:\/\/radiorevelacionfm.cl\/index.php?rest_route=\/wp\/v2\/media\/45847"}],"wp:attachment":[{"href":"https:\/\/radiorevelacionfm.cl\/index.php?rest_route=%2Fwp%2Fv2%2Fmedia&parent=45845"}],"wp:term":[{"taxonomy":"category","embeddable":true,"href":"https:\/\/radiorevelacionfm.cl\/index.php?rest_route=%2Fwp%2Fv2%2Fcategories&post=45845"},{"taxonomy":"post_tag","embeddable":true,"href":"https:\/\/radiorevelacionfm.cl\/index.php?rest_route=%2Fwp%2Fv2%2Ftags&post=45845"}],"curies":[{"name":"wp","href":"https:\/\/api.w.org\/{rel}","templated":true}]}}