{"id":45841,"date":"2024-09-03T20:30:31","date_gmt":"2024-09-03T23:30:31","guid":{"rendered":"https:\/\/radiorevelacionfm.cl\/?p=45841"},"modified":"2024-09-03T20:30:31","modified_gmt":"2024-09-03T23:30:31","slug":"actividad-no-cesa-volcan-cay-en-la-region-de-aysen-registra-91-sismos-en-33-horas","status":"publish","type":"post","link":"https:\/\/radiorevelacionfm.cl\/?p=45841","title":{"rendered":"Actividad no cesa: Volc\u00e1n Cay en la regi\u00f3n de Ays\u00e9n registra 91 sismos en 33 horas"},"content":{"rendered":"<div class=\"flex_column av_one_full  flex_column_div av-zero-column-padding first  avia-builder-el-0  el_before_av_one_full  avia-builder-el-first  \" style='border-radius:0px; '><div  class='avia-image-container  av-styling-    avia-builder-el-1  avia-builder-el-no-sibling  avia-align-center '  itemprop=\"image\" itemscope=\"itemscope\" itemtype=\"https:\/\/schema.org\/ImageObject\"  ><div class='avia-image-container-inner'><div class='avia-image-overlay-wrap'><img decoding=\"async\" class='wp-image-45843 avia-img-lazy-loading-not-45843 avia_image' src=\"https:\/\/radiorevelacionfm.cl\/wp-content\/uploads\/2024\/09\/cay-y-maca-ivan-ivelicautorizada-800x416-1-1_optimized.jpg\" alt='' title='cay-y-mac\u00e1-ivan-ivelicautorizada-800x416-(1)-(1)_optimized' height=\"600\" width=\"971\"  itemprop=\"thumbnailUrl\" srcset=\"https:\/\/radiorevelacionfm.cl\/wp-content\/uploads\/2024\/09\/cay-y-maca-ivan-ivelicautorizada-800x416-1-1_optimized.jpg 971w, https:\/\/radiorevelacionfm.cl\/wp-content\/uploads\/2024\/09\/cay-y-maca-ivan-ivelicautorizada-800x416-1-1_optimized-300x185.jpg 300w, https:\/\/radiorevelacionfm.cl\/wp-content\/uploads\/2024\/09\/cay-y-maca-ivan-ivelicautorizada-800x416-1-1_optimized-768x475.jpg 768w, https:\/\/radiorevelacionfm.cl\/wp-content\/uploads\/2024\/09\/cay-y-maca-ivan-ivelicautorizada-800x416-1-1_optimized-705x436.jpg 705w, https:\/\/radiorevelacionfm.cl\/wp-content\/uploads\/2024\/09\/cay-y-maca-ivan-ivelicautorizada-800x416-1-1_optimized-450x278.jpg 450w, https:\/\/radiorevelacionfm.cl\/wp-content\/uploads\/2024\/09\/cay-y-maca-ivan-ivelicautorizada-800x416-1-1_optimized-600x371.jpg 600w\" sizes=\"(max-width: 971px) 100vw, 971px\" \/><\/div><\/div><\/div><\/div><div class=\"flex_column av_one_full  flex_column_div av-zero-column-padding first  avia-builder-el-2  el_after_av_one_full  el_before_av_one_full  column-top-margin\" style='border-radius:0px; '><section class=\"av_textblock_section \"  itemscope=\"itemscope\" itemtype=\"https:\/\/schema.org\/BlogPosting\" itemprop=\"blogPost\" ><div class='avia_textblock  '   itemprop=\"text\" ><p style=\"text-align: center;\"><strong><span style=\"font-size: 18pt;\">Actividad no cesa: Volc\u00e1n Cay en la regi\u00f3n de Ays\u00e9n registra 91 sismos en 33 horas<\/span><\/strong><\/p>\n<div id=\"gtx-trans\" style=\"position: absolute; left: -50px; top: 4.31534px;\">\n<div class=\"gtx-trans-icon\"><\/div>\n<\/div>\n<\/div><\/section><\/div><div class=\"flex_column av_one_full  flex_column_div av-zero-column-padding first  avia-builder-el-4  el_after_av_one_full  el_before_av_hr  column-top-margin\" style='border-radius:0px; '><section class=\"av_textblock_section \"  itemscope=\"itemscope\" itemtype=\"https:\/\/schema.org\/BlogPosting\" itemprop=\"blogPost\" ><div class='avia_textblock  '   itemprop=\"text\" ><p style=\"text-align: justify;\">La Red Geocient\u00edfica de Chile ha informado un aumento significativo en la actividad s\u00edsmica alrededor del Volc\u00e1n Cay, ubicado en la regi\u00f3n de Ays\u00e9n. Este fen\u00f3meno comenz\u00f3 la ma\u00f1ana del domingo 1 de septiembre y, en un per\u00edodo de aproximadamente 33 horas, se registraron 91 sismos en la zona.<\/p>\n<p style=\"text-align: justify;\"><strong>Detalles de la actividad s\u00edsmica<\/strong><\/p>\n<p style=\"text-align: justify;\">Seg\u00fan los datos proporcionados por la entidad \u201cnuestro equipo de analistas ha detectado la ocurrencia de 91 sismos en cerca de 33 horas. La secuencia comenz\u00f3 a eso de las 06:11 hora chilena del 01\/09 y el \u00faltimo evento registrado hasta el momento ocurri\u00f3 a las 15:05 hora chilena del 02\/09\u201d.<\/p>\n<p style=\"text-align: justify;\">Los sismos han presentado magnitudes que var\u00edan entre 0.6 y 2.7 ML, con profundidades situadas entre los 3 y 15 km, localiz\u00e1ndose principalmente cerca del cr\u00e1ter del Volc\u00e1n Cay.<\/p>\n<p style=\"text-align: justify;\"><strong>Disminuci\u00f3n de la actividad s\u00edsmica<\/strong><\/p>\n<p style=\"text-align: justify;\">La Red Geocient\u00edfica tambi\u00e9n se\u00f1al\u00f3 una \u201cpaulatina disminuci\u00f3n en la cantidad, magnitud y frecuencia de la sismicidad en las \u00faltimas horas\u201d, aunque advirtieron que esta reducci\u00f3n no necesariamente implica el fin del fen\u00f3meno.<\/p>\n<p style=\"text-align: justify;\">Adem\u00e1s, se ha observado un leve aumento en la sismicidad diaria en las \u00faltimas semanas, seg\u00fan los registros del Servicio Nacional de Geolog\u00eda y Miner\u00eda (Sernageomin), aunque no ha habido cambios significativos en el comportamiento interno del volc\u00e1n, que se mantiene en alerta t\u00e9cnica nivel verde.<\/p>\n<p style=\"text-align: justify;\"><strong>Posible relaci\u00f3n con fallas geol\u00f3gicas<\/strong><\/p>\n<p style=\"text-align: justify;\">Finalmente, los expertos explicaron que, a pesar de la actividad cerca del volc\u00e1n Cay, estos sismos podr\u00edan estar relacionados m\u00e1s con una falla geol\u00f3gica cortical vinculada al sistema de fallas de Liqui\u00f1e-Ofqui, una estructura tect\u00f3nica que atraviesa varios volcanes activos del sur de Chile.<\/p>\n<\/div><\/section><\/div><div  style='height:50px' class='hr hr-invisible   avia-builder-el-6  el_after_av_one_full  el_before_av_social_share '><span class='hr-inner ' ><span class='hr-inner-style'><\/span><\/span><\/div><\/p>\n<div  class='av-social-sharing-box  avia-builder-el-7  el_after_av_hr  el_before_av_hr  '><div class='av-share-box'><h5 class='av-share-link-description av-no-toc '>Compartir esta noticia<\/h5><ul class='av-share-box-list noLightbox'><li class='av-share-link av-social-link-facebook' ><a target=\"_blank\" aria-label=\"Compartir en Facebook\" href='https:\/\/www.facebook.com\/sharer.php?u=https:\/\/radiorevelacionfm.cl\/?p=45841&#038;t=Actividad%20no%20cesa%3A%20Volc%C3%A1n%20Cay%20en%20la%20regi%C3%B3n%20de%20Ays%C3%A9n%20registra%2091%20sismos%20en%2033%20horas' aria-hidden='false' data-av_icon='\ue8f3' data-av_iconfont='entypo-fontello' title='' data-avia-related-tooltip='Compartir en Facebook' rel=\"noopener\"><span class='avia_hidden_link_text'>Compartir en Facebook<\/span><\/a><\/li><li class='av-share-link av-social-link-twitter' ><a target=\"_blank\" aria-label=\"Compartir en Twitter\" href='https:\/\/twitter.com\/share?text=Actividad%20no%20cesa%3A%20Volc%C3%A1n%20Cay%20en%20la%20regi%C3%B3n%20de%20Ays%C3%A9n%20registra%2091%20sismos%20en%2033%20horas&#038;url=https:\/\/radiorevelacionfm.cl\/?p=45841' aria-hidden='false' data-av_icon='\ue8f1' data-av_iconfont='entypo-fontello' title='' data-avia-related-tooltip='Compartir en Twitter' rel=\"noopener\"><span class='avia_hidden_link_text'>Compartir en Twitter<\/span><\/a><\/li><li class='av-share-link av-social-link-whatsapp' ><a target=\"_blank\" aria-label=\"Compartir en Whatsapp\" href='https:\/\/api.whatsapp.com\/send?text=https:\/\/radiorevelacionfm.cl\/?p=45841' aria-hidden='false' data-av_icon='\uf232' data-av_iconfont='entypo-fontello' title='' data-avia-related-tooltip='Compartir en Whatsapp' rel=\"noopener\"><span class='avia_hidden_link_text'>Compartir en Whatsapp<\/span><\/a><\/li><li class='av-share-link av-social-link-linkedin' ><a target=\"_blank\" aria-label=\"Compartir en LinkedIn\" href='https:\/\/linkedin.com\/shareArticle?mini=true&#038;title=Actividad%20no%20cesa%3A%20Volc%C3%A1n%20Cay%20en%20la%20regi%C3%B3n%20de%20Ays%C3%A9n%20registra%2091%20sismos%20en%2033%20horas&#038;url=https:\/\/radiorevelacionfm.cl\/?p=45841' aria-hidden='false' data-av_icon='\ue8fc' data-av_iconfont='entypo-fontello' title='' data-avia-related-tooltip='Compartir en LinkedIn' rel=\"noopener\"><span class='avia_hidden_link_text'>Compartir en LinkedIn<\/span><\/a><\/li><li class='av-share-link av-social-link-mail' ><a  aria-label=\"Compartir por correo\" href='mailto:?subject=Actividad%20no%20cesa%3A%20Volc%C3%A1n%20Cay%20en%20la%20regi%C3%B3n%20de%20Ays%C3%A9n%20registra%2091%20sismos%20en%2033%20horas&#038;body=https:\/\/radiorevelacionfm.cl\/?p=45841' aria-hidden='false' data-av_icon='\ue805' data-av_iconfont='entypo-fontello' title='' data-avia-related-tooltip='Compartir por correo'><span class='avia_hidden_link_text'>Compartir por correo<\/span><\/a><\/li><\/ul><\/div><\/div>\n<div  style='height:50px' class='hr hr-invisible   avia-builder-el-8  el_after_av_social_share  el_before_av_comments_list '><span class='hr-inner ' ><span class='hr-inner-style'><\/span><\/span><\/div>\n<div  class='av-buildercomment  av-blog-meta-html-info-disabled av-blog-meta-tag-disabled  '><\/div>\n","protected":false},"excerpt":{"rendered":"","protected":false},"author":1,"featured_media":45843,"comment_status":"open","ping_status":"open","sticky":false,"template":"","format":"standard","meta":{"footnotes":""},"categories":[38],"tags":[],"class_list":["post-45841","post","type-post","status-publish","format-standard","has-post-thumbnail","hentry","category-regional"],"jetpack_featured_media_url":"https:\/\/radiorevelacionfm.cl\/wp-content\/uploads\/2024\/09\/cay-y-maca-ivan-ivelicautorizada-800x416-1-1_optimized.jpg","_links":{"self":[{"href":"https:\/\/radiorevelacionfm.cl\/index.php?rest_route=\/wp\/v2\/posts\/45841","targetHints":{"allow":["GET"]}}],"collection":[{"href":"https:\/\/radiorevelacionfm.cl\/index.php?rest_route=\/wp\/v2\/posts"}],"about":[{"href":"https:\/\/radiorevelacionfm.cl\/index.php?rest_route=\/wp\/v2\/types\/post"}],"author":[{"embeddable":true,"href":"https:\/\/radiorevelacionfm.cl\/index.php?rest_route=\/wp\/v2\/users\/1"}],"replies":[{"embeddable":true,"href":"https:\/\/radiorevelacionfm.cl\/index.php?rest_route=%2Fwp%2Fv2%2Fcomments&post=45841"}],"version-history":[{"count":1,"href":"https:\/\/radiorevelacionfm.cl\/index.php?rest_route=\/wp\/v2\/posts\/45841\/revisions"}],"predecessor-version":[{"id":45844,"href":"https:\/\/radiorevelacionfm.cl\/index.php?rest_route=\/wp\/v2\/posts\/45841\/revisions\/45844"}],"wp:featuredmedia":[{"embeddable":true,"href":"https:\/\/radiorevelacionfm.cl\/index.php?rest_route=\/wp\/v2\/media\/45843"}],"wp:attachment":[{"href":"https:\/\/radiorevelacionfm.cl\/index.php?rest_route=%2Fwp%2Fv2%2Fmedia&parent=45841"}],"wp:term":[{"taxonomy":"category","embeddable":true,"href":"https:\/\/radiorevelacionfm.cl\/index.php?rest_route=%2Fwp%2Fv2%2Fcategories&post=45841"},{"taxonomy":"post_tag","embeddable":true,"href":"https:\/\/radiorevelacionfm.cl\/index.php?rest_route=%2Fwp%2Fv2%2Ftags&post=45841"}],"curies":[{"name":"wp","href":"https:\/\/api.w.org\/{rel}","templated":true}]}}