{"id":4584,"date":"2021-05-27T16:17:24","date_gmt":"2021-05-27T19:17:24","guid":{"rendered":"https:\/\/radiorevelacionfm.cl\/?p=4584"},"modified":"2021-05-27T16:17:24","modified_gmt":"2021-05-27T19:17:24","slug":"desde-junio-las-pymes-podran-acceder-a-un-bono-que-asciende-a-1-millon-de-pesos-segun-lo-anunciado-por-el-gobierno","status":"publish","type":"post","link":"https:\/\/radiorevelacionfm.cl\/?p=4584","title":{"rendered":"Desde junio las Pymes podr\u00e1n acceder a un bono que asciende a 1 mill\u00f3n de pesos, seg\u00fan lo anunciado por el Gobierno"},"content":{"rendered":"<div class=\"flex_column av_one_full  flex_column_div av-zero-column-padding first  avia-builder-el-0  el_before_av_one_full  avia-builder-el-first  \" style='border-radius:0px; '><div  class='avia-image-container  av-styling-    avia-builder-el-1  avia-builder-el-no-sibling  avia-align-center '  itemprop=\"image\" itemscope=\"itemscope\" itemtype=\"https:\/\/schema.org\/ImageObject\"  ><div class='avia-image-container-inner'><div class='avia-image-overlay-wrap'><img decoding=\"async\" class='wp-image-0 avia-img-lazy-loading-not-0 avia_image' src=\"https:\/\/radiorevelacionfm.cl\/wp-content\/uploads\/2021\/05\/SEREMI-DE-ECONOMIA-Y-MYPES1-1.jpg\" alt='' title=''   itemprop=\"thumbnailUrl\"  \/><\/div><\/div><\/div><\/div><div class=\"flex_column av_one_full  flex_column_div av-zero-column-padding first  avia-builder-el-2  el_after_av_one_full  el_before_av_one_full  column-top-margin\" style='border-radius:0px; '><section class=\"av_textblock_section \"  itemscope=\"itemscope\" itemtype=\"https:\/\/schema.org\/BlogPosting\" itemprop=\"blogPost\" ><div class='avia_textblock  '   itemprop=\"text\" ><p style=\"text-align: center;\"><strong><span style=\"font-size: 18pt;\">Desde junio las Pymes podr\u00e1n acceder a un bono que asciende a 1 mill\u00f3n de pesos, seg\u00fan lo anunciado por el Gobierno<\/span><\/strong><\/p>\n<div id=\"gtx-trans\" style=\"position: absolute; left: -50px; top: 4.31534px;\"><\/div>\n<\/div><\/section><\/div><div class=\"flex_column av_one_full  flex_column_div av-zero-column-padding first  avia-builder-el-4  el_after_av_one_full  el_before_av_hr  column-top-margin\" style='border-radius:0px; '><section class=\"av_textblock_section \"  itemscope=\"itemscope\" itemtype=\"https:\/\/schema.org\/BlogPosting\" itemprop=\"blogPost\" ><div class='avia_textblock  '   itemprop=\"text\" ><p style=\"font-weight: 400; text-align: justify;\">El ejecutivo anunci\u00f3 que envi\u00f3 un proyecto de ley con discusi\u00f3n inmediata con diversos apoyos tanto a personas, a trav\u00e9s del aumento del monto del Ingreso Familiar de Emergencia (que aumentar\u00e1 de 100 mil a 176 mil pesos), como a las peque\u00f1as y medianas empresas o personas que registren actividad a trav\u00e9s del Servicio de Impuestos Internos (Pymes).<\/p>\n<p style=\"font-weight: 400; text-align: justify;\">En ese contexto se inform\u00f3 que adicionalmente se va a implementar un conjunto de medidas de alivio tributario para las Pymes m\u00e1s afectadas, como la devoluci\u00f3n del Cr\u00e9dito Fiscal del IVA y la eliminaci\u00f3n transitoria de la tasa de inter\u00e9s penal.<\/p>\n<p style=\"font-weight: 400; text-align: justify;\">Al respecto el Seremi de Econom\u00eda en la regi\u00f3n Carlos Pacheco indic\u00f3 que \u201cLo anunciado por el Presidente Sebasti\u00e1n Pi\u00f1era va en apoyo directamente a las Pymes que d\u00eda a d\u00eda se ven afectadas por la pandemia. Este cheque Pyme que se eleva a 1 mill\u00f3n de pesos llegar\u00e1 a todas las personas o Pymes que tengan alguna actividad, al menos un trabajador contratado y ventas inferiores a las 25 mil UF anuales. Adicionalmente, estas mismas personas y Pymes recibir\u00e1n un segundo Bono, que se suma al anterior, equivalente a 3 meses de IVA, con un tope de dos millones de pesos. Informar que las Pymes que tengan trabajadores suspendidos en funci\u00f3n de la Ley de Protecci\u00f3n del Empleo, y que corresponden a las m\u00e1s golpeadas por la pandemia y la recesi\u00f3n, recibir\u00e1n un Subsidio especial para pagar las cotizaciones previsionales de los trabajadores suspendidos, por un plazo de 4 meses, protegiendo as\u00ed el acceso a la salud y las pensiones de esos trabajadores.<\/p>\n<p style=\"font-weight: 400; text-align: justify;\">La autoridad se refiri\u00f3 a los que critican esta iniciativa e indic\u00f3 que \u201cSeamos claros, toda medida nunca va a ser suficiente porque la extensi\u00f3n de la pandemia ha dejado muchos estragos especialmente en las personas y su entorno familiar. Ha afectado las oportunidades y acceso al trabajo, en muchas ocasiones ha bajado la productividad. Es por eso que destacamos esta medida ya que va a inyectar recursos frescos a las pymes que tan mal lo est\u00e1n pasando en el marco de esta crisis sanitaria mundial\u201d.<\/p>\n<p style=\"font-weight: 400; text-align: justify;\">Respecto de los plazos se inform\u00f3 a trav\u00e9s de la cartera de Econom\u00eda que el proyecto de ley anunciado por el ejecutivo se encuentra ya en el parlamento y en ambas c\u00e1maras para que se discuta y pueda salir como ley y as\u00ed poder entregar estos recursos durante el mes de junio. Para ello tambi\u00e9n se informar\u00e1 en adelante el mecanismo por el cual las personas y Pymes podr\u00e1n postular a este beneficio y que, seg\u00fan lo indicado por el gobierno, se espera que se discuta y se apruebe lo antes posible desde el congreso para que se pueda aplicar e inyectar dichos recursos a los y las emprendedoras, comerciantes y peque\u00f1as empresas que tanto lo necesitan\u201d.<\/p>\n<\/div><\/section><\/div><div  style='height:50px' class='hr hr-invisible   avia-builder-el-6  el_after_av_one_full  el_before_av_social_share '><span class='hr-inner ' ><span class='hr-inner-style'><\/span><\/span><\/div><\/p>\n<div  class='av-social-sharing-box  avia-builder-el-7  el_after_av_hr  el_before_av_hr  '><div class='av-share-box'><h5 class='av-share-link-description av-no-toc '>Compartir esta noticia<\/h5><ul class='av-share-box-list noLightbox'><li class='av-share-link av-social-link-facebook' ><a target=\"_blank\" aria-label=\"Compartir en Facebook\" href='https:\/\/www.facebook.com\/sharer.php?u=https:\/\/radiorevelacionfm.cl\/?p=4584&#038;t=Desde%20junio%20las%20Pymes%20podr%C3%A1n%20acceder%20a%20un%20bono%20que%20asciende%20a%201%20mill%C3%B3n%20de%20pesos%2C%20seg%C3%BAn%20lo%20anunciado%20por%20el%20Gobierno' aria-hidden='false' data-av_icon='\ue8f3' data-av_iconfont='entypo-fontello' title='' data-avia-related-tooltip='Compartir en Facebook' rel=\"noopener\"><span class='avia_hidden_link_text'>Compartir en Facebook<\/span><\/a><\/li><li class='av-share-link av-social-link-twitter' ><a target=\"_blank\" aria-label=\"Compartir en Twitter\" href='https:\/\/twitter.com\/share?text=Desde%20junio%20las%20Pymes%20podr%C3%A1n%20acceder%20a%20un%20bono%20que%20asciende%20a%201%20mill%C3%B3n%20de%20pesos%2C%20seg%C3%BAn%20lo%20anunciado%20por%20el%20Gobierno&#038;url=https:\/\/radiorevelacionfm.cl\/?p=4584' aria-hidden='false' data-av_icon='\ue8f1' data-av_iconfont='entypo-fontello' title='' data-avia-related-tooltip='Compartir en Twitter' rel=\"noopener\"><span class='avia_hidden_link_text'>Compartir en Twitter<\/span><\/a><\/li><li class='av-share-link av-social-link-whatsapp' ><a target=\"_blank\" aria-label=\"Compartir en Whatsapp\" href='https:\/\/api.whatsapp.com\/send?text=https:\/\/radiorevelacionfm.cl\/?p=4584' aria-hidden='false' data-av_icon='\uf232' data-av_iconfont='entypo-fontello' title='' data-avia-related-tooltip='Compartir en Whatsapp' rel=\"noopener\"><span class='avia_hidden_link_text'>Compartir en Whatsapp<\/span><\/a><\/li><li class='av-share-link av-social-link-linkedin' ><a target=\"_blank\" aria-label=\"Compartir en LinkedIn\" href='https:\/\/linkedin.com\/shareArticle?mini=true&#038;title=Desde%20junio%20las%20Pymes%20podr%C3%A1n%20acceder%20a%20un%20bono%20que%20asciende%20a%201%20mill%C3%B3n%20de%20pesos%2C%20seg%C3%BAn%20lo%20anunciado%20por%20el%20Gobierno&#038;url=https:\/\/radiorevelacionfm.cl\/?p=4584' aria-hidden='false' data-av_icon='\ue8fc' data-av_iconfont='entypo-fontello' title='' data-avia-related-tooltip='Compartir en LinkedIn' rel=\"noopener\"><span class='avia_hidden_link_text'>Compartir en LinkedIn<\/span><\/a><\/li><li class='av-share-link av-social-link-mail' ><a  aria-label=\"Compartir por correo\" href='mailto:?subject=Desde%20junio%20las%20Pymes%20podr%C3%A1n%20acceder%20a%20un%20bono%20que%20asciende%20a%201%20mill%C3%B3n%20de%20pesos%2C%20seg%C3%BAn%20lo%20anunciado%20por%20el%20Gobierno&#038;body=https:\/\/radiorevelacionfm.cl\/?p=4584' aria-hidden='false' data-av_icon='\ue805' data-av_iconfont='entypo-fontello' title='' data-avia-related-tooltip='Compartir por correo'><span class='avia_hidden_link_text'>Compartir por correo<\/span><\/a><\/li><\/ul><\/div><\/div>\n<div  style='height:50px' class='hr hr-invisible   avia-builder-el-8  el_after_av_social_share  el_before_av_comments_list '><span class='hr-inner ' ><span class='hr-inner-style'><\/span><\/span><\/div>\n<div  class='av-buildercomment  av-blog-meta-html-info-disabled av-blog-meta-tag-disabled  '><\/div>\n","protected":false},"excerpt":{"rendered":"","protected":false},"author":1,"featured_media":0,"comment_status":"open","ping_status":"open","sticky":false,"template":"","format":"standard","meta":{"footnotes":""},"categories":[37],"tags":[],"class_list":["post-4584","post","type-post","status-publish","format-standard","hentry","category-economia"],"jetpack_featured_media_url":"","_links":{"self":[{"href":"https:\/\/radiorevelacionfm.cl\/index.php?rest_route=\/wp\/v2\/posts\/4584","targetHints":{"allow":["GET"]}}],"collection":[{"href":"https:\/\/radiorevelacionfm.cl\/index.php?rest_route=\/wp\/v2\/posts"}],"about":[{"href":"https:\/\/radiorevelacionfm.cl\/index.php?rest_route=\/wp\/v2\/types\/post"}],"author":[{"embeddable":true,"href":"https:\/\/radiorevelacionfm.cl\/index.php?rest_route=\/wp\/v2\/users\/1"}],"replies":[{"embeddable":true,"href":"https:\/\/radiorevelacionfm.cl\/index.php?rest_route=%2Fwp%2Fv2%2Fcomments&post=4584"}],"version-history":[{"count":1,"href":"https:\/\/radiorevelacionfm.cl\/index.php?rest_route=\/wp\/v2\/posts\/4584\/revisions"}],"predecessor-version":[{"id":4586,"href":"https:\/\/radiorevelacionfm.cl\/index.php?rest_route=\/wp\/v2\/posts\/4584\/revisions\/4586"}],"wp:attachment":[{"href":"https:\/\/radiorevelacionfm.cl\/index.php?rest_route=%2Fwp%2Fv2%2Fmedia&parent=4584"}],"wp:term":[{"taxonomy":"category","embeddable":true,"href":"https:\/\/radiorevelacionfm.cl\/index.php?rest_route=%2Fwp%2Fv2%2Fcategories&post=4584"},{"taxonomy":"post_tag","embeddable":true,"href":"https:\/\/radiorevelacionfm.cl\/index.php?rest_route=%2Fwp%2Fv2%2Ftags&post=4584"}],"curies":[{"name":"wp","href":"https:\/\/api.w.org\/{rel}","templated":true}]}}