{"id":45838,"date":"2024-09-04T13:03:56","date_gmt":"2024-09-04T16:03:56","guid":{"rendered":"https:\/\/radiorevelacionfm.cl\/?p=45838"},"modified":"2024-09-04T13:03:56","modified_gmt":"2024-09-04T16:03:56","slug":"proponen-proyectos-de-energia-comunitaria-para-rebajar-cuentas-de-electricidad-en-coyhaique","status":"publish","type":"post","link":"https:\/\/radiorevelacionfm.cl\/?p=45838","title":{"rendered":"Proponen proyectos de energ\u00eda comunitaria para rebajar cuentas de electricidad en Coyhaique"},"content":{"rendered":"<div class=\"flex_column av_one_full  flex_column_div av-zero-column-padding first  avia-builder-el-0  el_before_av_one_full  avia-builder-el-first  \" style='border-radius:0px; '><div  class='avia-image-container  av-styling-    avia-builder-el-1  avia-builder-el-no-sibling  avia-align-center '  itemprop=\"image\" itemscope=\"itemscope\" itemtype=\"https:\/\/schema.org\/ImageObject\"  ><div class='avia-image-container-inner'><div class='avia-image-overlay-wrap'><img decoding=\"async\" class='wp-image-45839 avia-img-lazy-loading-not-45839 avia_image' src=\"https:\/\/radiorevelacionfm.cl\/wp-content\/uploads\/2024\/09\/Foto-1-CB-1-1.jpeg\" alt='' title='Foto 1 CB (1) (1)' height=\"600\" width=\"1067\"  itemprop=\"thumbnailUrl\" srcset=\"https:\/\/radiorevelacionfm.cl\/wp-content\/uploads\/2024\/09\/Foto-1-CB-1-1.jpeg 1067w, https:\/\/radiorevelacionfm.cl\/wp-content\/uploads\/2024\/09\/Foto-1-CB-1-1-300x169.jpeg 300w, https:\/\/radiorevelacionfm.cl\/wp-content\/uploads\/2024\/09\/Foto-1-CB-1-1-1030x579.jpeg 1030w, https:\/\/radiorevelacionfm.cl\/wp-content\/uploads\/2024\/09\/Foto-1-CB-1-1-768x432.jpeg 768w, https:\/\/radiorevelacionfm.cl\/wp-content\/uploads\/2024\/09\/Foto-1-CB-1-1-705x396.jpeg 705w, https:\/\/radiorevelacionfm.cl\/wp-content\/uploads\/2024\/09\/Foto-1-CB-1-1-450x253.jpeg 450w, https:\/\/radiorevelacionfm.cl\/wp-content\/uploads\/2024\/09\/Foto-1-CB-1-1-600x337.jpeg 600w\" sizes=\"(max-width: 1067px) 100vw, 1067px\" \/><\/div><\/div><\/div><\/div><div class=\"flex_column av_one_full  flex_column_div av-zero-column-padding first  avia-builder-el-2  el_after_av_one_full  el_before_av_one_full  column-top-margin\" style='border-radius:0px; '><section class=\"av_textblock_section \"  itemscope=\"itemscope\" itemtype=\"https:\/\/schema.org\/BlogPosting\" itemprop=\"blogPost\" ><div class='avia_textblock  '   itemprop=\"text\" ><p style=\"text-align: center;\"><strong><span style=\"font-size: 18pt;\">Proponen proyectos de energ\u00eda comunitaria para rebajar cuentas de electricidad en Coyhaique<\/span><\/strong><\/p>\n<div id=\"gtx-trans\" style=\"position: absolute; left: -50px; top: 4.31534px;\">\n<div class=\"gtx-trans-icon\"><\/div>\n<\/div>\n<\/div><\/section><\/div><div class=\"flex_column av_one_full  flex_column_div av-zero-column-padding first  avia-builder-el-4  el_after_av_one_full  el_before_av_hr  column-top-margin\" style='border-radius:0px; '><section class=\"av_textblock_section \"  itemscope=\"itemscope\" itemtype=\"https:\/\/schema.org\/BlogPosting\" itemprop=\"blogPost\" ><div class='avia_textblock  '   itemprop=\"text\" ><p style=\"text-align: justify;\">En el marco de la sesi\u00f3n de la Comisi\u00f3n Centenario instancia convocada por el Municipio de Coyhaique, que busca levantar una cartera de proyectos emblem\u00e1ticos en el contexto de la celebraci\u00f3n de los 100 a\u00f1os de la comuna, el Seremi de Energ\u00eda de Ays\u00e9n Tomas Laibe, realiz\u00f3 una presentaci\u00f3n sobre proyectos de generaci\u00f3n con energ\u00edas limpias.<\/p>\n<p style=\"text-align: justify;\">De esta manera, la autoridad regional de Energ\u00eda propuso la instalaci\u00f3n de una planta de generaci\u00f3n fotovoltaica de 300 kW, que podr\u00eda ubicarse en el sector vertedero. La iniciativa enmarcada en el Programa Casa Solar Social del Ministerio de Energ\u00eda podr\u00eda beneficiar a cerca de 100 familias con un ahorro que podr\u00eda superar el 60% del consumo mensual de electricidad de un hogar promedio.<\/p>\n<p style=\"text-align: justify;\">Al respecto Laibe destac\u00f3 que \u201ceste proyecto es muy interesante ya que es de generaci\u00f3n distribuida de propiedad conjunta, que en palabras simples significa que un grupo de personas o de instituciones instala un sistema de generaci\u00f3n renovable, comparten la energ\u00eda que producen la que es inyectada a la red y as\u00ed ahorran en sus cuentas de luz. \u00a0Se ejecutar\u00eda con financiamiento GORE a trav\u00e9s de la Agencia de Sostenibilidad Energ\u00e9tica encargada de licitar la construcci\u00f3n de la obra y realizar la entrega al Municipio para su administraci\u00f3n\u201d.<\/p>\n<p style=\"text-align: justify;\">Este tipo de proyectos, a diferencia de los paneles fotovoltaicos en los techos, permite aprovechar econom\u00edas de escala, con plantas de mayor tama\u00f1o que soluciones individuales. Adem\u00e1s, evita la intervenci\u00f3n de los hogares y la responsabilidad de cada usuario de hacer mantenci\u00f3n a los equipos, trasladando dicha responsabilidad al Municipio. Los vecinos interesados en recibir el beneficio de rebajar las cuentas de la luz tendr\u00edan que pasar un proceso de postulaci\u00f3n a trav\u00e9s de la Agencia Sostenibilidad Energ\u00e9tica, con criterios objetivos predefinidos.<\/p>\n<p style=\"text-align: justify;\">El segundo proyecto busca la instalaci\u00f3n hidroel\u00e9ctrica ubicada en el sector Piedra Del Indio, donde podr\u00eda instalarse una microturbina hidroel\u00e9ctrica de 20 kW, tambi\u00e9n de propiedad conjunta, que podr\u00eda beneficiar\u00a0 a familias del sector y tambi\u00e9n a iluminaci\u00f3n o futuras obras que implemente la Municipalidad.<\/p>\n<p style=\"text-align: justify;\">Adicionalmente, el Seremi present\u00f3 otros dos proyectos de tecnolog\u00eda micro hidro, que permitir\u00edan abastecer al municipio de la energ\u00eda suficiente para la habilitaci\u00f3n del Parque Las Lumas y el Parque Urbano y su funcionamiento con energ\u00eda 100% renovable.<\/p>\n<p style=\"text-align: justify;\">Finalmente, el Seremi de Energ\u00eda destac\u00f3 que \u201cla Gobernadora Regional ha respaldado este tipo de proyectos de energ\u00edas limpias, por lo que los profesionales de la Seremi de Energ\u00eda se encuentran trabajando con los equipos del Gore, del Municipio y de la Agencia de Sostenibilidad Energ\u00e9tica en el dise\u00f1o y priorizaci\u00f3n de las iniciativas para su pronta ejecuci\u00f3n, al menos con uno de estos proyectos en 2025\u201d.<\/p>\n<\/div><\/section><\/div><div  style='height:50px' class='hr hr-invisible   avia-builder-el-6  el_after_av_one_full  el_before_av_social_share '><span class='hr-inner ' ><span class='hr-inner-style'><\/span><\/span><\/div><\/p>\n<div  class='av-social-sharing-box  avia-builder-el-7  el_after_av_hr  el_before_av_hr  '><div class='av-share-box'><h5 class='av-share-link-description av-no-toc '>Compartir esta noticia<\/h5><ul class='av-share-box-list noLightbox'><li class='av-share-link av-social-link-facebook' ><a target=\"_blank\" aria-label=\"Compartir en Facebook\" href='https:\/\/www.facebook.com\/sharer.php?u=https:\/\/radiorevelacionfm.cl\/?p=45838&#038;t=Proponen%20proyectos%20de%20energ%C3%ADa%20comunitaria%20para%20rebajar%20cuentas%20de%20electricidad%20en%20Coyhaique' aria-hidden='false' data-av_icon='\ue8f3' data-av_iconfont='entypo-fontello' title='' data-avia-related-tooltip='Compartir en Facebook' rel=\"noopener\"><span class='avia_hidden_link_text'>Compartir en Facebook<\/span><\/a><\/li><li class='av-share-link av-social-link-twitter' ><a target=\"_blank\" aria-label=\"Compartir en Twitter\" href='https:\/\/twitter.com\/share?text=Proponen%20proyectos%20de%20energ%C3%ADa%20comunitaria%20para%20rebajar%20cuentas%20de%20electricidad%20en%20Coyhaique&#038;url=https:\/\/radiorevelacionfm.cl\/?p=45838' aria-hidden='false' data-av_icon='\ue8f1' data-av_iconfont='entypo-fontello' title='' data-avia-related-tooltip='Compartir en Twitter' rel=\"noopener\"><span class='avia_hidden_link_text'>Compartir en Twitter<\/span><\/a><\/li><li class='av-share-link av-social-link-whatsapp' ><a target=\"_blank\" aria-label=\"Compartir en Whatsapp\" href='https:\/\/api.whatsapp.com\/send?text=https:\/\/radiorevelacionfm.cl\/?p=45838' aria-hidden='false' data-av_icon='\uf232' data-av_iconfont='entypo-fontello' title='' data-avia-related-tooltip='Compartir en Whatsapp' rel=\"noopener\"><span class='avia_hidden_link_text'>Compartir en Whatsapp<\/span><\/a><\/li><li class='av-share-link av-social-link-linkedin' ><a target=\"_blank\" aria-label=\"Compartir en LinkedIn\" href='https:\/\/linkedin.com\/shareArticle?mini=true&#038;title=Proponen%20proyectos%20de%20energ%C3%ADa%20comunitaria%20para%20rebajar%20cuentas%20de%20electricidad%20en%20Coyhaique&#038;url=https:\/\/radiorevelacionfm.cl\/?p=45838' aria-hidden='false' data-av_icon='\ue8fc' data-av_iconfont='entypo-fontello' title='' data-avia-related-tooltip='Compartir en LinkedIn' rel=\"noopener\"><span class='avia_hidden_link_text'>Compartir en LinkedIn<\/span><\/a><\/li><li class='av-share-link av-social-link-mail' ><a  aria-label=\"Compartir por correo\" href='mailto:?subject=Proponen%20proyectos%20de%20energ%C3%ADa%20comunitaria%20para%20rebajar%20cuentas%20de%20electricidad%20en%20Coyhaique&#038;body=https:\/\/radiorevelacionfm.cl\/?p=45838' aria-hidden='false' data-av_icon='\ue805' data-av_iconfont='entypo-fontello' title='' data-avia-related-tooltip='Compartir por correo'><span class='avia_hidden_link_text'>Compartir por correo<\/span><\/a><\/li><\/ul><\/div><\/div>\n<div  style='height:50px' class='hr hr-invisible   avia-builder-el-8  el_after_av_social_share  el_before_av_comments_list '><span class='hr-inner ' ><span class='hr-inner-style'><\/span><\/span><\/div>\n<div  class='av-buildercomment  av-blog-meta-html-info-disabled av-blog-meta-tag-disabled  '><\/div>\n","protected":false},"excerpt":{"rendered":"","protected":false},"author":1,"featured_media":45839,"comment_status":"open","ping_status":"open","sticky":false,"template":"","format":"standard","meta":{"footnotes":""},"categories":[38],"tags":[],"class_list":["post-45838","post","type-post","status-publish","format-standard","has-post-thumbnail","hentry","category-regional"],"jetpack_featured_media_url":"https:\/\/radiorevelacionfm.cl\/wp-content\/uploads\/2024\/09\/Foto-1-CB-1-1.jpeg","_links":{"self":[{"href":"https:\/\/radiorevelacionfm.cl\/index.php?rest_route=\/wp\/v2\/posts\/45838","targetHints":{"allow":["GET"]}}],"collection":[{"href":"https:\/\/radiorevelacionfm.cl\/index.php?rest_route=\/wp\/v2\/posts"}],"about":[{"href":"https:\/\/radiorevelacionfm.cl\/index.php?rest_route=\/wp\/v2\/types\/post"}],"author":[{"embeddable":true,"href":"https:\/\/radiorevelacionfm.cl\/index.php?rest_route=\/wp\/v2\/users\/1"}],"replies":[{"embeddable":true,"href":"https:\/\/radiorevelacionfm.cl\/index.php?rest_route=%2Fwp%2Fv2%2Fcomments&post=45838"}],"version-history":[{"count":1,"href":"https:\/\/radiorevelacionfm.cl\/index.php?rest_route=\/wp\/v2\/posts\/45838\/revisions"}],"predecessor-version":[{"id":45840,"href":"https:\/\/radiorevelacionfm.cl\/index.php?rest_route=\/wp\/v2\/posts\/45838\/revisions\/45840"}],"wp:featuredmedia":[{"embeddable":true,"href":"https:\/\/radiorevelacionfm.cl\/index.php?rest_route=\/wp\/v2\/media\/45839"}],"wp:attachment":[{"href":"https:\/\/radiorevelacionfm.cl\/index.php?rest_route=%2Fwp%2Fv2%2Fmedia&parent=45838"}],"wp:term":[{"taxonomy":"category","embeddable":true,"href":"https:\/\/radiorevelacionfm.cl\/index.php?rest_route=%2Fwp%2Fv2%2Fcategories&post=45838"},{"taxonomy":"post_tag","embeddable":true,"href":"https:\/\/radiorevelacionfm.cl\/index.php?rest_route=%2Fwp%2Fv2%2Ftags&post=45838"}],"curies":[{"name":"wp","href":"https:\/\/api.w.org\/{rel}","templated":true}]}}