{"id":45832,"date":"2024-09-04T13:45:25","date_gmt":"2024-09-04T16:45:25","guid":{"rendered":"https:\/\/radiorevelacionfm.cl\/?p=45832"},"modified":"2024-09-04T13:45:25","modified_gmt":"2024-09-04T16:45:25","slug":"calisto-critica-ausencia-de-ministro-de-energia-en-discusion-de-proyecto-que-perfecciona-los-sistemas-medianos","status":"publish","type":"post","link":"https:\/\/radiorevelacionfm.cl\/?p=45832","title":{"rendered":"Calisto critica ausencia de Ministro de Energ\u00eda en discusi\u00f3n de proyecto que perfecciona los Sistemas Medianos"},"content":{"rendered":"<div class=\"flex_column av_one_full  flex_column_div av-zero-column-padding first  avia-builder-el-0  el_before_av_one_full  avia-builder-el-first  \" style='border-radius:0px; '><div  class='avia-image-container  av-styling-    avia-builder-el-1  avia-builder-el-no-sibling  avia-align-center '  itemprop=\"image\" itemscope=\"itemscope\" itemtype=\"https:\/\/schema.org\/ImageObject\"  ><div class='avia-image-container-inner'><div class='avia-image-overlay-wrap'><img decoding=\"async\" class='wp-image-45833 avia-img-lazy-loading-not-45833 avia_image' src=\"https:\/\/radiorevelacionfm.cl\/wp-content\/uploads\/2024\/09\/FOTO-CALISTO-ZONAS-EXTREMAS-1-1.jpeg\" alt='' title='FOTO CALISTO ZONAS EXTREMAS (1) (1)' height=\"600\" width=\"800\"  itemprop=\"thumbnailUrl\" srcset=\"https:\/\/radiorevelacionfm.cl\/wp-content\/uploads\/2024\/09\/FOTO-CALISTO-ZONAS-EXTREMAS-1-1.jpeg 800w, https:\/\/radiorevelacionfm.cl\/wp-content\/uploads\/2024\/09\/FOTO-CALISTO-ZONAS-EXTREMAS-1-1-300x225.jpeg 300w, https:\/\/radiorevelacionfm.cl\/wp-content\/uploads\/2024\/09\/FOTO-CALISTO-ZONAS-EXTREMAS-1-1-768x576.jpeg 768w, https:\/\/radiorevelacionfm.cl\/wp-content\/uploads\/2024\/09\/FOTO-CALISTO-ZONAS-EXTREMAS-1-1-705x529.jpeg 705w, https:\/\/radiorevelacionfm.cl\/wp-content\/uploads\/2024\/09\/FOTO-CALISTO-ZONAS-EXTREMAS-1-1-450x338.jpeg 450w, https:\/\/radiorevelacionfm.cl\/wp-content\/uploads\/2024\/09\/FOTO-CALISTO-ZONAS-EXTREMAS-1-1-600x450.jpeg 600w\" sizes=\"(max-width: 800px) 100vw, 800px\" \/><\/div><\/div><\/div><\/div><div class=\"flex_column av_one_full  flex_column_div av-zero-column-padding first  avia-builder-el-2  el_after_av_one_full  el_before_av_one_full  column-top-margin\" style='border-radius:0px; '><section class=\"av_textblock_section \"  itemscope=\"itemscope\" itemtype=\"https:\/\/schema.org\/BlogPosting\" itemprop=\"blogPost\" ><div class='avia_textblock  '   itemprop=\"text\" ><p style=\"text-align: center;\"><span style=\"font-size: 18pt;\"><b>Calisto critica ausencia de Ministro de Energ\u00eda en discusi\u00f3n de proyecto que perfecciona los Sistemas Medianos<\/b><\/span><\/p>\n<div id=\"gtx-trans\" style=\"position: absolute; left: -50px; top: 4.31534px;\">\n<div class=\"gtx-trans-icon\"><\/div>\n<\/div>\n<\/div><\/section><\/div><div class=\"flex_column av_one_full  flex_column_div av-zero-column-padding first  avia-builder-el-4  el_after_av_one_full  el_before_av_hr  column-top-margin\" style='border-radius:0px; '><section class=\"av_textblock_section \"  itemscope=\"itemscope\" itemtype=\"https:\/\/schema.org\/BlogPosting\" itemprop=\"blogPost\" ><div class='avia_textblock  '   itemprop=\"text\" ><p style=\"font-weight: 400; text-align: justify;\"><em>En la comisi\u00f3n de Zonas Extremas el legislador reiter\u00f3 necesidad de incorporar el acople tarifario en la ley corta que ingres\u00f3 el Gobierno. \u00a0\u00a0<\/em><\/p>\n<p style=\"font-weight: 400; text-align: justify;\">El diputado Miguel \u00c1ngel Calisto desliz\u00f3 cr\u00edticas en contra del Ministro de Energ\u00eda, Diego Pardow, luego que este no asistiera a la comisi\u00f3n de Zonas Extremas donde se discute el proyecto que perfecciona los sistemas de electricidad medianos, todo esto en medio de la pol\u00e9mica que se ha generado en Ays\u00e9n por el alto precio que han alcanzado las tarifas el\u00e9ctricas.<\/p>\n<p style=\"font-weight: 400; text-align: justify;\">Seg\u00fan el legislador, \u201clos Ministros de Estado cuando no asisten a una comisi\u00f3n, lo m\u00ednimo es que manden una excusa y expliquen por qu\u00e9 no puede venir. La sensaci\u00f3n que queda es que no le interesa lo que vamos a discutir, por lo tanto, es necesario que haya una comunicaci\u00f3n expl\u00edcita, y cuando se discuta nuevamente este proyecto, est\u00e9 presente el se\u00f1or Ministro\u201d.<\/p>\n<p style=\"font-weight: 400; text-align: justify;\">\u201cEste es un tema muy importante para la zona sur, por lo que el Ministro tiene que dar la cara. \u00c9l ya nos vendi\u00f3 la pomada cuando dijo que las tarifas iban a aumentar un 16%, y ahora en este minuto el aumento bordea el 52% en algunas comunas. Realmente, no quiero que nuevamente el Gobierno nos venga a mentir respecto a un tema tan delicado y tan urgente como este\u201d, indic\u00f3.<\/p>\n<p style=\"font-weight: 400; text-align: justify;\">Calisto agreg\u00f3 que \u201cnuestros sistemas el\u00e9ctricos son m\u00e1s fr\u00e1giles, hay mayores problemas de generaci\u00f3n, se utiliza mucho diesel, por lo que el precio de esta energ\u00eda es mucho m\u00e1s alto que la del sistema interconectado central. Yo la verdad no se qu\u00e9 cosa est\u00e1 realizando el Ministro en Santiago que es m\u00e1s importante que esta discusi\u00f3n que se est\u00e1 realizando en el Congreso\u201d.<\/p>\n<p style=\"font-weight: 400; text-align: justify;\"><strong>Dudas de las cifras<\/strong><\/p>\n<p style=\"font-weight: 400; text-align: justify;\">En la comisi\u00f3n expuso Rodrigo Miranda, representante de la empresa SAESA, quien asegur\u00f3 que el costo de la generaci\u00f3n de la energ\u00eda podr\u00eda disminuir hasta en un 33% de aprobarse este proyecto. Estas cifras fueron cuestionadas por el diputado Calisto, quien se\u00f1al\u00f3 que \u201cle quiero consultar al Subsecretario si esas cifras coinciden con lo que tiene proyectado el Gobierno, porque la experiencia que tenemos en materia de energ\u00eda es que despu\u00e9s estas cifras proyectadas no calzan con la realidad\u201d.<\/p>\n<p style=\"font-weight: 400; text-align: justify;\">\u201cUna vecina de Coyhaique me envi\u00f3 una boleta por 265 mil pesos, y eso que todav\u00eda viene el alza de octubre y la del primer semestre del pr\u00f3ximo a\u00f1o\u201d, afirm\u00f3.<\/p>\n<p style=\"font-weight: 400; text-align: justify;\">El legislador indic\u00f3 que \u201clos tres diputados de Ays\u00e9n tuvimos un conversaci\u00f3n con el Presidente de la Rep\u00fablica, donde le planteamos nuestra preocupaci\u00f3n por este tema. Le solicitamos que este acople tarifario se pudiera incorporar en la ley corta que present\u00f3 el Gobierno, que ser\u00e1 m\u00e1s r\u00e1pida y expedita que el proyecto de Sistemas Medianos\u201d.<\/p>\n<p style=\"font-weight: 400; text-align: justify;\">Finalmente, Calisto argument\u00f3 que \u201clo que nos complica es que vienen las nuevas alzas, y estoy seguro que este tema va a estallar antes que se apruebe el proyecto de Sistemas Medianos. Hay mucha presi\u00f3n ciudadana, pero nadie del Gobierno nos ha dado una respuesta concreta sobre esta posibilidad. Estas alzas est\u00e1n golpeando muy fuerte a todas las familias de la regi\u00f3n\u201d.<\/p>\n<\/div><\/section><\/div><div  style='height:50px' class='hr hr-invisible   avia-builder-el-6  el_after_av_one_full  el_before_av_social_share '><span class='hr-inner ' ><span class='hr-inner-style'><\/span><\/span><\/div><\/p>\n<div  class='av-social-sharing-box  avia-builder-el-7  el_after_av_hr  el_before_av_hr  '><div class='av-share-box'><h5 class='av-share-link-description av-no-toc '>Compartir esta noticia<\/h5><ul class='av-share-box-list noLightbox'><li class='av-share-link av-social-link-facebook' ><a target=\"_blank\" aria-label=\"Compartir en Facebook\" href='https:\/\/www.facebook.com\/sharer.php?u=https:\/\/radiorevelacionfm.cl\/?p=45832&#038;t=Calisto%20critica%20ausencia%20de%20Ministro%20de%20Energ%C3%ADa%20en%20discusi%C3%B3n%20de%20proyecto%20que%20perfecciona%20los%20Sistemas%20Medianos' aria-hidden='false' data-av_icon='\ue8f3' data-av_iconfont='entypo-fontello' title='' data-avia-related-tooltip='Compartir en Facebook' rel=\"noopener\"><span class='avia_hidden_link_text'>Compartir en Facebook<\/span><\/a><\/li><li class='av-share-link av-social-link-twitter' ><a target=\"_blank\" aria-label=\"Compartir en Twitter\" href='https:\/\/twitter.com\/share?text=Calisto%20critica%20ausencia%20de%20Ministro%20de%20Energ%C3%ADa%20en%20discusi%C3%B3n%20de%20proyecto%20que%20perfecciona%20los%20Sistemas%20Medianos&#038;url=https:\/\/radiorevelacionfm.cl\/?p=45832' aria-hidden='false' data-av_icon='\ue8f1' data-av_iconfont='entypo-fontello' title='' data-avia-related-tooltip='Compartir en Twitter' rel=\"noopener\"><span class='avia_hidden_link_text'>Compartir en Twitter<\/span><\/a><\/li><li class='av-share-link av-social-link-whatsapp' ><a target=\"_blank\" aria-label=\"Compartir en Whatsapp\" href='https:\/\/api.whatsapp.com\/send?text=https:\/\/radiorevelacionfm.cl\/?p=45832' aria-hidden='false' data-av_icon='\uf232' data-av_iconfont='entypo-fontello' title='' data-avia-related-tooltip='Compartir en Whatsapp' rel=\"noopener\"><span class='avia_hidden_link_text'>Compartir en Whatsapp<\/span><\/a><\/li><li class='av-share-link av-social-link-linkedin' ><a target=\"_blank\" aria-label=\"Compartir en LinkedIn\" href='https:\/\/linkedin.com\/shareArticle?mini=true&#038;title=Calisto%20critica%20ausencia%20de%20Ministro%20de%20Energ%C3%ADa%20en%20discusi%C3%B3n%20de%20proyecto%20que%20perfecciona%20los%20Sistemas%20Medianos&#038;url=https:\/\/radiorevelacionfm.cl\/?p=45832' aria-hidden='false' data-av_icon='\ue8fc' data-av_iconfont='entypo-fontello' title='' data-avia-related-tooltip='Compartir en LinkedIn' rel=\"noopener\"><span class='avia_hidden_link_text'>Compartir en LinkedIn<\/span><\/a><\/li><li class='av-share-link av-social-link-mail' ><a  aria-label=\"Compartir por correo\" href='mailto:?subject=Calisto%20critica%20ausencia%20de%20Ministro%20de%20Energ%C3%ADa%20en%20discusi%C3%B3n%20de%20proyecto%20que%20perfecciona%20los%20Sistemas%20Medianos&#038;body=https:\/\/radiorevelacionfm.cl\/?p=45832' aria-hidden='false' data-av_icon='\ue805' data-av_iconfont='entypo-fontello' title='' data-avia-related-tooltip='Compartir por correo'><span class='avia_hidden_link_text'>Compartir por correo<\/span><\/a><\/li><\/ul><\/div><\/div>\n<div  style='height:50px' class='hr hr-invisible   avia-builder-el-8  el_after_av_social_share  el_before_av_comments_list '><span class='hr-inner ' ><span class='hr-inner-style'><\/span><\/span><\/div>\n<div  class='av-buildercomment  av-blog-meta-html-info-disabled av-blog-meta-tag-disabled  '><\/div>\n","protected":false},"excerpt":{"rendered":"","protected":false},"author":1,"featured_media":45833,"comment_status":"open","ping_status":"open","sticky":false,"template":"","format":"standard","meta":{"footnotes":""},"categories":[35],"tags":[],"class_list":["post-45832","post","type-post","status-publish","format-standard","has-post-thumbnail","hentry","category-politica"],"jetpack_featured_media_url":"https:\/\/radiorevelacionfm.cl\/wp-content\/uploads\/2024\/09\/FOTO-CALISTO-ZONAS-EXTREMAS-1-1.jpeg","_links":{"self":[{"href":"https:\/\/radiorevelacionfm.cl\/index.php?rest_route=\/wp\/v2\/posts\/45832","targetHints":{"allow":["GET"]}}],"collection":[{"href":"https:\/\/radiorevelacionfm.cl\/index.php?rest_route=\/wp\/v2\/posts"}],"about":[{"href":"https:\/\/radiorevelacionfm.cl\/index.php?rest_route=\/wp\/v2\/types\/post"}],"author":[{"embeddable":true,"href":"https:\/\/radiorevelacionfm.cl\/index.php?rest_route=\/wp\/v2\/users\/1"}],"replies":[{"embeddable":true,"href":"https:\/\/radiorevelacionfm.cl\/index.php?rest_route=%2Fwp%2Fv2%2Fcomments&post=45832"}],"version-history":[{"count":1,"href":"https:\/\/radiorevelacionfm.cl\/index.php?rest_route=\/wp\/v2\/posts\/45832\/revisions"}],"predecessor-version":[{"id":45834,"href":"https:\/\/radiorevelacionfm.cl\/index.php?rest_route=\/wp\/v2\/posts\/45832\/revisions\/45834"}],"wp:featuredmedia":[{"embeddable":true,"href":"https:\/\/radiorevelacionfm.cl\/index.php?rest_route=\/wp\/v2\/media\/45833"}],"wp:attachment":[{"href":"https:\/\/radiorevelacionfm.cl\/index.php?rest_route=%2Fwp%2Fv2%2Fmedia&parent=45832"}],"wp:term":[{"taxonomy":"category","embeddable":true,"href":"https:\/\/radiorevelacionfm.cl\/index.php?rest_route=%2Fwp%2Fv2%2Fcategories&post=45832"},{"taxonomy":"post_tag","embeddable":true,"href":"https:\/\/radiorevelacionfm.cl\/index.php?rest_route=%2Fwp%2Fv2%2Ftags&post=45832"}],"curies":[{"name":"wp","href":"https:\/\/api.w.org\/{rel}","templated":true}]}}