{"id":45829,"date":"2024-09-03T21:27:15","date_gmt":"2024-09-04T00:27:15","guid":{"rendered":"https:\/\/radiorevelacionfm.cl\/?p=45829"},"modified":"2024-09-03T21:27:15","modified_gmt":"2024-09-04T00:27:15","slug":"estudiante-de-inacap-coyhaique-viajara-a-china-a-potenciar-sus-habilidades-digitales-gracias-a-las-becas-mineduc-huawei","status":"publish","type":"post","link":"https:\/\/radiorevelacionfm.cl\/?p=45829","title":{"rendered":"Estudiante de INACAP Coyhaique viajar\u00e1 a China a potenciar sus habilidades digitales gracias a las Becas Mineduc-Huawei"},"content":{"rendered":"<div class=\"flex_column av_one_full  flex_column_div av-zero-column-padding first  avia-builder-el-0  el_before_av_one_full  avia-builder-el-first  \" style='border-radius:0px; '><div  class='avia-image-container  av-styling-    avia-builder-el-1  avia-builder-el-no-sibling  avia-align-center '  itemprop=\"image\" itemscope=\"itemscope\" itemtype=\"https:\/\/schema.org\/ImageObject\"  ><div class='avia-image-container-inner'><div class='avia-image-overlay-wrap'><img decoding=\"async\" class='wp-image-45830 avia-img-lazy-loading-not-45830 avia_image' src=\"https:\/\/radiorevelacionfm.cl\/wp-content\/uploads\/2024\/09\/becas-huawei-harrison-silva-1_optimized.jpg\" alt='' title='becas-huawei-harrison-silva-(1)_optimized' height=\"715\" width=\"801\"  itemprop=\"thumbnailUrl\" srcset=\"https:\/\/radiorevelacionfm.cl\/wp-content\/uploads\/2024\/09\/becas-huawei-harrison-silva-1_optimized.jpg 801w, https:\/\/radiorevelacionfm.cl\/wp-content\/uploads\/2024\/09\/becas-huawei-harrison-silva-1_optimized-300x268.jpg 300w, https:\/\/radiorevelacionfm.cl\/wp-content\/uploads\/2024\/09\/becas-huawei-harrison-silva-1_optimized-768x686.jpg 768w, https:\/\/radiorevelacionfm.cl\/wp-content\/uploads\/2024\/09\/becas-huawei-harrison-silva-1_optimized-705x629.jpg 705w, https:\/\/radiorevelacionfm.cl\/wp-content\/uploads\/2024\/09\/becas-huawei-harrison-silva-1_optimized-450x402.jpg 450w, https:\/\/radiorevelacionfm.cl\/wp-content\/uploads\/2024\/09\/becas-huawei-harrison-silva-1_optimized-600x536.jpg 600w\" sizes=\"(max-width: 801px) 100vw, 801px\" \/><\/div><\/div><\/div><\/div><div class=\"flex_column av_one_full  flex_column_div av-zero-column-padding first  avia-builder-el-2  el_after_av_one_full  el_before_av_one_full  column-top-margin\" style='border-radius:0px; '><section class=\"av_textblock_section \"  itemscope=\"itemscope\" itemtype=\"https:\/\/schema.org\/BlogPosting\" itemprop=\"blogPost\" ><div class='avia_textblock  '   itemprop=\"text\" ><p style=\"text-align: center;\"><span style=\"font-size: 18pt;\"><b>Estudiante de INACAP Coyhaique viajar\u00e1 a China a potenciar sus habilidades digitales gracias a las Becas Mineduc-Huawei<\/b><\/span><\/p>\n<div id=\"gtx-trans\" style=\"position: absolute; left: -50px; top: 4.31534px;\">\n<div class=\"gtx-trans-icon\"><\/div>\n<\/div>\n<\/div><\/section><\/div><div class=\"flex_column av_one_full  flex_column_div av-zero-column-padding first  avia-builder-el-4  el_after_av_one_full  el_before_av_hr  column-top-margin\" style='border-radius:0px; '><section class=\"av_textblock_section \"  itemscope=\"itemscope\" itemtype=\"https:\/\/schema.org\/BlogPosting\" itemprop=\"blogPost\" ><div class='avia_textblock  '   itemprop=\"text\" ><p class=\"v1MsoNormal\" style=\"text-align: justify;\" align=\"center\"><em><span lang=\"ES\">Harrison Rivas Mu\u00f1oz, de la carrera de Analista Programador integra el grupo de 10 j\u00f3venes de educaci\u00f3n t\u00e9cnica superior, cinco\u00a0<\/span><span lang=\"es-419\">mujeres y cinco hombres que fueron seleccionados de entre m\u00e1s de 1.700 postulaciones para participar -durante dos semanas- del programa intensivo de formaci\u00f3n digital en la universidad de la compa\u00f1\u00eda tecnol\u00f3gica.<\/span><\/em><\/p>\n<p class=\"v1MsoNormal\" style=\"text-align: justify;\">A casi un a\u00f1o de la gira del Presidente Gabriel Boric a China, el Ministerio de Educaci\u00f3n y el Ministerio Secretar\u00eda General de Gobierno entregaron este martes 3 de septiembre las primeras becas del Programa de Formaci\u00f3n Digital \u201cBecas Mineduc-Huawei\u201d, que permitir\u00e1 que 10 estudiantes de la educaci\u00f3n superior t\u00e9cnico profesional viajen a China a potenciar sus habilidades digitales y aprender de inteligencia artificial, apoyados por el financiamiento de la empresa Huawei.<\/p>\n<p class=\"v1MsoNormal\" style=\"text-align: justify;\">La actividad se desarroll\u00f3 en el Sal\u00f3n O&#8217;Higgins de la Canciller\u00eda, donde estuvieron presentes el ministro de Educaci\u00f3n, Nicol\u00e1s Cataldo, y la ministra de la Secretar\u00eda General de Gobierno, Camila Vallejo, quienes destacaron la importancia de esta iniciativa para potenciar las habilidades digitales de las nuevas generaciones, ofreciendo acceso a conocimientos de \u00faltima generaci\u00f3n y promoviendo la alfabetizaci\u00f3n digital en el pa\u00eds.<\/p>\n<p class=\"v1MsoNormal\" style=\"text-align: justify;\">El programa es resultado del memor\u00e1ndum de entendimiento para la alfabetizaci\u00f3n digital y colaboraci\u00f3n tecnol\u00f3gica, firmado por la Segegob y Huawei en octubre de 2023. Entre m\u00e1s de 1.700 postulantes, fueron seleccionados 10 estudiantes del \u00e1rea STEM (Ciencia, Tecnolog\u00eda, Ingenier\u00eda y Matem\u00e1ticas), de ellos cinco mujeres y cinco hombres, quienes viajar\u00e1n a China este 5 de septiembre, con la idea tambi\u00e9n de que al regreso puedan compartir sus experiencias con sus compa\u00f1eros.<\/p>\n<p class=\"v1MsoNormal\" style=\"text-align: justify;\">\u00abHoy d\u00eda estamos cumpliendo un sue\u00f1o que es compartido, de ustedes, y tambi\u00e9n nuestro. El a\u00f1o pasado en China imagin\u00e1bamos c\u00f3mo empujar acciones como Gobierno y en conjunto con privados, en este caso Huawei, para poder hacer que la relaci\u00f3n entre China y Chile no sea s\u00f3lo fortalecer las relaciones diplom\u00e1ticas, sino que tambi\u00e9n para poder fortalecer el intercambio cultural\u00bb, se\u00f1al\u00f3 la ministra Vallejo.<\/p>\n<p class=\"v1MsoNormal\" style=\"text-align: justify;\">Las y los seleccionados pertenecen a distintos puntos del pa\u00eds, seis de ellos viven y estudian en regiones, como son Arica y Parinacota, Valpara\u00edso (2), La Araucan\u00eda, Los Lagos y Ays\u00e9n, mientras que cuatro son de la Regi\u00f3n Metropolitana.<\/p>\n<p class=\"v1MsoNormal\" style=\"text-align: justify;\">La decena de j\u00f3venes super\u00f3 un exhaustivo proceso de selecci\u00f3n, donde participaron representantes del Mineduc; Ministerio de Ciencia, Tecnolog\u00eda, Conocimiento e Innovaci\u00f3n;\u00a0 Ministerio de Relaciones Exteriores; Ministerio Secretar\u00eda General de Gobierno; adem\u00e1s de la Corporaci\u00f3n de Fomento de la Producci\u00f3n (Corfo); la Organizaci\u00f3n de las Naciones Unidas para la Educaci\u00f3n, la Ciencia y la Cultura (Unesco); Fundaci\u00f3n Kodea; Fundaci\u00f3n Pa\u00eds Digital; Fundaci\u00f3n Tu Clase-Tu pa\u00eds, y profesionales de Huawei.<\/p>\n<p class=\"v1MsoNormal\" style=\"text-align: justify;\">El ministro Nicol\u00e1s Cataldo dijo estar entusiasmado de que \u201ccon este programa de formaci\u00f3n digital, pionero en Am\u00e9rica Latina, podemos contribuir al desarrollo del talento digital chileno y al mismo tiempo impactar en el desarrollo del sector laboral y productivo, por medio de las habilidades digitales de las y los estudiantes de educaci\u00f3n t\u00e9cnico profesional, a quienes hoy reconocemos. Este es solo uno de los frutos que nos est\u00e1 entregando la gira del Presidente Boric y la ministra Vallejo a China el a\u00f1o pasado, concretando acuerdos y beneficiando directamente a las y los estudiantes de nuestro pa\u00eds\u201d.<\/p>\n<p class=\"v1MsoNormal\" style=\"text-align: justify;\">Por su parte, la Seremi de Educaci\u00f3n Isabel Garrido expres\u00f3 su alegr\u00eda y felicit\u00f3 a Harrison por su logro.<\/p>\n<p class=\"v1MsoNormal\" style=\"text-align: justify;\">\u201cFinalizamos el mes de la Educaci\u00f3n T\u00e9cnico Profesional de la mejor manera con la excelente noticia de que uno de nuestros estudiantes de la regi\u00f3n formado en la regi\u00f3n accede a esta gran oportunidad de crecimiento acad\u00e9mico a trav\u00e9s de una pasant\u00eda\u00a0 en China. Esto muestra en forma concreta que el gobierno del Presidente Gabriel Boric trabaja para potenciar la educaci\u00f3n t\u00e9cnica media y superior porque creemos que es relevante\u00a0 y trascendente para el futuro del pa\u00eds, la regi\u00f3n y sus habitantes\u201d.<\/p>\n<p class=\"v1MsoNormal\" style=\"text-align: justify;\"><b>Harrison Rivas Mu\u00f1oz<\/b><\/p>\n<p class=\"v1MsoNormal\" style=\"text-align: justify;\"><span lang=\"ES\">Tiene 23 a\u00f1os, estudiante de la carrera Analista Programador en INACAP sede Coyhaique. Tiene gran curiosidad y ganas de aprender sobre tecnolog\u00eda y relacionados, ya que su principal aspiraci\u00f3n es que su regi\u00f3n pueda tener mayores avances en este aspecto. Cuando hablamos de tecnolog\u00eda, su regi\u00f3n es un lugar muy apartado de esta, al ser zona extrema, por esto siempre le ha llamado la atenci\u00f3n el c\u00f3mo poder\u00a0<\/span>sacar<span lang=\"ES\">\u00a0provecho a nuevas herramientas y ese es su principal inter\u00e9s, aprender mucho y aprovechar estas oportunidades al m\u00e1ximo, siempre manteniendo el objetivo claro que es desarrollarse por buscar un bien com\u00fan para la sociedad que me rodea. Le interesa la ciberseguridad, buen manejo de ingl\u00e9s (estudio traducci\u00f3n anteriormente). Se nota motivaci\u00f3n en diversas \u00e1reas de la tecnolog\u00eda.<\/span><\/p>\n<p class=\"v1MsoNormal\" style=\"text-align: justify;\"><span lang=\"ES\">Eligi\u00f3 una carrera t\u00e9cnico-profesional porque, despu\u00e9s de haber estudiado una carrera universitaria que no le gust\u00f3, no quiso volver a un programa de cinco a\u00f1os y prefiri\u00f3 algo m\u00e1s concreto en el \u00e1rea que le interesaba. Le gusta su carrera por las infinitas posibilidades y la libertad que ofrece la tecnolog\u00eda. En el futuro, espera adquirir m\u00e1s herramientas para ser m\u00e1s independiente en todos los aspectos de su vida. Vive en Coyhaique con su mam\u00e1 y su abuela. Su persona favorita es su mam\u00e1 y su comida preferida es el lomo a lo pobre. En 10 a\u00f1os, se ve logrando mayor estabilidad e independencia para cumplir otros sue\u00f1os.<\/span><\/p>\n<p class=\"v1MsoNormal\" style=\"text-align: justify;\"><b>Itinerario en China<\/b><\/p>\n<p class=\"v1MsoNormal\" style=\"text-align: justify;\">El viaje de las y los becados a China tendr\u00e1 como primera parada la capital del pa\u00eds, Beijing. Las clases y charlas se desarrollar\u00e1n en las ciudades de Hangzhou y Shenzhen, donde se ubica la casa matriz de Huawei. Adem\u00e1s, el grupo visitar\u00e1 Dongguan, para conocer el Centro de Innovaci\u00f3n y Desarrollo de la firma, donde trabajan m\u00e1s de 20 mil personas. La gira incluye tambi\u00e9n actividades en Guangzhou y Shanghai.<\/p>\n<p class=\"v1MsoNormal\" style=\"text-align: justify;\">Durante su estad\u00eda en China, las y los seleccionados recibir\u00e1n formaci\u00f3n en la Universidad de Huawei centrado en cuatro ejes de estudio: Inteligencia Artificial, uso industrial de 5G (y 5G Avanzado), Ciberseguridad y Energ\u00edas Digitales, todas materias con una alta demanda de profesionales y t\u00e9cnicos en nuestro pa\u00eds.<\/p>\n<p class=\"v1MsoNormal\" style=\"text-align: justify;\">El CEO de Huawei Chile, Guo Yi, plante\u00f3 que Chile \u201cest\u00e1 avanzando muy r\u00e1pido en la digitalizaci\u00f3n, por lo que debemos hacer un esfuerzo conjunto para garantizar que las j\u00f3venes generaciones est\u00e9n bien preparadas para este desaf\u00edo. Por eso, durante la visita oficial del Presidente Gabriel Boric a China el a\u00f1o pasado, firm\u00e9 este Programa de Formaci\u00f3n Digital con la ministra Camila Vallejo, de la Segegob. Creo que es un gran paso para todos nosotros\u201d.<\/p>\n<p class=\"v1MsoNormal\" style=\"text-align: justify;\">Entre los requisitos de postulaci\u00f3n fue considerado tener un promedio de notas superior a 5,5 y buen dominio de ingl\u00e9s, para aprovechar al m\u00e1ximo las oportunidades que ofrece este programa. Esta es la primera edici\u00f3n del Programa de Formaci\u00f3n Digital, que se repetir\u00e1 el pr\u00f3ximo a\u00f1o con otros diez cupos.<\/p>\n<\/div><\/section><\/div><div  style='height:50px' class='hr hr-invisible   avia-builder-el-6  el_after_av_one_full  el_before_av_social_share '><span class='hr-inner ' ><span class='hr-inner-style'><\/span><\/span><\/div><\/p>\n<div  class='av-social-sharing-box  avia-builder-el-7  el_after_av_hr  el_before_av_hr  '><div class='av-share-box'><h5 class='av-share-link-description av-no-toc '>Compartir esta noticia<\/h5><ul class='av-share-box-list noLightbox'><li class='av-share-link av-social-link-facebook' ><a target=\"_blank\" aria-label=\"Compartir en Facebook\" href='https:\/\/www.facebook.com\/sharer.php?u=https:\/\/radiorevelacionfm.cl\/?p=45829&#038;t=Estudiante%20de%20INACAP%20Coyhaique%20viajar%C3%A1%20a%20China%20a%20potenciar%20sus%20habilidades%20digitales%20gracias%20a%20las%20Becas%20Mineduc-Huawei' aria-hidden='false' data-av_icon='\ue8f3' data-av_iconfont='entypo-fontello' title='' data-avia-related-tooltip='Compartir en Facebook' rel=\"noopener\"><span class='avia_hidden_link_text'>Compartir en Facebook<\/span><\/a><\/li><li class='av-share-link av-social-link-twitter' ><a target=\"_blank\" aria-label=\"Compartir en Twitter\" href='https:\/\/twitter.com\/share?text=Estudiante%20de%20INACAP%20Coyhaique%20viajar%C3%A1%20a%20China%20a%20potenciar%20sus%20habilidades%20digitales%20gracias%20a%20las%20Becas%20Mineduc-Huawei&#038;url=https:\/\/radiorevelacionfm.cl\/?p=45829' aria-hidden='false' data-av_icon='\ue8f1' data-av_iconfont='entypo-fontello' title='' data-avia-related-tooltip='Compartir en Twitter' rel=\"noopener\"><span class='avia_hidden_link_text'>Compartir en Twitter<\/span><\/a><\/li><li class='av-share-link av-social-link-whatsapp' ><a target=\"_blank\" aria-label=\"Compartir en Whatsapp\" href='https:\/\/api.whatsapp.com\/send?text=https:\/\/radiorevelacionfm.cl\/?p=45829' aria-hidden='false' data-av_icon='\uf232' data-av_iconfont='entypo-fontello' title='' data-avia-related-tooltip='Compartir en Whatsapp' rel=\"noopener\"><span class='avia_hidden_link_text'>Compartir en Whatsapp<\/span><\/a><\/li><li class='av-share-link av-social-link-linkedin' ><a target=\"_blank\" aria-label=\"Compartir en LinkedIn\" href='https:\/\/linkedin.com\/shareArticle?mini=true&#038;title=Estudiante%20de%20INACAP%20Coyhaique%20viajar%C3%A1%20a%20China%20a%20potenciar%20sus%20habilidades%20digitales%20gracias%20a%20las%20Becas%20Mineduc-Huawei&#038;url=https:\/\/radiorevelacionfm.cl\/?p=45829' aria-hidden='false' data-av_icon='\ue8fc' data-av_iconfont='entypo-fontello' title='' data-avia-related-tooltip='Compartir en LinkedIn' rel=\"noopener\"><span class='avia_hidden_link_text'>Compartir en LinkedIn<\/span><\/a><\/li><li class='av-share-link av-social-link-mail' ><a  aria-label=\"Compartir por correo\" href='mailto:?subject=Estudiante%20de%20INACAP%20Coyhaique%20viajar%C3%A1%20a%20China%20a%20potenciar%20sus%20habilidades%20digitales%20gracias%20a%20las%20Becas%20Mineduc-Huawei&#038;body=https:\/\/radiorevelacionfm.cl\/?p=45829' aria-hidden='false' data-av_icon='\ue805' data-av_iconfont='entypo-fontello' title='' data-avia-related-tooltip='Compartir por correo'><span class='avia_hidden_link_text'>Compartir por correo<\/span><\/a><\/li><\/ul><\/div><\/div>\n<div  style='height:50px' class='hr hr-invisible   avia-builder-el-8  el_after_av_social_share  el_before_av_comments_list '><span class='hr-inner ' ><span class='hr-inner-style'><\/span><\/span><\/div>\n<div  class='av-buildercomment  av-blog-meta-html-info-disabled av-blog-meta-tag-disabled  '><\/div>\n","protected":false},"excerpt":{"rendered":"","protected":false},"author":1,"featured_media":45830,"comment_status":"open","ping_status":"open","sticky":false,"template":"","format":"standard","meta":{"footnotes":""},"categories":[49],"tags":[],"class_list":["post-45829","post","type-post","status-publish","format-standard","has-post-thumbnail","hentry","category-educacion"],"jetpack_featured_media_url":"https:\/\/radiorevelacionfm.cl\/wp-content\/uploads\/2024\/09\/becas-huawei-harrison-silva-1_optimized.jpg","_links":{"self":[{"href":"https:\/\/radiorevelacionfm.cl\/index.php?rest_route=\/wp\/v2\/posts\/45829","targetHints":{"allow":["GET"]}}],"collection":[{"href":"https:\/\/radiorevelacionfm.cl\/index.php?rest_route=\/wp\/v2\/posts"}],"about":[{"href":"https:\/\/radiorevelacionfm.cl\/index.php?rest_route=\/wp\/v2\/types\/post"}],"author":[{"embeddable":true,"href":"https:\/\/radiorevelacionfm.cl\/index.php?rest_route=\/wp\/v2\/users\/1"}],"replies":[{"embeddable":true,"href":"https:\/\/radiorevelacionfm.cl\/index.php?rest_route=%2Fwp%2Fv2%2Fcomments&post=45829"}],"version-history":[{"count":1,"href":"https:\/\/radiorevelacionfm.cl\/index.php?rest_route=\/wp\/v2\/posts\/45829\/revisions"}],"predecessor-version":[{"id":45831,"href":"https:\/\/radiorevelacionfm.cl\/index.php?rest_route=\/wp\/v2\/posts\/45829\/revisions\/45831"}],"wp:featuredmedia":[{"embeddable":true,"href":"https:\/\/radiorevelacionfm.cl\/index.php?rest_route=\/wp\/v2\/media\/45830"}],"wp:attachment":[{"href":"https:\/\/radiorevelacionfm.cl\/index.php?rest_route=%2Fwp%2Fv2%2Fmedia&parent=45829"}],"wp:term":[{"taxonomy":"category","embeddable":true,"href":"https:\/\/radiorevelacionfm.cl\/index.php?rest_route=%2Fwp%2Fv2%2Fcategories&post=45829"},{"taxonomy":"post_tag","embeddable":true,"href":"https:\/\/radiorevelacionfm.cl\/index.php?rest_route=%2Fwp%2Fv2%2Ftags&post=45829"}],"curies":[{"name":"wp","href":"https:\/\/api.w.org\/{rel}","templated":true}]}}