{"id":45826,"date":"2024-09-04T11:15:56","date_gmt":"2024-09-04T14:15:56","guid":{"rendered":"https:\/\/radiorevelacionfm.cl\/?p=45826"},"modified":"2024-09-04T11:15:56","modified_gmt":"2024-09-04T14:15:56","slug":"tres-representantes-regionales-viajaran-a-santiago-a-la-xi-expo-feria-mujeres-emprendedoras-indigenas","status":"publish","type":"post","link":"https:\/\/radiorevelacionfm.cl\/?p=45826","title":{"rendered":"Tres representantes regionales viajar\u00e1n a Santiago a la XI Expo Feria Mujeres Emprendedoras Ind\u00edgenas"},"content":{"rendered":"<div class=\"flex_column av_one_full  flex_column_div av-zero-column-padding first  avia-builder-el-0  el_before_av_one_full  avia-builder-el-first  \" style='border-radius:0px; '><div  class='avia-image-container  av-styling-    avia-builder-el-1  avia-builder-el-no-sibling  avia-align-center '  itemprop=\"image\" itemscope=\"itemscope\" itemtype=\"https:\/\/schema.org\/ImageObject\"  ><div class='avia-image-container-inner'><div class='avia-image-overlay-wrap'><img decoding=\"async\" class='wp-image-45827 avia-img-lazy-loading-not-45827 avia_image' src=\"https:\/\/radiorevelacionfm.cl\/wp-content\/uploads\/2024\/09\/feria-indigena-2-1_optimized-1.jpeg\" alt='' title='feria-ind\u00edgena-2-(1)_optimized (1)' height=\"600\" width=\"800\"  itemprop=\"thumbnailUrl\" srcset=\"https:\/\/radiorevelacionfm.cl\/wp-content\/uploads\/2024\/09\/feria-indigena-2-1_optimized-1.jpeg 800w, https:\/\/radiorevelacionfm.cl\/wp-content\/uploads\/2024\/09\/feria-indigena-2-1_optimized-1-300x225.jpeg 300w, https:\/\/radiorevelacionfm.cl\/wp-content\/uploads\/2024\/09\/feria-indigena-2-1_optimized-1-768x576.jpeg 768w, https:\/\/radiorevelacionfm.cl\/wp-content\/uploads\/2024\/09\/feria-indigena-2-1_optimized-1-705x529.jpeg 705w, https:\/\/radiorevelacionfm.cl\/wp-content\/uploads\/2024\/09\/feria-indigena-2-1_optimized-1-450x338.jpeg 450w, https:\/\/radiorevelacionfm.cl\/wp-content\/uploads\/2024\/09\/feria-indigena-2-1_optimized-1-600x450.jpeg 600w\" sizes=\"(max-width: 800px) 100vw, 800px\" \/><\/div><\/div><\/div><\/div><div class=\"flex_column av_one_full  flex_column_div av-zero-column-padding first  avia-builder-el-2  el_after_av_one_full  el_before_av_one_full  column-top-margin\" style='border-radius:0px; '><section class=\"av_textblock_section \"  itemscope=\"itemscope\" itemtype=\"https:\/\/schema.org\/BlogPosting\" itemprop=\"blogPost\" ><div class='avia_textblock  '   itemprop=\"text\" ><p style=\"text-align: center;\"><strong><span style=\"font-size: 18pt;\">Tres representantes regionales viajar\u00e1n a Santiago a la XI Expo Feria Mujeres Emprendedoras Ind\u00edgenas<\/span><\/strong><\/p>\n<div id=\"gtx-trans\" style=\"position: absolute; left: -50px; top: 4.31534px;\">\n<div class=\"gtx-trans-icon\"><\/div>\n<\/div>\n<\/div><\/section><\/div><div class=\"flex_column av_one_full  flex_column_div av-zero-column-padding first  avia-builder-el-4  el_after_av_one_full  el_before_av_hr  column-top-margin\" style='border-radius:0px; '><section class=\"av_textblock_section \"  itemscope=\"itemscope\" itemtype=\"https:\/\/schema.org\/BlogPosting\" itemprop=\"blogPost\" ><div class='avia_textblock  '   itemprop=\"text\" ><p dir=\"ltr\" style=\"text-align: justify;\">Luego de que se dieran a conocer los resultados de las postulaciones para la XI Expo Feria Mujeres Emprendedoras Ind\u00edgenas, que se llevar\u00e1 a cabo en octubre pr\u00f3ximo en la ciudad de Santiago, la seremi de Desarrollo Social y Familia, la directora regional del Servicio Nacional de la Mujer y la Equidad de G\u00e9nero (SernamEG) y la encargada regional de la Corporaci\u00f3n Nacional de Desarrollo Ind\u00edgena (Conadi), entregaron sus felicitaciones y les desearon \u00e9xito a las tres representantes que tendr\u00e1 la Regi\u00f3n de Ays\u00e9n en este gran encuentro comercial y cultural.<\/p>\n<p dir=\"ltr\" style=\"text-align: justify;\">Las seleccionadas, Carolina Nitor Hern\u00e1ndez de la comuna de Cisnes, Yorka Cheuquian Gallardo de Coyhaique, y Margarita Rojas Fern\u00e1ndez de Ays\u00e9n, viajar\u00e1n hasta la capital nacional para participar de esta exposici\u00f3n en la Plaza de la Constituci\u00f3n, los d\u00edas 29, 30 y 31 de octubre, instancia organizada en conjunto por SernamEG y Conadi en la que tambi\u00e9n se realizar\u00e1n diversas actividades para fomentar la vinculaci\u00f3n e intercambio cultural entre las mujeres de los diferentes territorios.<\/p>\n<p dir=\"ltr\" style=\"text-align: justify;\">Karina Acevedo Auad, seremi de Desarrollo Social y Familia, destac\u00f3 el trabajo y calidad de las expositoras y la posibilidad de representar a tres territorios de la Regi\u00f3n de Ays\u00e9n en Santiago: \u00abllevamos a\u00f1os trabajando con la Mesa de la Mujer Ind\u00edgena, estos dos \u00faltimos a\u00f1os ha sido un gran trabajo, donde hemos logrado de hecho mejoras para nuestras presentaciones en la regi\u00f3n, pero en esta oportunidad estamos convocadas a la gran Feria de la Expo Mujer Ind\u00edgena en Santiago en la Plaza de la Constituci\u00f3n, frente a La Moneda, donde van a representarnos Yorka de Coyhaique, Carolina de Puerto Cisnes y Margarita de Puerto Ays\u00e9n. Queremos relevar el trabajo de ellas, la calidad, y la postulaci\u00f3n ya que este fue un concurso donde postularon 200 mujeres\u00bb.<\/p>\n<p dir=\"ltr\" style=\"text-align: justify;\">Por su parte, la directora regional de SernamEG Ays\u00e9n, Patricia Baeza Cabezas, explic\u00f3 que este apoyo que se entrega a las emprendedoras ind\u00edgenas a lo largo del pa\u00eds \u00abes fundamental, ya que estas instancias permiten fortalecer la autonom\u00eda econ\u00f3mica de las mujeres, habilitando estos espacios de comercializaci\u00f3n, donde adem\u00e1s ellas van a ser nuestras tres representantes de la regi\u00f3n en esta feria, donde van a tener la posibilidad de generar estos intercambios sociales, culturales y econ\u00f3micos.<\/p>\n<p dir=\"ltr\" style=\"text-align: justify;\">En tanto, la representante de la localidad de Cisnes y artesana textil, Carolina Nitor Hern\u00e1ndez, agradeci\u00f3 la oportunidad para exponer y vender sus productos en Santiago. Mientras que Yorka Cheuquian Gallardo, quien es de Coyhaique y trabaja en el rubro de la orfebrer\u00eda, dijo que esta encuentro es \u00abuna oportunidad para mostrar y dar cuenta de que en la Regi\u00f3n de Ays\u00e9n tambi\u00e9n hay una poblaci\u00f3n importante de personas que pertenecen a pueblos originarios y naciones preexistentes, y que tambi\u00e9n rescatamos en el trabajo lo que tiene que ver con la cosmovisi\u00f3n de nuestros pueblos\u00bb.<\/p>\n<\/div><\/section><\/div><div  style='height:50px' class='hr hr-invisible   avia-builder-el-6  el_after_av_one_full  el_before_av_social_share '><span class='hr-inner ' ><span class='hr-inner-style'><\/span><\/span><\/div><\/p>\n<div  class='av-social-sharing-box  avia-builder-el-7  el_after_av_hr  el_before_av_hr  '><div class='av-share-box'><h5 class='av-share-link-description av-no-toc '>Compartir esta noticia<\/h5><ul class='av-share-box-list noLightbox'><li class='av-share-link av-social-link-facebook' ><a target=\"_blank\" aria-label=\"Compartir en Facebook\" href='https:\/\/www.facebook.com\/sharer.php?u=https:\/\/radiorevelacionfm.cl\/?p=45826&#038;t=Tres%20representantes%20regionales%20viajar%C3%A1n%20a%20Santiago%20a%20la%20XI%20Expo%20Feria%20Mujeres%20Emprendedoras%20Ind%C3%ADgenas' aria-hidden='false' data-av_icon='\ue8f3' data-av_iconfont='entypo-fontello' title='' data-avia-related-tooltip='Compartir en Facebook' rel=\"noopener\"><span class='avia_hidden_link_text'>Compartir en Facebook<\/span><\/a><\/li><li class='av-share-link av-social-link-twitter' ><a target=\"_blank\" aria-label=\"Compartir en Twitter\" href='https:\/\/twitter.com\/share?text=Tres%20representantes%20regionales%20viajar%C3%A1n%20a%20Santiago%20a%20la%20XI%20Expo%20Feria%20Mujeres%20Emprendedoras%20Ind%C3%ADgenas&#038;url=https:\/\/radiorevelacionfm.cl\/?p=45826' aria-hidden='false' data-av_icon='\ue8f1' data-av_iconfont='entypo-fontello' title='' data-avia-related-tooltip='Compartir en Twitter' rel=\"noopener\"><span class='avia_hidden_link_text'>Compartir en Twitter<\/span><\/a><\/li><li class='av-share-link av-social-link-whatsapp' ><a target=\"_blank\" aria-label=\"Compartir en Whatsapp\" href='https:\/\/api.whatsapp.com\/send?text=https:\/\/radiorevelacionfm.cl\/?p=45826' aria-hidden='false' data-av_icon='\uf232' data-av_iconfont='entypo-fontello' title='' data-avia-related-tooltip='Compartir en Whatsapp' rel=\"noopener\"><span class='avia_hidden_link_text'>Compartir en Whatsapp<\/span><\/a><\/li><li class='av-share-link av-social-link-linkedin' ><a target=\"_blank\" aria-label=\"Compartir en LinkedIn\" href='https:\/\/linkedin.com\/shareArticle?mini=true&#038;title=Tres%20representantes%20regionales%20viajar%C3%A1n%20a%20Santiago%20a%20la%20XI%20Expo%20Feria%20Mujeres%20Emprendedoras%20Ind%C3%ADgenas&#038;url=https:\/\/radiorevelacionfm.cl\/?p=45826' aria-hidden='false' data-av_icon='\ue8fc' data-av_iconfont='entypo-fontello' title='' data-avia-related-tooltip='Compartir en LinkedIn' rel=\"noopener\"><span class='avia_hidden_link_text'>Compartir en LinkedIn<\/span><\/a><\/li><li class='av-share-link av-social-link-mail' ><a  aria-label=\"Compartir por correo\" href='mailto:?subject=Tres%20representantes%20regionales%20viajar%C3%A1n%20a%20Santiago%20a%20la%20XI%20Expo%20Feria%20Mujeres%20Emprendedoras%20Ind%C3%ADgenas&#038;body=https:\/\/radiorevelacionfm.cl\/?p=45826' aria-hidden='false' data-av_icon='\ue805' data-av_iconfont='entypo-fontello' title='' data-avia-related-tooltip='Compartir por correo'><span class='avia_hidden_link_text'>Compartir por correo<\/span><\/a><\/li><\/ul><\/div><\/div>\n<div  style='height:50px' class='hr hr-invisible   avia-builder-el-8  el_after_av_social_share  el_before_av_comments_list '><span class='hr-inner ' ><span class='hr-inner-style'><\/span><\/span><\/div>\n<div  class='av-buildercomment  av-blog-meta-html-info-disabled av-blog-meta-tag-disabled  '><\/div>\n","protected":false},"excerpt":{"rendered":"","protected":false},"author":1,"featured_media":45827,"comment_status":"open","ping_status":"open","sticky":false,"template":"","format":"standard","meta":{"footnotes":""},"categories":[38],"tags":[],"class_list":["post-45826","post","type-post","status-publish","format-standard","has-post-thumbnail","hentry","category-regional"],"jetpack_featured_media_url":"https:\/\/radiorevelacionfm.cl\/wp-content\/uploads\/2024\/09\/feria-indigena-2-1_optimized-1.jpeg","_links":{"self":[{"href":"https:\/\/radiorevelacionfm.cl\/index.php?rest_route=\/wp\/v2\/posts\/45826","targetHints":{"allow":["GET"]}}],"collection":[{"href":"https:\/\/radiorevelacionfm.cl\/index.php?rest_route=\/wp\/v2\/posts"}],"about":[{"href":"https:\/\/radiorevelacionfm.cl\/index.php?rest_route=\/wp\/v2\/types\/post"}],"author":[{"embeddable":true,"href":"https:\/\/radiorevelacionfm.cl\/index.php?rest_route=\/wp\/v2\/users\/1"}],"replies":[{"embeddable":true,"href":"https:\/\/radiorevelacionfm.cl\/index.php?rest_route=%2Fwp%2Fv2%2Fcomments&post=45826"}],"version-history":[{"count":1,"href":"https:\/\/radiorevelacionfm.cl\/index.php?rest_route=\/wp\/v2\/posts\/45826\/revisions"}],"predecessor-version":[{"id":45828,"href":"https:\/\/radiorevelacionfm.cl\/index.php?rest_route=\/wp\/v2\/posts\/45826\/revisions\/45828"}],"wp:featuredmedia":[{"embeddable":true,"href":"https:\/\/radiorevelacionfm.cl\/index.php?rest_route=\/wp\/v2\/media\/45827"}],"wp:attachment":[{"href":"https:\/\/radiorevelacionfm.cl\/index.php?rest_route=%2Fwp%2Fv2%2Fmedia&parent=45826"}],"wp:term":[{"taxonomy":"category","embeddable":true,"href":"https:\/\/radiorevelacionfm.cl\/index.php?rest_route=%2Fwp%2Fv2%2Fcategories&post=45826"},{"taxonomy":"post_tag","embeddable":true,"href":"https:\/\/radiorevelacionfm.cl\/index.php?rest_route=%2Fwp%2Fv2%2Ftags&post=45826"}],"curies":[{"name":"wp","href":"https:\/\/api.w.org\/{rel}","templated":true}]}}