{"id":45824,"date":"2024-09-05T11:47:23","date_gmt":"2024-09-05T14:47:23","guid":{"rendered":"https:\/\/radiorevelacionfm.cl\/?p=45824"},"modified":"2024-09-05T11:47:23","modified_gmt":"2024-09-05T14:47:23","slug":"seremi-de-la-mujer-se-refiere-a-la-incorporacion-de-hijas-e-hijos-como-victimas-directas-de-la-violencia-de-genero-en-la-ley-integral","status":"publish","type":"post","link":"https:\/\/radiorevelacionfm.cl\/?p=45824","title":{"rendered":"Seremi de la Mujer se refiere a la incorporaci\u00f3n de hijas e hijos como v\u00edctimas directas de la violencia de g\u00e9nero en la Ley Integral"},"content":{"rendered":"<div class=\"flex_column av_one_full  flex_column_div av-zero-column-padding first  avia-builder-el-0  el_before_av_one_full  avia-builder-el-first  \" style='border-radius:0px; '><div  class='avia-image-container  av-styling-    avia-builder-el-1  avia-builder-el-no-sibling  avia-align-center '  itemprop=\"image\" itemscope=\"itemscope\" itemtype=\"https:\/\/schema.org\/ImageObject\"  ><div class='avia-image-container-inner'><div class='avia-image-overlay-wrap'><img decoding=\"async\" class='wp-image-45297 avia-img-lazy-loading-not-45297 avia_image' src=\"https:\/\/radiorevelacionfm.cl\/wp-content\/uploads\/2024\/08\/whatsapp-image-2024-08-19-at-16_optimized.45.28-1.jpeg\" alt='' title='whatsapp-image-2024-08-19-at-16_optimized.45.28-(1)' height=\"635\" width=\"800\"  itemprop=\"thumbnailUrl\" srcset=\"https:\/\/radiorevelacionfm.cl\/wp-content\/uploads\/2024\/08\/whatsapp-image-2024-08-19-at-16_optimized.45.28-1.jpeg 800w, https:\/\/radiorevelacionfm.cl\/wp-content\/uploads\/2024\/08\/whatsapp-image-2024-08-19-at-16_optimized.45.28-1-300x238.jpeg 300w, https:\/\/radiorevelacionfm.cl\/wp-content\/uploads\/2024\/08\/whatsapp-image-2024-08-19-at-16_optimized.45.28-1-768x610.jpeg 768w, https:\/\/radiorevelacionfm.cl\/wp-content\/uploads\/2024\/08\/whatsapp-image-2024-08-19-at-16_optimized.45.28-1-705x560.jpeg 705w, https:\/\/radiorevelacionfm.cl\/wp-content\/uploads\/2024\/08\/whatsapp-image-2024-08-19-at-16_optimized.45.28-1-450x357.jpeg 450w, https:\/\/radiorevelacionfm.cl\/wp-content\/uploads\/2024\/08\/whatsapp-image-2024-08-19-at-16_optimized.45.28-1-600x476.jpeg 600w\" sizes=\"(max-width: 800px) 100vw, 800px\" \/><\/div><\/div><\/div><\/div><div class=\"flex_column av_one_full  flex_column_div av-zero-column-padding first  avia-builder-el-2  el_after_av_one_full  el_before_av_one_full  column-top-margin\" style='border-radius:0px; '><section class=\"av_textblock_section \"  itemscope=\"itemscope\" itemtype=\"https:\/\/schema.org\/BlogPosting\" itemprop=\"blogPost\" ><div class='avia_textblock  '   itemprop=\"text\" ><p style=\"text-align: center;\"><strong><span style=\"font-size: 18pt;\">Seremi de la Mujer se refiere a la incorporaci\u00f3n de hijas e hijos como v\u00edctimas directas de la violencia de g\u00e9nero en la Ley Integral<\/span><\/strong><\/p>\n<div id=\"gtx-trans\" style=\"position: absolute; left: -50px; top: 4.31534px;\">\n<div class=\"gtx-trans-icon\"><\/div>\n<\/div>\n<\/div><\/section><\/div><div class=\"flex_column av_one_full  flex_column_div av-zero-column-padding first  avia-builder-el-4  el_after_av_one_full  el_before_av_hr  column-top-margin\" style='border-radius:0px; '><section class=\"av_textblock_section \"  itemscope=\"itemscope\" itemtype=\"https:\/\/schema.org\/BlogPosting\" itemprop=\"blogPost\" ><div class='avia_textblock  '   itemprop=\"text\" ><p style=\"text-align: justify;\">Durante los \u00faltimos d\u00edas hemos presenciado dos casos de violencia extrema por razones de g\u00e9nero contra las mujeres en la regi\u00f3n. En uno de ellos se vio involucrado un ni\u00f1o de 11 a\u00f1os. Lo anterior permite dar cuenta de manera clara que el impacto de dicha problem\u00e1tica alcanza a ni\u00f1os, ni\u00f1as y adolescentes.<\/p>\n<p style=\"text-align: justify;\">Atendiendo a ello, es que la nueva Ley Integral para prevenir, sancionar y erradicar la violencia de g\u00e9nero contra las mujeres\u00bb, adem\u00e1s de ampliar las tipificaciones de violencia por razones de g\u00e9nero y el radio de acci\u00f3n del Estado, indica que tambi\u00e9n ser\u00e1 considerada violencia de g\u00e9nero aquella ejercida contra ni\u00f1as, ni\u00f1os y adolescentes, con el objeto de da\u00f1ar a sus madres o cuidadoras. Indicando que, para estos casos, las personas menores de 18 a\u00f1os de edad ser\u00e1n derivadas al \u00f3rgano competente conforme a lo dispuesto en la ley N\u00b021.430, sobre Garant\u00edas y Protecci\u00f3n Integral de los Derechos de la Ni\u00f1ez y Adolescencia.<\/p>\n<p style=\"text-align: justify;\">\u00abLa violencia por razones de g\u00e9nero que se ejerce contra las mujeres en contexto familiares es capaz de alcanzar a ni\u00f1as, ni\u00f1os y adolescentes, ocasionando perjuicios f\u00edsicos y\/o psicol\u00f3gicos. Atendiendo a ello es que la Ley Integral los incorpora como v\u00edctimas directas y ya no como testigos. Con esto instalamos institucionalmente la necesidad de comprender que la violencia por razones de g\u00e9nero no impacta exclusivamente a las mujeres sino que tambi\u00e9n a su c\u00edrculo cercano. Con esto avanzamos en garantizar el derecho de las mujeres, las ni\u00f1as, ni\u00f1os y adolescentes de nuestro pa\u00eds a una vida libre de violencias\u00bb, indic\u00f3 Andrea M\u00e9ndez Valenzuela, Seremi de la Mujer y la Equidad de G\u00e9nero.<\/p>\n<p style=\"text-align: justify;\">As\u00ed tambi\u00e9n, la \u00a0Seremi de la Mujer y la Equidad de G\u00e9nero, Andrea M\u00e9ndez Valenzuela, se refiri\u00f3 a las acciones lideradas por el SernamEG. Indicando que el organismo ya tom\u00f3 contacto con la mujer v\u00edctima, poniendo a disposici\u00f3n su oferta program\u00e1tica que contempla apoyo psicosocial y legal. Recordar que para estos casos se activa el Circuito Intersectorial de Femicidios, instancia interinstitucional en el que participa activamente, entre otras instituciones, el Servicio de Protecci\u00f3n Especializada a la Ni\u00f1ez y la Adolescencia.<\/p>\n<p style=\"text-align: justify;\">Un caso calificado como femicidio tentado, n\u00famero 51 en la estad\u00edstica nacional, y que pone en la palestra la necesidad urgente de que los organismos p\u00fablicos act\u00faen de manera diligente y coordinada. As\u00ed como tambi\u00e9n, nos invita a todos y todas a intervenir mediante la interpelaci\u00f3n, el acompa\u00f1amiento y\/o la denuncia de cualquier situaci\u00f3n de violencia por razones de g\u00e9nero contra las mujeres.<\/p>\n<\/div><\/section><\/div><div  style='height:50px' class='hr hr-invisible   avia-builder-el-6  el_after_av_one_full  el_before_av_social_share '><span class='hr-inner ' ><span class='hr-inner-style'><\/span><\/span><\/div><\/p>\n<div  class='av-social-sharing-box  avia-builder-el-7  el_after_av_hr  el_before_av_hr  '><div class='av-share-box'><h5 class='av-share-link-description av-no-toc '>Compartir esta noticia<\/h5><ul class='av-share-box-list noLightbox'><li class='av-share-link av-social-link-facebook' ><a target=\"_blank\" aria-label=\"Compartir en Facebook\" href='https:\/\/www.facebook.com\/sharer.php?u=https:\/\/radiorevelacionfm.cl\/?p=45824&#038;t=Seremi%20de%20la%20Mujer%20se%20refiere%20a%20la%20incorporaci%C3%B3n%20de%20hijas%20e%20hijos%20como%20v%C3%ADctimas%20directas%20de%20la%20violencia%20de%20g%C3%A9nero%20en%20la%20Ley%20Integral' aria-hidden='false' data-av_icon='\ue8f3' data-av_iconfont='entypo-fontello' title='' data-avia-related-tooltip='Compartir en Facebook' rel=\"noopener\"><span class='avia_hidden_link_text'>Compartir en Facebook<\/span><\/a><\/li><li class='av-share-link av-social-link-twitter' ><a target=\"_blank\" aria-label=\"Compartir en Twitter\" href='https:\/\/twitter.com\/share?text=Seremi%20de%20la%20Mujer%20se%20refiere%20a%20la%20incorporaci%C3%B3n%20de%20hijas%20e%20hijos%20como%20v%C3%ADctimas%20directas%20de%20la%20violencia%20de%20g%C3%A9nero%20en%20la%20Ley%20Integral&#038;url=https:\/\/radiorevelacionfm.cl\/?p=45824' aria-hidden='false' data-av_icon='\ue8f1' data-av_iconfont='entypo-fontello' title='' data-avia-related-tooltip='Compartir en Twitter' rel=\"noopener\"><span class='avia_hidden_link_text'>Compartir en Twitter<\/span><\/a><\/li><li class='av-share-link av-social-link-whatsapp' ><a target=\"_blank\" aria-label=\"Compartir en Whatsapp\" href='https:\/\/api.whatsapp.com\/send?text=https:\/\/radiorevelacionfm.cl\/?p=45824' aria-hidden='false' data-av_icon='\uf232' data-av_iconfont='entypo-fontello' title='' data-avia-related-tooltip='Compartir en Whatsapp' rel=\"noopener\"><span class='avia_hidden_link_text'>Compartir en Whatsapp<\/span><\/a><\/li><li class='av-share-link av-social-link-linkedin' ><a target=\"_blank\" aria-label=\"Compartir en LinkedIn\" href='https:\/\/linkedin.com\/shareArticle?mini=true&#038;title=Seremi%20de%20la%20Mujer%20se%20refiere%20a%20la%20incorporaci%C3%B3n%20de%20hijas%20e%20hijos%20como%20v%C3%ADctimas%20directas%20de%20la%20violencia%20de%20g%C3%A9nero%20en%20la%20Ley%20Integral&#038;url=https:\/\/radiorevelacionfm.cl\/?p=45824' aria-hidden='false' data-av_icon='\ue8fc' data-av_iconfont='entypo-fontello' title='' data-avia-related-tooltip='Compartir en LinkedIn' rel=\"noopener\"><span class='avia_hidden_link_text'>Compartir en LinkedIn<\/span><\/a><\/li><li class='av-share-link av-social-link-mail' ><a  aria-label=\"Compartir por correo\" href='mailto:?subject=Seremi%20de%20la%20Mujer%20se%20refiere%20a%20la%20incorporaci%C3%B3n%20de%20hijas%20e%20hijos%20como%20v%C3%ADctimas%20directas%20de%20la%20violencia%20de%20g%C3%A9nero%20en%20la%20Ley%20Integral&#038;body=https:\/\/radiorevelacionfm.cl\/?p=45824' aria-hidden='false' data-av_icon='\ue805' data-av_iconfont='entypo-fontello' title='' data-avia-related-tooltip='Compartir por correo'><span class='avia_hidden_link_text'>Compartir por correo<\/span><\/a><\/li><\/ul><\/div><\/div>\n<div  style='height:50px' class='hr hr-invisible   avia-builder-el-8  el_after_av_social_share  el_before_av_comments_list '><span class='hr-inner ' ><span class='hr-inner-style'><\/span><\/span><\/div>\n<div  class='av-buildercomment  av-blog-meta-html-info-disabled av-blog-meta-tag-disabled  '><\/div>\n","protected":false},"excerpt":{"rendered":"","protected":false},"author":1,"featured_media":45297,"comment_status":"open","ping_status":"open","sticky":false,"template":"","format":"standard","meta":{"footnotes":""},"categories":[38],"tags":[],"class_list":["post-45824","post","type-post","status-publish","format-standard","has-post-thumbnail","hentry","category-regional"],"jetpack_featured_media_url":"https:\/\/radiorevelacionfm.cl\/wp-content\/uploads\/2024\/08\/whatsapp-image-2024-08-19-at-16_optimized.45.28-1.jpeg","_links":{"self":[{"href":"https:\/\/radiorevelacionfm.cl\/index.php?rest_route=\/wp\/v2\/posts\/45824","targetHints":{"allow":["GET"]}}],"collection":[{"href":"https:\/\/radiorevelacionfm.cl\/index.php?rest_route=\/wp\/v2\/posts"}],"about":[{"href":"https:\/\/radiorevelacionfm.cl\/index.php?rest_route=\/wp\/v2\/types\/post"}],"author":[{"embeddable":true,"href":"https:\/\/radiorevelacionfm.cl\/index.php?rest_route=\/wp\/v2\/users\/1"}],"replies":[{"embeddable":true,"href":"https:\/\/radiorevelacionfm.cl\/index.php?rest_route=%2Fwp%2Fv2%2Fcomments&post=45824"}],"version-history":[{"count":1,"href":"https:\/\/radiorevelacionfm.cl\/index.php?rest_route=\/wp\/v2\/posts\/45824\/revisions"}],"predecessor-version":[{"id":45825,"href":"https:\/\/radiorevelacionfm.cl\/index.php?rest_route=\/wp\/v2\/posts\/45824\/revisions\/45825"}],"wp:featuredmedia":[{"embeddable":true,"href":"https:\/\/radiorevelacionfm.cl\/index.php?rest_route=\/wp\/v2\/media\/45297"}],"wp:attachment":[{"href":"https:\/\/radiorevelacionfm.cl\/index.php?rest_route=%2Fwp%2Fv2%2Fmedia&parent=45824"}],"wp:term":[{"taxonomy":"category","embeddable":true,"href":"https:\/\/radiorevelacionfm.cl\/index.php?rest_route=%2Fwp%2Fv2%2Fcategories&post=45824"},{"taxonomy":"post_tag","embeddable":true,"href":"https:\/\/radiorevelacionfm.cl\/index.php?rest_route=%2Fwp%2Fv2%2Ftags&post=45824"}],"curies":[{"name":"wp","href":"https:\/\/api.w.org\/{rel}","templated":true}]}}