{"id":45821,"date":"2024-09-04T12:13:21","date_gmt":"2024-09-04T15:13:21","guid":{"rendered":"https:\/\/radiorevelacionfm.cl\/?p=45821"},"modified":"2024-09-04T12:13:21","modified_gmt":"2024-09-04T15:13:21","slug":"coyhaique-lanzo-su-temporada-turistica-en-la-region-metropolitana-mas-del-50-de-visitantes-provienen-de-santiago","status":"publish","type":"post","link":"https:\/\/radiorevelacionfm.cl\/?p=45821","title":{"rendered":"Coyhaique lanz\u00f3 su temporada tur\u00edstica en la Regi\u00f3n Metropolitana: M\u00e1s del 50% de visitantes provienen de Santiago"},"content":{"rendered":"<div class=\"flex_column av_one_full  flex_column_div av-zero-column-padding first  avia-builder-el-0  el_before_av_one_full  avia-builder-el-first  \" style='border-radius:0px; '><div  class='avia-image-container  av-styling-    avia-builder-el-1  avia-builder-el-no-sibling  avia-align-center '  itemprop=\"image\" itemscope=\"itemscope\" itemtype=\"https:\/\/schema.org\/ImageObject\"  ><div class='avia-image-container-inner'><div class='avia-image-overlay-wrap'><img decoding=\"async\" class='wp-image-45822 avia-img-lazy-loading-not-45822 avia_image' src=\"https:\/\/radiorevelacionfm.cl\/wp-content\/uploads\/2024\/09\/lanzamiento-temporada-grupal-1_optimized-1.jpeg\" alt='' title='lanzamiento-temporada-grupal-(1)_optimized (1)' height=\"615\" width=\"804\"  itemprop=\"thumbnailUrl\" srcset=\"https:\/\/radiorevelacionfm.cl\/wp-content\/uploads\/2024\/09\/lanzamiento-temporada-grupal-1_optimized-1.jpeg 804w, https:\/\/radiorevelacionfm.cl\/wp-content\/uploads\/2024\/09\/lanzamiento-temporada-grupal-1_optimized-1-300x229.jpeg 300w, https:\/\/radiorevelacionfm.cl\/wp-content\/uploads\/2024\/09\/lanzamiento-temporada-grupal-1_optimized-1-768x587.jpeg 768w, https:\/\/radiorevelacionfm.cl\/wp-content\/uploads\/2024\/09\/lanzamiento-temporada-grupal-1_optimized-1-705x539.jpeg 705w, https:\/\/radiorevelacionfm.cl\/wp-content\/uploads\/2024\/09\/lanzamiento-temporada-grupal-1_optimized-1-450x344.jpeg 450w, https:\/\/radiorevelacionfm.cl\/wp-content\/uploads\/2024\/09\/lanzamiento-temporada-grupal-1_optimized-1-600x459.jpeg 600w\" sizes=\"(max-width: 804px) 100vw, 804px\" \/><\/div><\/div><\/div><\/div><div class=\"flex_column av_one_full  flex_column_div av-zero-column-padding first  avia-builder-el-2  el_after_av_one_full  el_before_av_one_full  column-top-margin\" style='border-radius:0px; '><section class=\"av_textblock_section \"  itemscope=\"itemscope\" itemtype=\"https:\/\/schema.org\/BlogPosting\" itemprop=\"blogPost\" ><div class='avia_textblock  '   itemprop=\"text\" ><p style=\"text-align: center;\"><span style=\"font-size: 18pt;\"><b>Coyhaique lanz\u00f3 su temporada tur\u00edstica en la Regi\u00f3n Metropolitana: M\u00e1s del 50% de visitantes provienen de Santiago<\/b><\/span><\/p>\n<div id=\"gtx-trans\" style=\"position: absolute; left: -50px; top: 4.31534px;\">\n<div class=\"gtx-trans-icon\"><\/div>\n<\/div>\n<\/div><\/section><\/div><div class=\"flex_column av_one_full  flex_column_div av-zero-column-padding first  avia-builder-el-4  el_after_av_one_full  el_before_av_hr  column-top-margin\" style='border-radius:0px; '><section class=\"av_textblock_section \"  itemscope=\"itemscope\" itemtype=\"https:\/\/schema.org\/BlogPosting\" itemprop=\"blogPost\" ><div class='avia_textblock  '   itemprop=\"text\" ><p style=\"text-align: justify;\"><em>Esta iniciativa impulsada por el municipio cont\u00f3 con la colaboraci\u00f3n de Mall Plaza, el Gobierno Regional de Ays\u00e9n, SERNATUR y la Subsecretar\u00eda de Turismo.<\/em><\/p>\n<p style=\"text-align: justify;\">El Mall Plaza Vespucio de la comuna de la Florida en la capital nacional fue el escenario del lanzamiento de la temporada tur\u00edstica de Coyhaique, que durante dos jornadas mostr\u00f3 al p\u00fablico los principales atractivos de la comuna, actividades deportivas y otras experiencias que se pueden disfrutar en el coraz\u00f3n de la Patagonia de la mano de artistas regionales y emprendedores del rubro tur\u00edstico local.<\/p>\n<p style=\"text-align: justify;\">Con una serie de exposiciones interactivas de emprendedores del sector tur\u00edstico y presentaciones art\u00edsticas en las que destacaron el cantautor, Jorge Contreras y el Conjunto Folcl\u00f3rico Achira, los visitantes y p\u00fablico del concurrido centro comercial, pudieron aproximarse a la experiencia de visitar nuestro territorio, pudiendo incluso realizar un recorrido en bicicleta con im\u00e1genes en 360\u00b0 grados por la carretera austral y los entornos de Coyhaique.<\/p>\n<p style=\"text-align: justify;\">Al respecto, el alcalde de Coyhaique, Carlos Gatica Villegas coment\u00f3 que \u201cen conjunto al Gobierno Regional y diversos actores como representantes del Consejo Regional, concejales, SERNATUR, FEDETUR y la Subsecretar\u00eda de Turismo hemos lanzado la temporada tur\u00edstica de nuestra ciudad en la capital nacional, esto, porque de los turistas nacionales que recibimos m\u00e1s del 50% proviene desde la Regi\u00f3n Metropolitana y porque tambi\u00e9n hay un mercado muy potente que podemos seguir desarrollando juntos\u201d.<\/p>\n<p style=\"text-align: justify;\">\u201cTambi\u00e9n quisimos traer a esta zona un pedacito de la Patagonia a trav\u00e9s de muestras folcl\u00f3ricas, musicales y gastron\u00f3micas, para que los visitantes puedan conocer m\u00e1s de nuestra zona, historia, cultura y de nuestra gente. Esto es parte del programa de Fomento Productivo que trabajamos con el Gobierno Regional y que nos ayuda a seguir fortaleciendo el turismo como pilar de desarrollo de nuestra comuna de Coyhaique\u201d, puntualiz\u00f3 el alcalde Gatica.<\/p>\n<p style=\"text-align: justify;\">Sobre el hito que signific\u00f3 esta difusi\u00f3n tur\u00edstica, la subsecretaria de turismo, Ver\u00f3nica Pardo, manifest\u00f3 que \u201cel Municipio de Coyhaique es uno de los primeros municipios que ha logrado obtener la certificaci\u00f3n de Municipalidad Tur\u00edstica y eso es un compromiso del alcalde que quiere posicionar a su comuna en el contexto nacional. Sin duda, esta regi\u00f3n es maravillosa y que se tiene que conocer en cualquier estaci\u00f3n del a\u00f1o, con sus colores, con nieve permanente a prop\u00f3sito de sus glaciares, con bailes, con comidas y con la calidez que tiene su gente, es importante la apertura que con esto est\u00e1 realizando Coyhaique a toda la Regi\u00f3n Metropolitana, invitamos a planificar su pr\u00f3ximo viaje y a elegir la Patagonia como su destino\u201d.<\/p>\n<p style=\"text-align: justify;\">En esa misma l\u00ednea, Jaime Guazzini, presidente de FEDETUR y director de la C\u00e1mara de Turismo de Coyhaique, resalt\u00f3 que \u201clos operadores tur\u00edsticos y empresarios hoteleros de Coyhaique invitamos a los santiaguinos a visitarnos, a\u00fan tenemos capacidad para estas fiestas patrias y en s\u00f3lo dos horas se puede llegar a la regi\u00f3n, pudiendo disfrutar todo el fin de semana largo de las actividades que se pueden realizar y de los recorridos por nuestros paisajes, somos un tremendo destino\u201d.<\/p>\n<p style=\"text-align: justify;\">Finalmente, la gobernadora regional de Ays\u00e9n, Andrea Mac\u00edas, coment\u00f3 que \u201cpara nosotros a partir del desarrollo de estos programas podemos decir que la descentralizaci\u00f3n es importante, este trabajo nos ha permitido contar con programas de fomento productivo con los 10 municipios de la regi\u00f3n y llevar adelante iniciativas tan relevantes como esta, que tienen por objetivo promover e invitar a m\u00e1s turistas nacionales que puedan llegar a visitar la Regi\u00f3n de Ays\u00e9n y la comuna de Coyhaique\u201d.<\/p>\n<p style=\"text-align: justify;\">\u201cEs importante relevar la acci\u00f3n p\u00fablico-privada que ha permitido estar en este espacio y trabajar de manera conjunta. Nuestra regi\u00f3n no es s\u00f3lo visitable en verano, sino que tiene un mundo que ofrecer en toda \u00e9poca del a\u00f1o, ver\u00e1n los paisajes m\u00e1s hermosos del mundo y la mayor\u00eda de los glaciares que existen en nuestro pa\u00eds se encuentran en Ays\u00e9n, por tanto, tenemos mucho que ofrecer\u201d, enfatiz\u00f3 la autoridad regional.<\/p>\n<\/div><\/section><\/div><div  style='height:50px' class='hr hr-invisible   avia-builder-el-6  el_after_av_one_full  el_before_av_social_share '><span class='hr-inner ' ><span class='hr-inner-style'><\/span><\/span><\/div><\/p>\n<div  class='av-social-sharing-box  avia-builder-el-7  el_after_av_hr  el_before_av_hr  '><div class='av-share-box'><h5 class='av-share-link-description av-no-toc '>Compartir esta noticia<\/h5><ul class='av-share-box-list noLightbox'><li class='av-share-link av-social-link-facebook' ><a target=\"_blank\" aria-label=\"Compartir en Facebook\" href='https:\/\/www.facebook.com\/sharer.php?u=https:\/\/radiorevelacionfm.cl\/?p=45821&#038;t=Coyhaique%20lanz%C3%B3%20su%20temporada%20tur%C3%ADstica%20en%20la%20Regi%C3%B3n%20Metropolitana%3A%20M%C3%A1s%20del%2050%25%20de%20visitantes%20provienen%20de%20Santiago' aria-hidden='false' data-av_icon='\ue8f3' data-av_iconfont='entypo-fontello' title='' data-avia-related-tooltip='Compartir en Facebook' rel=\"noopener\"><span class='avia_hidden_link_text'>Compartir en Facebook<\/span><\/a><\/li><li class='av-share-link av-social-link-twitter' ><a target=\"_blank\" aria-label=\"Compartir en Twitter\" href='https:\/\/twitter.com\/share?text=Coyhaique%20lanz%C3%B3%20su%20temporada%20tur%C3%ADstica%20en%20la%20Regi%C3%B3n%20Metropolitana%3A%20M%C3%A1s%20del%2050%25%20de%20visitantes%20provienen%20de%20Santiago&#038;url=https:\/\/radiorevelacionfm.cl\/?p=45821' aria-hidden='false' data-av_icon='\ue8f1' data-av_iconfont='entypo-fontello' title='' data-avia-related-tooltip='Compartir en Twitter' rel=\"noopener\"><span class='avia_hidden_link_text'>Compartir en Twitter<\/span><\/a><\/li><li class='av-share-link av-social-link-whatsapp' ><a target=\"_blank\" aria-label=\"Compartir en Whatsapp\" href='https:\/\/api.whatsapp.com\/send?text=https:\/\/radiorevelacionfm.cl\/?p=45821' aria-hidden='false' data-av_icon='\uf232' data-av_iconfont='entypo-fontello' title='' data-avia-related-tooltip='Compartir en Whatsapp' rel=\"noopener\"><span class='avia_hidden_link_text'>Compartir en Whatsapp<\/span><\/a><\/li><li class='av-share-link av-social-link-linkedin' ><a target=\"_blank\" aria-label=\"Compartir en LinkedIn\" href='https:\/\/linkedin.com\/shareArticle?mini=true&#038;title=Coyhaique%20lanz%C3%B3%20su%20temporada%20tur%C3%ADstica%20en%20la%20Regi%C3%B3n%20Metropolitana%3A%20M%C3%A1s%20del%2050%25%20de%20visitantes%20provienen%20de%20Santiago&#038;url=https:\/\/radiorevelacionfm.cl\/?p=45821' aria-hidden='false' data-av_icon='\ue8fc' data-av_iconfont='entypo-fontello' title='' data-avia-related-tooltip='Compartir en LinkedIn' rel=\"noopener\"><span class='avia_hidden_link_text'>Compartir en LinkedIn<\/span><\/a><\/li><li class='av-share-link av-social-link-mail' ><a  aria-label=\"Compartir por correo\" href='mailto:?subject=Coyhaique%20lanz%C3%B3%20su%20temporada%20tur%C3%ADstica%20en%20la%20Regi%C3%B3n%20Metropolitana%3A%20M%C3%A1s%20del%2050%25%20de%20visitantes%20provienen%20de%20Santiago&#038;body=https:\/\/radiorevelacionfm.cl\/?p=45821' aria-hidden='false' data-av_icon='\ue805' data-av_iconfont='entypo-fontello' title='' data-avia-related-tooltip='Compartir por correo'><span class='avia_hidden_link_text'>Compartir por correo<\/span><\/a><\/li><\/ul><\/div><\/div>\n<div  style='height:50px' class='hr hr-invisible   avia-builder-el-8  el_after_av_social_share  el_before_av_comments_list '><span class='hr-inner ' ><span class='hr-inner-style'><\/span><\/span><\/div>\n<div  class='av-buildercomment  av-blog-meta-html-info-disabled av-blog-meta-tag-disabled  '><\/div>\n","protected":false},"excerpt":{"rendered":"","protected":false},"author":1,"featured_media":45822,"comment_status":"open","ping_status":"open","sticky":false,"template":"","format":"standard","meta":{"footnotes":""},"categories":[54],"tags":[],"class_list":["post-45821","post","type-post","status-publish","format-standard","has-post-thumbnail","hentry","category-turismo"],"jetpack_featured_media_url":"https:\/\/radiorevelacionfm.cl\/wp-content\/uploads\/2024\/09\/lanzamiento-temporada-grupal-1_optimized-1.jpeg","_links":{"self":[{"href":"https:\/\/radiorevelacionfm.cl\/index.php?rest_route=\/wp\/v2\/posts\/45821","targetHints":{"allow":["GET"]}}],"collection":[{"href":"https:\/\/radiorevelacionfm.cl\/index.php?rest_route=\/wp\/v2\/posts"}],"about":[{"href":"https:\/\/radiorevelacionfm.cl\/index.php?rest_route=\/wp\/v2\/types\/post"}],"author":[{"embeddable":true,"href":"https:\/\/radiorevelacionfm.cl\/index.php?rest_route=\/wp\/v2\/users\/1"}],"replies":[{"embeddable":true,"href":"https:\/\/radiorevelacionfm.cl\/index.php?rest_route=%2Fwp%2Fv2%2Fcomments&post=45821"}],"version-history":[{"count":1,"href":"https:\/\/radiorevelacionfm.cl\/index.php?rest_route=\/wp\/v2\/posts\/45821\/revisions"}],"predecessor-version":[{"id":45823,"href":"https:\/\/radiorevelacionfm.cl\/index.php?rest_route=\/wp\/v2\/posts\/45821\/revisions\/45823"}],"wp:featuredmedia":[{"embeddable":true,"href":"https:\/\/radiorevelacionfm.cl\/index.php?rest_route=\/wp\/v2\/media\/45822"}],"wp:attachment":[{"href":"https:\/\/radiorevelacionfm.cl\/index.php?rest_route=%2Fwp%2Fv2%2Fmedia&parent=45821"}],"wp:term":[{"taxonomy":"category","embeddable":true,"href":"https:\/\/radiorevelacionfm.cl\/index.php?rest_route=%2Fwp%2Fv2%2Fcategories&post=45821"},{"taxonomy":"post_tag","embeddable":true,"href":"https:\/\/radiorevelacionfm.cl\/index.php?rest_route=%2Fwp%2Fv2%2Ftags&post=45821"}],"curies":[{"name":"wp","href":"https:\/\/api.w.org\/{rel}","templated":true}]}}