{"id":45818,"date":"2024-09-03T18:34:53","date_gmt":"2024-09-03T21:34:53","guid":{"rendered":"https:\/\/radiorevelacionfm.cl\/?p=45818"},"modified":"2024-09-03T18:34:53","modified_gmt":"2024-09-03T21:34:53","slug":"en-puerto-aysen-declaran-ciudadano-ilustre-al-deportista-emilio-vera-salinas","status":"publish","type":"post","link":"https:\/\/radiorevelacionfm.cl\/?p=45818","title":{"rendered":"En Puerto Ays\u00e9n declaran \u201cciudadano ilustre\u201d al deportista Emilio Vera Salinas"},"content":{"rendered":"<div class=\"flex_column av_one_full  flex_column_div av-zero-column-padding first  avia-builder-el-0  el_before_av_one_full  avia-builder-el-first  \" style='border-radius:0px; '><div  class='avia-image-container  av-styling-    avia-builder-el-1  avia-builder-el-no-sibling  avia-align-center '  itemprop=\"image\" itemscope=\"itemscope\" itemtype=\"https:\/\/schema.org\/ImageObject\"  ><div class='avia-image-container-inner'><div class='avia-image-overlay-wrap'><img decoding=\"async\" class='wp-image-45819 avia-img-lazy-loading-not-45819 avia_image' src=\"https:\/\/radiorevelacionfm.cl\/wp-content\/uploads\/2024\/09\/Emilio-ciudadano-ilustre-3-2-1.jpg\" alt='' title='Emilio ciudadano ilustre 3 (2) (1)' height=\"600\" width=\"870\"  itemprop=\"thumbnailUrl\" srcset=\"https:\/\/radiorevelacionfm.cl\/wp-content\/uploads\/2024\/09\/Emilio-ciudadano-ilustre-3-2-1.jpg 870w, https:\/\/radiorevelacionfm.cl\/wp-content\/uploads\/2024\/09\/Emilio-ciudadano-ilustre-3-2-1-300x207.jpg 300w, https:\/\/radiorevelacionfm.cl\/wp-content\/uploads\/2024\/09\/Emilio-ciudadano-ilustre-3-2-1-768x530.jpg 768w, https:\/\/radiorevelacionfm.cl\/wp-content\/uploads\/2024\/09\/Emilio-ciudadano-ilustre-3-2-1-705x486.jpg 705w, https:\/\/radiorevelacionfm.cl\/wp-content\/uploads\/2024\/09\/Emilio-ciudadano-ilustre-3-2-1-450x310.jpg 450w, https:\/\/radiorevelacionfm.cl\/wp-content\/uploads\/2024\/09\/Emilio-ciudadano-ilustre-3-2-1-600x414.jpg 600w\" sizes=\"(max-width: 870px) 100vw, 870px\" \/><\/div><\/div><\/div><\/div><div class=\"flex_column av_one_full  flex_column_div av-zero-column-padding first  avia-builder-el-2  el_after_av_one_full  el_before_av_one_full  column-top-margin\" style='border-radius:0px; '><section class=\"av_textblock_section \"  itemscope=\"itemscope\" itemtype=\"https:\/\/schema.org\/BlogPosting\" itemprop=\"blogPost\" ><div class='avia_textblock  '   itemprop=\"text\" ><p style=\"text-align: center;\"><strong><span style=\"font-size: 18pt;\">En Puerto Ays\u00e9n declaran \u201cciudadano ilustre\u201d al deportista Emilio Vera Salinas<\/span><\/strong><\/p>\n<div id=\"gtx-trans\" style=\"position: absolute; left: -50px; top: 4.31534px;\">\n<div class=\"gtx-trans-icon\"><\/div>\n<\/div>\n<\/div><\/section><\/div><div class=\"flex_column av_one_full  flex_column_div av-zero-column-padding first  avia-builder-el-4  el_after_av_one_full  el_before_av_hr  column-top-margin\" style='border-radius:0px; '><section class=\"av_textblock_section \"  itemscope=\"itemscope\" itemtype=\"https:\/\/schema.org\/BlogPosting\" itemprop=\"blogPost\" ><div class='avia_textblock  '   itemprop=\"text\" ><p style=\"text-align: justify;\">La empresa AquaChile entreg\u00f3 un reconocimiento al campe\u00f3n panamericano, mientras que la Banda Instrumental de Carabineros relevaba el momento con m\u00fasica relacionada al deporte. Adem\u00e1s, se exhibi\u00f3 un video con mensajes y saludos de familiares, amigos y quienes han estado en la carrera del joven karateca, trabajo audiovisual preparado por el \u00e1rea de comunicaciones de la Municipalidad.<\/p>\n<p style=\"text-align: justify;\">Familiares, amigos, compa\u00f1eros de curso, deportistas, autoridades comunales, la Banda Instrumental de Carabineros, Sub 13 de futbol Ays\u00e9n, escuelas de Karate, la empresa AquaChile y la comunidad realizaron una cari\u00f1osa y cordial recepci\u00f3n a Emilio Vera Salinas, quien retornaba de Brasil, tras un excelente desempe\u00f1o, logr\u00f3 obtener el oro en el campeonato panamericano de karate Sao Bernardo Do Campo, sumando medallas, pero, adem\u00e1s, experiencia y vivencias.<\/p>\n<p style=\"text-align: justify;\">El joven deportista se mostr\u00f3 sorprendido y muy agradecido con el reconocimiento organizado por la Municipalidad de Ays\u00e9n.<\/p>\n<p style=\"text-align: justify;\">\u201cMuy contento, gracias por la invitaci\u00f3n que me hicieron para este reconocimiento. La participaci\u00f3n en el torneo fue una presi\u00f3n muy grande, pero lo pude sacar adelante. Y esta sorpresa, incre\u00edble, no me lo esperaba. (A otros ni\u00f1os y j\u00f3venes), decirles que, no se pierdan en malo caminos, que sigan sus sue\u00f1os, porque eso es lo m\u00e1s importante en uno mismo\u201d, se\u00f1al\u00f3 Emilio Vera.<\/p>\n<p style=\"text-align: justify;\">El Alcalde de la comuna de Ays\u00e9n, Julio Uribe Alvarado, destac\u00f3 el gran desempe\u00f1o del joven aysenino, la disciplina y las ganas de salir adelante, lo que ha quedado demostrado en este nuevo triunfo.<\/p>\n<p style=\"text-align: justify;\">Por lo anterior, el edil propuso al Concejo Municipal declarar ciudadano ilustre a Emilio Vera Salinas, presentaci\u00f3n que fue aprobada de forma un\u00e1nime.<\/p>\n<p style=\"text-align: justify;\">\u201cEstamos felices porque ha resultado todo bien, Emilio se merece este reconocimiento y haberlo declarado ciudadano ilustre de nuestra comuna, es uno de los m\u00e1s grandes reconocimientos que puede hacer el Concejo Municipal. Por lo tanto, creo que hemos hecho justicia con este joven que ya nos ha dado tantas satisfacciones y hoy que haya ganado esta medalla panamericana de oro, con competidores de alto nivel, creo que se hace merecedor de este reconocimiento y mucho m\u00e1s\u201d.<\/p>\n<p style=\"text-align: justify;\">Desde que comenz\u00f3 en la etapa competitiva del karate, siempre tuvo el apoyo de su Dojo Aska Ays\u00e9n, de su Sensei Marco Co\u00f1uecar Lagos y en la parte deportiva siempre con el senpai Marcos Co\u00f1uecar Villegas. Tambi\u00e9n este \u00faltimo tiempo estuvo en preparaci\u00f3n de acondicionamiento y t\u00e9cnicas con el profesor de educaci\u00f3n f\u00edsica Sebasti\u00e1n Rojas, en un tratamiento de una lesi\u00f3n en el tobillo con el Kinesi\u00f3logo y tambi\u00e9n karateca Felipe Ar\u00e9valos del centro m\u00e9dico integral HOI, quien lo ayud\u00f3 en su recuperaci\u00f3n para que estuviera en \u00f3ptimas condiciones para el Panamericano. Tambi\u00e9n desde hace ya varios a\u00f1os ha recibido el apoyo y la colaboraci\u00f3n del sensei Jos\u00e9 Toledo y su familia principalmente su mam\u00e1 y su pap\u00e1, que son el pilar para que \u00e9l pueda cumplir sus sue\u00f1os.<\/p>\n<\/div><\/section><\/div><div  style='height:50px' class='hr hr-invisible   avia-builder-el-6  el_after_av_one_full  el_before_av_social_share '><span class='hr-inner ' ><span class='hr-inner-style'><\/span><\/span><\/div><\/p>\n<div  class='av-social-sharing-box  avia-builder-el-7  el_after_av_hr  el_before_av_hr  '><div class='av-share-box'><h5 class='av-share-link-description av-no-toc '>Compartir esta noticia<\/h5><ul class='av-share-box-list noLightbox'><li class='av-share-link av-social-link-facebook' ><a target=\"_blank\" aria-label=\"Compartir en Facebook\" href='https:\/\/www.facebook.com\/sharer.php?u=https:\/\/radiorevelacionfm.cl\/?p=45818&#038;t=En%20Puerto%20Ays%C3%A9n%20declaran%20%E2%80%9Cciudadano%20ilustre%E2%80%9D%20al%20deportista%20Emilio%20Vera%20Salinas' aria-hidden='false' data-av_icon='\ue8f3' data-av_iconfont='entypo-fontello' title='' data-avia-related-tooltip='Compartir en Facebook' rel=\"noopener\"><span class='avia_hidden_link_text'>Compartir en Facebook<\/span><\/a><\/li><li class='av-share-link av-social-link-twitter' ><a target=\"_blank\" aria-label=\"Compartir en Twitter\" href='https:\/\/twitter.com\/share?text=En%20Puerto%20Ays%C3%A9n%20declaran%20%E2%80%9Cciudadano%20ilustre%E2%80%9D%20al%20deportista%20Emilio%20Vera%20Salinas&#038;url=https:\/\/radiorevelacionfm.cl\/?p=45818' aria-hidden='false' data-av_icon='\ue8f1' data-av_iconfont='entypo-fontello' title='' data-avia-related-tooltip='Compartir en Twitter' rel=\"noopener\"><span class='avia_hidden_link_text'>Compartir en Twitter<\/span><\/a><\/li><li class='av-share-link av-social-link-whatsapp' ><a target=\"_blank\" aria-label=\"Compartir en Whatsapp\" href='https:\/\/api.whatsapp.com\/send?text=https:\/\/radiorevelacionfm.cl\/?p=45818' aria-hidden='false' data-av_icon='\uf232' data-av_iconfont='entypo-fontello' title='' data-avia-related-tooltip='Compartir en Whatsapp' rel=\"noopener\"><span class='avia_hidden_link_text'>Compartir en Whatsapp<\/span><\/a><\/li><li class='av-share-link av-social-link-linkedin' ><a target=\"_blank\" aria-label=\"Compartir en LinkedIn\" href='https:\/\/linkedin.com\/shareArticle?mini=true&#038;title=En%20Puerto%20Ays%C3%A9n%20declaran%20%E2%80%9Cciudadano%20ilustre%E2%80%9D%20al%20deportista%20Emilio%20Vera%20Salinas&#038;url=https:\/\/radiorevelacionfm.cl\/?p=45818' aria-hidden='false' data-av_icon='\ue8fc' data-av_iconfont='entypo-fontello' title='' data-avia-related-tooltip='Compartir en LinkedIn' rel=\"noopener\"><span class='avia_hidden_link_text'>Compartir en LinkedIn<\/span><\/a><\/li><li class='av-share-link av-social-link-mail' ><a  aria-label=\"Compartir por correo\" href='mailto:?subject=En%20Puerto%20Ays%C3%A9n%20declaran%20%E2%80%9Cciudadano%20ilustre%E2%80%9D%20al%20deportista%20Emilio%20Vera%20Salinas&#038;body=https:\/\/radiorevelacionfm.cl\/?p=45818' aria-hidden='false' data-av_icon='\ue805' data-av_iconfont='entypo-fontello' title='' data-avia-related-tooltip='Compartir por correo'><span class='avia_hidden_link_text'>Compartir por correo<\/span><\/a><\/li><\/ul><\/div><\/div>\n<div  style='height:50px' class='hr hr-invisible   avia-builder-el-8  el_after_av_social_share  el_before_av_comments_list '><span class='hr-inner ' ><span class='hr-inner-style'><\/span><\/span><\/div>\n<div  class='av-buildercomment  av-blog-meta-html-info-disabled av-blog-meta-tag-disabled  '><\/div>\n","protected":false},"excerpt":{"rendered":"","protected":false},"author":1,"featured_media":45819,"comment_status":"open","ping_status":"open","sticky":false,"template":"","format":"standard","meta":{"footnotes":""},"categories":[38],"tags":[],"class_list":["post-45818","post","type-post","status-publish","format-standard","has-post-thumbnail","hentry","category-regional"],"jetpack_featured_media_url":"https:\/\/radiorevelacionfm.cl\/wp-content\/uploads\/2024\/09\/Emilio-ciudadano-ilustre-3-2-1.jpg","_links":{"self":[{"href":"https:\/\/radiorevelacionfm.cl\/index.php?rest_route=\/wp\/v2\/posts\/45818","targetHints":{"allow":["GET"]}}],"collection":[{"href":"https:\/\/radiorevelacionfm.cl\/index.php?rest_route=\/wp\/v2\/posts"}],"about":[{"href":"https:\/\/radiorevelacionfm.cl\/index.php?rest_route=\/wp\/v2\/types\/post"}],"author":[{"embeddable":true,"href":"https:\/\/radiorevelacionfm.cl\/index.php?rest_route=\/wp\/v2\/users\/1"}],"replies":[{"embeddable":true,"href":"https:\/\/radiorevelacionfm.cl\/index.php?rest_route=%2Fwp%2Fv2%2Fcomments&post=45818"}],"version-history":[{"count":1,"href":"https:\/\/radiorevelacionfm.cl\/index.php?rest_route=\/wp\/v2\/posts\/45818\/revisions"}],"predecessor-version":[{"id":45820,"href":"https:\/\/radiorevelacionfm.cl\/index.php?rest_route=\/wp\/v2\/posts\/45818\/revisions\/45820"}],"wp:featuredmedia":[{"embeddable":true,"href":"https:\/\/radiorevelacionfm.cl\/index.php?rest_route=\/wp\/v2\/media\/45819"}],"wp:attachment":[{"href":"https:\/\/radiorevelacionfm.cl\/index.php?rest_route=%2Fwp%2Fv2%2Fmedia&parent=45818"}],"wp:term":[{"taxonomy":"category","embeddable":true,"href":"https:\/\/radiorevelacionfm.cl\/index.php?rest_route=%2Fwp%2Fv2%2Fcategories&post=45818"},{"taxonomy":"post_tag","embeddable":true,"href":"https:\/\/radiorevelacionfm.cl\/index.php?rest_route=%2Fwp%2Fv2%2Ftags&post=45818"}],"curies":[{"name":"wp","href":"https:\/\/api.w.org\/{rel}","templated":true}]}}