{"id":45811,"date":"2024-09-03T22:40:47","date_gmt":"2024-09-04T01:40:47","guid":{"rendered":"https:\/\/radiorevelacionfm.cl\/?p=45811"},"modified":"2024-09-03T22:40:47","modified_gmt":"2024-09-04T01:40:47","slug":"puerto-ibanez-gano-concurso-regional-2024-y-se-suma-al-programa-para-pequenas-localidades-del-minvu","status":"publish","type":"post","link":"https:\/\/radiorevelacionfm.cl\/?p=45811","title":{"rendered":"Puerto Ib\u00e1\u00f1ez gan\u00f3 concurso regional 2024 y se suma al Programa para Peque\u00f1as Localidades del Minvu"},"content":{"rendered":"<div class=\"flex_column av_one_full  flex_column_div av-zero-column-padding first  avia-builder-el-0  el_before_av_one_full  avia-builder-el-first  \" style='border-radius:0px; '><div  class='avia-image-container  av-styling-    avia-builder-el-1  avia-builder-el-no-sibling  avia-align-center '  itemprop=\"image\" itemscope=\"itemscope\" itemtype=\"https:\/\/schema.org\/ImageObject\"  ><div class='avia-image-container-inner'><div class='avia-image-overlay-wrap'><img decoding=\"async\" class='wp-image-45812 avia-img-lazy-loading-not-45812 avia_image' src=\"https:\/\/radiorevelacionfm.cl\/wp-content\/uploads\/2024\/09\/vista-plaza-puerto-ibanez-1-1_optimized-1.jpeg\" alt='' title='vista-plaza-puerto-ib\u00e1\u00f1ez-(1)-(1)_optimized (1)' height=\"600\" width=\"897\"  itemprop=\"thumbnailUrl\" srcset=\"https:\/\/radiorevelacionfm.cl\/wp-content\/uploads\/2024\/09\/vista-plaza-puerto-ibanez-1-1_optimized-1.jpeg 897w, https:\/\/radiorevelacionfm.cl\/wp-content\/uploads\/2024\/09\/vista-plaza-puerto-ibanez-1-1_optimized-1-300x201.jpeg 300w, https:\/\/radiorevelacionfm.cl\/wp-content\/uploads\/2024\/09\/vista-plaza-puerto-ibanez-1-1_optimized-1-768x514.jpeg 768w, https:\/\/radiorevelacionfm.cl\/wp-content\/uploads\/2024\/09\/vista-plaza-puerto-ibanez-1-1_optimized-1-705x472.jpeg 705w, https:\/\/radiorevelacionfm.cl\/wp-content\/uploads\/2024\/09\/vista-plaza-puerto-ibanez-1-1_optimized-1-450x301.jpeg 450w, https:\/\/radiorevelacionfm.cl\/wp-content\/uploads\/2024\/09\/vista-plaza-puerto-ibanez-1-1_optimized-1-600x401.jpeg 600w\" sizes=\"(max-width: 897px) 100vw, 897px\" \/><\/div><\/div><\/div><\/div><div class=\"flex_column av_one_full  flex_column_div av-zero-column-padding first  avia-builder-el-2  el_after_av_one_full  el_before_av_one_full  column-top-margin\" style='border-radius:0px; '><section class=\"av_textblock_section \"  itemscope=\"itemscope\" itemtype=\"https:\/\/schema.org\/BlogPosting\" itemprop=\"blogPost\" ><div class='avia_textblock  '   itemprop=\"text\" ><p style=\"text-align: center;\"><span style=\"font-size: 18pt;\"><strong>Puerto Ib\u00e1\u00f1ez gan\u00f3 concurso regional 2024 y se suma al Programa para Peque\u00f1as Localidades del Minvu <\/strong><\/span><\/p>\n<div id=\"gtx-trans\" style=\"position: absolute; left: -50px; top: 4.31534px;\">\n<div class=\"gtx-trans-icon\"><\/div>\n<\/div>\n<\/div><\/section><\/div><div class=\"flex_column av_one_full  flex_column_div av-zero-column-padding first  avia-builder-el-4  el_after_av_one_full  el_before_av_hr  column-top-margin\" style='border-radius:0px; '><section class=\"av_textblock_section \"  itemscope=\"itemscope\" itemtype=\"https:\/\/schema.org\/BlogPosting\" itemprop=\"blogPost\" ><div class='avia_textblock  '   itemprop=\"text\" ><p style=\"text-align: justify;\">Como un anuncio muy positivo y relevante para continuar incentivando el desarrollo de la localidad, calificaron vecinos y autoridades la reciente designaci\u00f3n de Puerto Ingeniero Ib\u00e1\u00f1ez como el nuevo integrante regional en el Programa para Peque\u00f1as Localidades del Ministerio de Vivienda y Urbanismo (Minvu).<\/p>\n<p style=\"text-align: justify;\">La buena noticia fue confirmada por la Seremi de Vivienda, Paulina Ruz, en el contexto de una reciente entrega de viviendas en la localidad, donde precis\u00f3 que, este a\u00f1o Puerto Ingeniero Ib\u00e1\u00f1ez result\u00f3 ganador del concurso regional, tras la votaci\u00f3n de la mesa integrada por un represente del Gobierno Regional; los Seremis de Econom\u00eda, Desarrollo Social, Obras P\u00fablicas y Vivienda; el Director del Serviu; el Jefe regional de Subdere y el Encargado regional (S) del programa para peque\u00f1as localidades.<\/p>\n<p style=\"text-align: justify;\">Record\u00f3 la autoridad que este programa del Minvu busca favorecer la equidad territorial, garantizando a los habitantes de localidades peque\u00f1as el acceso a infraestructura urbana y habitacional, objetivo que en este caso se justifica plenamente. \u201cDentro de nuestro plan ministerial denominado Ciudades Justas destacamos la aplicaci\u00f3n de este programa que busca potenciar el desarrollo de los territorios m\u00e1s alejados y m\u00e1s peque\u00f1os, que adem\u00e1s son los que generalmente no han logrado atraer la inversi\u00f3n y los equipamientos que necesitan. Es un programa que dura 4 a\u00f1os y que pone a disposici\u00f3n de los habitantes m\u00e1s de mil 500 millones de pesos, fondos que podr\u00e1n administrar los mismos vecinos organizados, definiendo y priorizando los proyectos que m\u00e1s necesitan. All\u00ed es tambi\u00e9n relevante que las organizaciones y sus autoridades locales, puedan buscar inversiones complementarias de otros sectores u otros servicios, pensando siempre en lograr avances y soluciones integrales que mejoren la vida de todos los habitantes\u201d, precis\u00f3 la Seremi.<\/p>\n<p style=\"text-align: justify;\">Agreg\u00f3 Paulina Ruz que el Programa para Peque\u00f1as Localidades fue creado hace nueve a\u00f1os y se aplica en todo el pa\u00eds, en lugares con menos de 20 mil habitantes. Contempla un periodo de implementaci\u00f3n que va entre los cuatro y los seis a\u00f1os, partiendo con una etapa de Diagn\u00f3stico y la conformaci\u00f3n de una mesa de actores locales, que se encarga de definir un Plan de Desarrollo para la localidad. \u201cA trav\u00e9s de ese Plan se pueden financiar diversas obras, como por ejemplo la recuperaci\u00f3n de los espacios p\u00fablicos y de obras urbanas, siempre con un fuerte componente de participaci\u00f3n ciudadana, ya que son las vecinas y vecinos quienes determinan las obras que se har\u00e1n realidad. En los pr\u00f3ximos meses celebraremos los convenios de cooperaci\u00f3n e implementaci\u00f3n, para dar paso luego a la trasferencia de recursos y empezar con la ejecuci\u00f3n desde el pr\u00f3ximo a\u00f1o. Compartimos entonces la alegr\u00eda de que Puerto Ib\u00e1\u00f1ez tenga esta nueva oportunidad de inversi\u00f3n e invitamos a la comunidad a participar con entusiasmo en las diferentes etapas del programa, para ir dando forma a la ciudad que sue\u00f1an para su presente y su futuro\u201d, manifest\u00f3.<\/p>\n<p style=\"text-align: justify;\">Por su parte el alcalde la comuna, Juan Saldivia, valor\u00f3 tambi\u00e9n la llegada del programa, que con una gran inversi\u00f3n y en los pr\u00f3ximos cuatro a\u00f1os permitir\u00e1 contribuir y potenciar al desarrollo de Puerto Ib\u00e1\u00f1ez. \u201cEn este sentido, nuestra comunidad se ver\u00e1 beneficiada con obras que estar\u00e1n relacionadas con su principal quehacer productivo, el que cada vez se orienta m\u00e1s a la actividad tur\u00edstica. Adem\u00e1s, a lo anterior se suma que la poblaci\u00f3n se caracteriza por un elevado porcentaje de personas mayores, de acuerdo a los \u00faltimos datos del censo registrado. De esta forma, con estos recursos del programa Peque\u00f1as Localidades podremos abordar tres componentes, desde lo urbano, habitacional y multisectorial\u201d, indic\u00f3.<\/p>\n<p style=\"text-align: justify;\">Finalmente, tambi\u00e9n del Delegado Presidencial Provincial de General Carrera, Crist\u00f3bal Barcel\u00f3, valor\u00f3 el impacto de esta buena noticia. \u201cSin duda que este programa del Ministerio de Vivienda es una herramienta fundamental para el desarrollo de nuestra comunidad y de toda la provincia General Carrera. En particular Puerto Ib\u00e1\u00f1ez, como punto estrat\u00e9gico de conectividad, se va a ver enormemente beneficiado por esta iniciativa que va a mejorar la calidad de vida de sus habitantes y fortalecer el rol como eje central en la provincia. Este tipo de programas no s\u00f3lo generan un impacto positivo a nivel local, sino que tambi\u00e9n reafirman el compromiso de nuestro presidente Gabriel Boric con la descentralizaci\u00f3n y el trabajo conjunto con los territorios para asegurar un desarrollo m\u00e1s equitativo y sostenible para todos\u201d, acot\u00f3.<\/p>\n<p style=\"text-align: justify;\">Actualmente el programa para Peque\u00f1as localidades del Minvu est\u00e1 presente en m\u00e1s de un centenar de localidades en todo el pa\u00eds, incluyendo en nuestra regi\u00f3n a Villa O\u2019Higgins, que fue la primera localidad incorporada en 2018; el sistema de localidades de Lago Verde, La Tapera y Villa Amengual, en 2021; Melinka, seleccionado en 2022; Balmaceda en 2023; Caleta Tortel seleccionado a inicios de este a\u00f1o por asignaci\u00f3n directa y Puerto Ingeniero Ib\u00e1\u00f1ez, seleccionado hace solo algunas semanas, a fines del mes de agosto.<\/p>\n<\/div><\/section><\/div><div  style='height:50px' class='hr hr-invisible   avia-builder-el-6  el_after_av_one_full  el_before_av_social_share '><span class='hr-inner ' ><span class='hr-inner-style'><\/span><\/span><\/div><\/p>\n<div  class='av-social-sharing-box  avia-builder-el-7  el_after_av_hr  el_before_av_hr  '><div class='av-share-box'><h5 class='av-share-link-description av-no-toc '>Compartir esta noticia<\/h5><ul class='av-share-box-list noLightbox'><li class='av-share-link av-social-link-facebook' ><a target=\"_blank\" aria-label=\"Compartir en Facebook\" href='https:\/\/www.facebook.com\/sharer.php?u=https:\/\/radiorevelacionfm.cl\/?p=45811&#038;t=Puerto%20Ib%C3%A1%C3%B1ez%20gan%C3%B3%20concurso%20regional%202024%20y%20se%20suma%20al%20Programa%20para%20Peque%C3%B1as%20Localidades%20del%20Minvu' aria-hidden='false' data-av_icon='\ue8f3' data-av_iconfont='entypo-fontello' title='' data-avia-related-tooltip='Compartir en Facebook' rel=\"noopener\"><span class='avia_hidden_link_text'>Compartir en Facebook<\/span><\/a><\/li><li class='av-share-link av-social-link-twitter' ><a target=\"_blank\" aria-label=\"Compartir en Twitter\" href='https:\/\/twitter.com\/share?text=Puerto%20Ib%C3%A1%C3%B1ez%20gan%C3%B3%20concurso%20regional%202024%20y%20se%20suma%20al%20Programa%20para%20Peque%C3%B1as%20Localidades%20del%20Minvu&#038;url=https:\/\/radiorevelacionfm.cl\/?p=45811' aria-hidden='false' data-av_icon='\ue8f1' data-av_iconfont='entypo-fontello' title='' data-avia-related-tooltip='Compartir en Twitter' rel=\"noopener\"><span class='avia_hidden_link_text'>Compartir en Twitter<\/span><\/a><\/li><li class='av-share-link av-social-link-whatsapp' ><a target=\"_blank\" aria-label=\"Compartir en Whatsapp\" href='https:\/\/api.whatsapp.com\/send?text=https:\/\/radiorevelacionfm.cl\/?p=45811' aria-hidden='false' data-av_icon='\uf232' data-av_iconfont='entypo-fontello' title='' data-avia-related-tooltip='Compartir en Whatsapp' rel=\"noopener\"><span class='avia_hidden_link_text'>Compartir en Whatsapp<\/span><\/a><\/li><li class='av-share-link av-social-link-linkedin' ><a target=\"_blank\" aria-label=\"Compartir en LinkedIn\" href='https:\/\/linkedin.com\/shareArticle?mini=true&#038;title=Puerto%20Ib%C3%A1%C3%B1ez%20gan%C3%B3%20concurso%20regional%202024%20y%20se%20suma%20al%20Programa%20para%20Peque%C3%B1as%20Localidades%20del%20Minvu&#038;url=https:\/\/radiorevelacionfm.cl\/?p=45811' aria-hidden='false' data-av_icon='\ue8fc' data-av_iconfont='entypo-fontello' title='' data-avia-related-tooltip='Compartir en LinkedIn' rel=\"noopener\"><span class='avia_hidden_link_text'>Compartir en LinkedIn<\/span><\/a><\/li><li class='av-share-link av-social-link-mail' ><a  aria-label=\"Compartir por correo\" href='mailto:?subject=Puerto%20Ib%C3%A1%C3%B1ez%20gan%C3%B3%20concurso%20regional%202024%20y%20se%20suma%20al%20Programa%20para%20Peque%C3%B1as%20Localidades%20del%20Minvu&#038;body=https:\/\/radiorevelacionfm.cl\/?p=45811' aria-hidden='false' data-av_icon='\ue805' data-av_iconfont='entypo-fontello' title='' data-avia-related-tooltip='Compartir por correo'><span class='avia_hidden_link_text'>Compartir por correo<\/span><\/a><\/li><\/ul><\/div><\/div>\n<div  style='height:50px' class='hr hr-invisible   avia-builder-el-8  el_after_av_social_share  el_before_av_comments_list '><span class='hr-inner ' ><span class='hr-inner-style'><\/span><\/span><\/div>\n<div  class='av-buildercomment  av-blog-meta-html-info-disabled av-blog-meta-tag-disabled  '><\/div>\n","protected":false},"excerpt":{"rendered":"","protected":false},"author":1,"featured_media":45812,"comment_status":"open","ping_status":"open","sticky":false,"template":"","format":"standard","meta":{"footnotes":""},"categories":[57],"tags":[],"class_list":["post-45811","post","type-post","status-publish","format-standard","has-post-thumbnail","hentry","category-vivienda"],"jetpack_featured_media_url":"https:\/\/radiorevelacionfm.cl\/wp-content\/uploads\/2024\/09\/vista-plaza-puerto-ibanez-1-1_optimized-1.jpeg","_links":{"self":[{"href":"https:\/\/radiorevelacionfm.cl\/index.php?rest_route=\/wp\/v2\/posts\/45811","targetHints":{"allow":["GET"]}}],"collection":[{"href":"https:\/\/radiorevelacionfm.cl\/index.php?rest_route=\/wp\/v2\/posts"}],"about":[{"href":"https:\/\/radiorevelacionfm.cl\/index.php?rest_route=\/wp\/v2\/types\/post"}],"author":[{"embeddable":true,"href":"https:\/\/radiorevelacionfm.cl\/index.php?rest_route=\/wp\/v2\/users\/1"}],"replies":[{"embeddable":true,"href":"https:\/\/radiorevelacionfm.cl\/index.php?rest_route=%2Fwp%2Fv2%2Fcomments&post=45811"}],"version-history":[{"count":1,"href":"https:\/\/radiorevelacionfm.cl\/index.php?rest_route=\/wp\/v2\/posts\/45811\/revisions"}],"predecessor-version":[{"id":45813,"href":"https:\/\/radiorevelacionfm.cl\/index.php?rest_route=\/wp\/v2\/posts\/45811\/revisions\/45813"}],"wp:featuredmedia":[{"embeddable":true,"href":"https:\/\/radiorevelacionfm.cl\/index.php?rest_route=\/wp\/v2\/media\/45812"}],"wp:attachment":[{"href":"https:\/\/radiorevelacionfm.cl\/index.php?rest_route=%2Fwp%2Fv2%2Fmedia&parent=45811"}],"wp:term":[{"taxonomy":"category","embeddable":true,"href":"https:\/\/radiorevelacionfm.cl\/index.php?rest_route=%2Fwp%2Fv2%2Fcategories&post=45811"},{"taxonomy":"post_tag","embeddable":true,"href":"https:\/\/radiorevelacionfm.cl\/index.php?rest_route=%2Fwp%2Fv2%2Ftags&post=45811"}],"curies":[{"name":"wp","href":"https:\/\/api.w.org\/{rel}","templated":true}]}}