{"id":45807,"date":"2024-09-03T18:15:27","date_gmt":"2024-09-03T21:15:27","guid":{"rendered":"https:\/\/radiorevelacionfm.cl\/?p=45807"},"modified":"2024-09-03T18:15:27","modified_gmt":"2024-09-03T21:15:27","slug":"condenan-a-5-anos-de-libertad-vigilada-intensiva-a-dos-empresarios-como-autores-de-delitos-tributarios-reiterados-por-uso-de-facturas-falsas","status":"publish","type":"post","link":"https:\/\/radiorevelacionfm.cl\/?p=45807","title":{"rendered":"Condenan a 5 a\u00f1os de libertad vigilada intensiva a dos empresarios como autores de delitos tributarios reiterados, por uso de facturas falsas"},"content":{"rendered":"<div class=\"flex_column av_one_full  flex_column_div av-zero-column-padding first  avia-builder-el-0  el_before_av_one_full  avia-builder-el-first  \" style='border-radius:0px; '><div  class='avia-image-container  av-styling-    avia-builder-el-1  avia-builder-el-no-sibling  avia-align-center '  itemprop=\"image\" itemscope=\"itemscope\" itemtype=\"https:\/\/schema.org\/ImageObject\"  ><div class='avia-image-container-inner'><div class='avia-image-overlay-wrap'><img decoding=\"async\" class='wp-image-45808 avia-img-lazy-loading-not-45808 avia_image' src=\"https:\/\/radiorevelacionfm.cl\/wp-content\/uploads\/2024\/09\/top-coyhaique-1-2_optimized-1.jpg\" alt='' title='top-coyhaique-(1)-(2)_optimized (1)' height=\"600\" width=\"990\"  itemprop=\"thumbnailUrl\" srcset=\"https:\/\/radiorevelacionfm.cl\/wp-content\/uploads\/2024\/09\/top-coyhaique-1-2_optimized-1.jpg 990w, https:\/\/radiorevelacionfm.cl\/wp-content\/uploads\/2024\/09\/top-coyhaique-1-2_optimized-1-300x182.jpg 300w, https:\/\/radiorevelacionfm.cl\/wp-content\/uploads\/2024\/09\/top-coyhaique-1-2_optimized-1-768x465.jpg 768w, https:\/\/radiorevelacionfm.cl\/wp-content\/uploads\/2024\/09\/top-coyhaique-1-2_optimized-1-705x427.jpg 705w, https:\/\/radiorevelacionfm.cl\/wp-content\/uploads\/2024\/09\/top-coyhaique-1-2_optimized-1-450x273.jpg 450w, https:\/\/radiorevelacionfm.cl\/wp-content\/uploads\/2024\/09\/top-coyhaique-1-2_optimized-1-600x364.jpg 600w\" sizes=\"(max-width: 990px) 100vw, 990px\" \/><\/div><\/div><\/div><\/div>\n<div class=\"flex_column av_one_full  flex_column_div av-zero-column-padding first  avia-builder-el-2  el_after_av_one_full  el_before_av_one_full  column-top-margin\" style='border-radius:0px; '><section class=\"av_textblock_section \"  itemscope=\"itemscope\" itemtype=\"https:\/\/schema.org\/BlogPosting\" itemprop=\"blogPost\" ><div class='avia_textblock  '   itemprop=\"text\" ><p style=\"text-align: center;\"><strong><span style=\"font-size: 18pt;\">Condenan a 5 a\u00f1os de libertad vigilada intensiva a dos empresarios como autores de delitos tributarios reiterados, por uso de facturas falsas<\/span><\/strong><\/p>\n<div id=\"gtx-trans\" style=\"position: absolute; left: -50px; top: 4.31534px;\">\n<div class=\"gtx-trans-icon\"><\/div>\n<\/div>\n<\/div><\/section><\/div><div class=\"flex_column av_one_full  flex_column_div av-zero-column-padding first  avia-builder-el-4  el_after_av_one_full  el_before_av_hr  column-top-margin\" style='border-radius:0px; '><section class=\"av_textblock_section \"  itemscope=\"itemscope\" itemtype=\"https:\/\/schema.org\/BlogPosting\" itemprop=\"blogPost\" ><div class='avia_textblock  '   itemprop=\"text\" ><p class=\"v1MsoNormal\" style=\"text-align: justify;\">El Tribunal de Juicio Oral en lo Penal de Coyhaique conden\u00f3, con costas, a Claudia Andrea Saldivia Vidal y Jos\u00e9 Manuel Ovando P\u00e9rez a 5 a\u00f1os de presidio, con el beneficio de la libertad intensiva por igual lapso, en calidad de autores de los delitos consumados y reiterados de\u00a0<span lang=\"ES-MX\">realizaci\u00f3n maliciosa de acciones tendientes a aumentar el verdadero monto del cr\u00e9dito fiscal o imputaciones a este en impuesto de ventas y servicios<\/span>. Il\u00edcitos perpetrados<span lang=\"ES-MX\">, entre diciembre de 2015 y 2018.<\/span><\/p>\n<p class=\"v1MsoNormal\" style=\"text-align: justify;\">En fallo un\u00e1nime (causa rol 22-2024), el tribunal \u2013integrado por los \u00a0magistrados\u00a0M\u00f3nica Coloma (presidenta), Pablo Freire y Patricio Z\u00fa\u00f1iga (redactor)\u2013 aplic\u00f3, adem\u00e1s, a Saldivia Vidal y Ovando P\u00e9rez las accesorias legales de\u00a0<span lang=\"ES-MX\">inhabilitaci\u00f3n absoluta perpetua para derechos pol\u00edticos\u00a0y la\u00a0inhabilitaci\u00f3n absoluta para cargos y oficios p\u00fablicos durante el tiempo de\u00a0las condenas; m<\/span>\u00e1s el pago de\u00a0<span lang=\"ES-MX\">$46.615.117 por el 100% del monto defraudado por concepto de impuesto de valor agregado y $24.935.305 por el 50% del monto defraudado por impuesto a la renta, cada uno<\/span>.<\/p>\n<p class=\"v1MsoNormal\" style=\"text-align: justify;\">\u00ab<span lang=\"ES-MX\">Que, cumpliendo los condenados Claudia Andrea Saldivia Vidal y Jos\u00e9 Manuel Ovando P\u00e9rez con los requisitos consagrados en el art\u00edculo 15 bis de la ley 18.216 y estimando el Tribunal que le es m\u00e1s beneficioso, se les sustituye el cumplimiento de la pena privativa de libertad impuesta a cada uno, por la pena de libertad vigilada intensiva, y para lo cual quedar\u00e1n sometidos por un plazo de CINCO A\u00d1OS, a la intervenci\u00f3n por parte del correspondiente Delegado de Gendarmer\u00eda en la forma que se se\u00f1ala en el art\u00edculo 16 de la Ley 18.216, debiendo adem\u00e1s acatar las prescripciones del art\u00edculo 17 y la del art\u00edculo 17 ter, letra c) Obligaci\u00f3n de mantenerse en el domicilio o lugar que determine el juez, durante un lapso m\u00e1ximo de ocho horas diarias, las que deber\u00e1n ser continuas, desde las 22 horas a las 06:00 horas\u00bb, consigna el fallo.<\/span><\/p>\n<p class=\"v1MsoNormal\" style=\"text-align: justify;\">El tribunal dio por acreditado, m\u00e1s all\u00e1 de toda duda razonable, q<span lang=\"ES-MX\">ue a lo menos desde diciembre de 2015, y en julio, agosto y diciembre de 2016; abril, mayo, junio, julio, agosto, septiembre, octubre, noviembre y diciembre de 2017, y enero, febrero y marzo de 2018, \u00ab(&#8230;) Saldivia Vidal, como empresaria individual y contribuyente de primera categor\u00eda, y Jos\u00e9 Manuel Ovando P\u00e9rez, administrador del negocio por mandato general y representante legal, los cuales ejecutaron maniobras fraudulentas, aumentando indebidamente el cr\u00e9dito fiscal IVA que Saldivia Vidal ten\u00eda como contribuyente de Primera Categor\u00eda, en relaci\u00f3n a las cantidades de D\u00e9bito Fiscal IVA que deb\u00eda enterar en arcas fiscales, y declararon en los respectivos Formularios N\u00b0 29, sobre Declaraci\u00f3n Mensual y Pago Simult\u00e1neo de Impuestos, un Cr\u00e9dito Fiscal IVA mayor al que realmente hab\u00eda obtenido en los per\u00edodos comerciales se\u00f1alados, ampar\u00e1ndose en el registro y contabilizaci\u00f3n de 67 facturas falsas, emitidas por 7 proveedores, representativas de operaciones comerciales que no se realizaron y sobre las cuales no existen pruebas, ni antecedentes de su ejecuci\u00f3n, provocando con ello un perjuicio al erario p\u00fablico, seg\u00fan proceso de recopilaci\u00f3n de antecedentes efectuado por el Servicio de Impuestos Internos\u00bb.<\/span><\/p>\n<p class=\"v1MsoNormal\" style=\"text-align: justify;\"><span lang=\"ES-MX\">Maniobras fraudulentas que generaron un perjuicio fiscal de a lo menos $46.615.117 por impuesto IVA y $49.870.611 por impuesto a la renta.<\/span><\/p>\n<\/div><\/section><\/div><\/p>\n<div  style='height:50px' class='hr hr-invisible   avia-builder-el-6  el_after_av_one_full  el_before_av_social_share '><span class='hr-inner ' ><span class='hr-inner-style'><\/span><\/span><\/div>\n<div  class='av-social-sharing-box  avia-builder-el-7  el_after_av_hr  el_before_av_hr  '><div class='av-share-box'><h5 class='av-share-link-description av-no-toc '>Compartir esta noticia<\/h5><ul class='av-share-box-list noLightbox'><li class='av-share-link av-social-link-facebook' ><a target=\"_blank\" aria-label=\"Compartir en Facebook\" href='https:\/\/www.facebook.com\/sharer.php?u=https:\/\/radiorevelacionfm.cl\/?p=45807&#038;t=Condenan%20a%205%20a%C3%B1os%20de%20libertad%20vigilada%20intensiva%20a%20dos%20empresarios%20como%20autores%20de%20delitos%20tributarios%20reiterados%2C%20por%20uso%20de%20facturas%20falsas' aria-hidden='false' data-av_icon='\ue8f3' data-av_iconfont='entypo-fontello' title='' data-avia-related-tooltip='Compartir en Facebook' rel=\"noopener\"><span class='avia_hidden_link_text'>Compartir en Facebook<\/span><\/a><\/li><li class='av-share-link av-social-link-twitter' ><a target=\"_blank\" aria-label=\"Compartir en Twitter\" href='https:\/\/twitter.com\/share?text=Condenan%20a%205%20a%C3%B1os%20de%20libertad%20vigilada%20intensiva%20a%20dos%20empresarios%20como%20autores%20de%20delitos%20tributarios%20reiterados%2C%20por%20uso%20de%20facturas%20falsas&#038;url=https:\/\/radiorevelacionfm.cl\/?p=45807' aria-hidden='false' data-av_icon='\ue8f1' data-av_iconfont='entypo-fontello' title='' data-avia-related-tooltip='Compartir en Twitter' rel=\"noopener\"><span class='avia_hidden_link_text'>Compartir en Twitter<\/span><\/a><\/li><li class='av-share-link av-social-link-whatsapp' ><a target=\"_blank\" aria-label=\"Compartir en Whatsapp\" href='https:\/\/api.whatsapp.com\/send?text=https:\/\/radiorevelacionfm.cl\/?p=45807' aria-hidden='false' data-av_icon='\uf232' data-av_iconfont='entypo-fontello' title='' data-avia-related-tooltip='Compartir en Whatsapp' rel=\"noopener\"><span class='avia_hidden_link_text'>Compartir en Whatsapp<\/span><\/a><\/li><li class='av-share-link av-social-link-linkedin' ><a target=\"_blank\" aria-label=\"Compartir en LinkedIn\" href='https:\/\/linkedin.com\/shareArticle?mini=true&#038;title=Condenan%20a%205%20a%C3%B1os%20de%20libertad%20vigilada%20intensiva%20a%20dos%20empresarios%20como%20autores%20de%20delitos%20tributarios%20reiterados%2C%20por%20uso%20de%20facturas%20falsas&#038;url=https:\/\/radiorevelacionfm.cl\/?p=45807' aria-hidden='false' data-av_icon='\ue8fc' data-av_iconfont='entypo-fontello' title='' data-avia-related-tooltip='Compartir en LinkedIn' rel=\"noopener\"><span class='avia_hidden_link_text'>Compartir en LinkedIn<\/span><\/a><\/li><li class='av-share-link av-social-link-mail' ><a  aria-label=\"Compartir por correo\" href='mailto:?subject=Condenan%20a%205%20a%C3%B1os%20de%20libertad%20vigilada%20intensiva%20a%20dos%20empresarios%20como%20autores%20de%20delitos%20tributarios%20reiterados%2C%20por%20uso%20de%20facturas%20falsas&#038;body=https:\/\/radiorevelacionfm.cl\/?p=45807' aria-hidden='false' data-av_icon='\ue805' data-av_iconfont='entypo-fontello' title='' data-avia-related-tooltip='Compartir por correo'><span class='avia_hidden_link_text'>Compartir por correo<\/span><\/a><\/li><\/ul><\/div><\/div>\n<div  style='height:50px' class='hr hr-invisible   avia-builder-el-8  el_after_av_social_share  el_before_av_comments_list '><span class='hr-inner ' ><span class='hr-inner-style'><\/span><\/span><\/div>\n<div  class='av-buildercomment  av-blog-meta-html-info-disabled av-blog-meta-tag-disabled  '><\/div>\n","protected":false},"excerpt":{"rendered":"","protected":false},"author":1,"featured_media":45808,"comment_status":"open","ping_status":"open","sticky":false,"template":"","format":"standard","meta":{"footnotes":""},"categories":[55],"tags":[],"class_list":["post-45807","post","type-post","status-publish","format-standard","has-post-thumbnail","hentry","category-justicia"],"jetpack_featured_media_url":"https:\/\/radiorevelacionfm.cl\/wp-content\/uploads\/2024\/09\/top-coyhaique-1-2_optimized-1.jpg","_links":{"self":[{"href":"https:\/\/radiorevelacionfm.cl\/index.php?rest_route=\/wp\/v2\/posts\/45807","targetHints":{"allow":["GET"]}}],"collection":[{"href":"https:\/\/radiorevelacionfm.cl\/index.php?rest_route=\/wp\/v2\/posts"}],"about":[{"href":"https:\/\/radiorevelacionfm.cl\/index.php?rest_route=\/wp\/v2\/types\/post"}],"author":[{"embeddable":true,"href":"https:\/\/radiorevelacionfm.cl\/index.php?rest_route=\/wp\/v2\/users\/1"}],"replies":[{"embeddable":true,"href":"https:\/\/radiorevelacionfm.cl\/index.php?rest_route=%2Fwp%2Fv2%2Fcomments&post=45807"}],"version-history":[{"count":2,"href":"https:\/\/radiorevelacionfm.cl\/index.php?rest_route=\/wp\/v2\/posts\/45807\/revisions"}],"predecessor-version":[{"id":45815,"href":"https:\/\/radiorevelacionfm.cl\/index.php?rest_route=\/wp\/v2\/posts\/45807\/revisions\/45815"}],"wp:featuredmedia":[{"embeddable":true,"href":"https:\/\/radiorevelacionfm.cl\/index.php?rest_route=\/wp\/v2\/media\/45808"}],"wp:attachment":[{"href":"https:\/\/radiorevelacionfm.cl\/index.php?rest_route=%2Fwp%2Fv2%2Fmedia&parent=45807"}],"wp:term":[{"taxonomy":"category","embeddable":true,"href":"https:\/\/radiorevelacionfm.cl\/index.php?rest_route=%2Fwp%2Fv2%2Fcategories&post=45807"},{"taxonomy":"post_tag","embeddable":true,"href":"https:\/\/radiorevelacionfm.cl\/index.php?rest_route=%2Fwp%2Fv2%2Ftags&post=45807"}],"curies":[{"name":"wp","href":"https:\/\/api.w.org\/{rel}","templated":true}]}}