{"id":45803,"date":"2024-09-03T16:58:02","date_gmt":"2024-09-03T19:58:02","guid":{"rendered":"https:\/\/radiorevelacionfm.cl\/?p=45803"},"modified":"2024-09-06T20:11:22","modified_gmt":"2024-09-06T23:11:22","slug":"decretan-alerta-sanitaria-tras-aumento-de-casos-de-viruela-simica-mpox","status":"publish","type":"post","link":"https:\/\/radiorevelacionfm.cl\/?p=45803","title":{"rendered":"Decretan Alerta Sanitaria tras aumento de casos de viruela s\u00edmica (mpox)"},"content":{"rendered":"<div class=\"flex_column av_one_full  flex_column_div av-zero-column-padding first  avia-builder-el-0  el_before_av_one_full  avia-builder-el-first  \" style='border-radius:0px; '><div  class='avia-image-container  av-styling-    avia-builder-el-1  avia-builder-el-no-sibling  avia-align-center '  itemprop=\"image\" itemscope=\"itemscope\" itemtype=\"https:\/\/schema.org\/ImageObject\"  ><div class='avia-image-container-inner'><div class='avia-image-overlay-wrap'><img decoding=\"async\" class='wp-image-45805 avia-img-lazy-loading-not-45805 avia_image' src=\"https:\/\/radiorevelacionfm.cl\/wp-content\/uploads\/2024\/09\/Dr_Mejias-1-2-1.jpg\" alt='' title='Dr_Mejias (1) (2) (1)' height=\"600\" width=\"896\"  itemprop=\"thumbnailUrl\" srcset=\"https:\/\/radiorevelacionfm.cl\/wp-content\/uploads\/2024\/09\/Dr_Mejias-1-2-1.jpg 896w, https:\/\/radiorevelacionfm.cl\/wp-content\/uploads\/2024\/09\/Dr_Mejias-1-2-1-300x201.jpg 300w, https:\/\/radiorevelacionfm.cl\/wp-content\/uploads\/2024\/09\/Dr_Mejias-1-2-1-768x514.jpg 768w, https:\/\/radiorevelacionfm.cl\/wp-content\/uploads\/2024\/09\/Dr_Mejias-1-2-1-705x472.jpg 705w, https:\/\/radiorevelacionfm.cl\/wp-content\/uploads\/2024\/09\/Dr_Mejias-1-2-1-450x301.jpg 450w, https:\/\/radiorevelacionfm.cl\/wp-content\/uploads\/2024\/09\/Dr_Mejias-1-2-1-600x402.jpg 600w\" sizes=\"(max-width: 896px) 100vw, 896px\" \/><\/div><\/div><\/div><\/div><div class=\"flex_column av_one_full  flex_column_div av-zero-column-padding first  avia-builder-el-2  el_after_av_one_full  el_before_av_one_full  column-top-margin\" style='border-radius:0px; '><section class=\"av_textblock_section \"  itemscope=\"itemscope\" itemtype=\"https:\/\/schema.org\/BlogPosting\" itemprop=\"blogPost\" ><div class='avia_textblock  '   itemprop=\"text\" ><p style=\"text-align: center;\"><span style=\"font-size: 18pt;\"><b><span lang=\"ES\">Decretan Alerta Sanitaria tras aumento de casos de viruela s\u00edmica (mpox)<\/span><\/b><\/span><\/p>\n<div id=\"gtx-trans\" style=\"position: absolute; left: -50px; top: 4.31534px;\">\n<div class=\"gtx-trans-icon\"><\/div>\n<\/div>\n<\/div><\/section><\/div><div class=\"flex_column av_one_full  flex_column_div av-zero-column-padding first  avia-builder-el-4  el_after_av_one_full  el_before_av_hr  column-top-margin\" style='border-radius:0px; '><section class=\"av_textblock_section \"  itemscope=\"itemscope\" itemtype=\"https:\/\/schema.org\/BlogPosting\" itemprop=\"blogPost\" ><div class='avia_textblock  '   itemprop=\"text\" ><p class=\"v1MsoNormal\" style=\"text-align: justify;\"><span lang=\"ES\">El Ministerio de Salud decret\u00f3 Alerta Sanitaria hace unas semanas, luego del aumento de casos notificados de viruela s\u00edmica o mpox, que a nivel mundial significan unos 16 mil casos reportados y m\u00e1s de 500 fallecidos, hasta el momento restringidos a pa\u00edses de \u00c1frica.<\/span><\/p>\n<p class=\"v1MsoNormal\" style=\"text-align: justify;\"><span lang=\"ES\">De hecho, desde hace varias d\u00e9cadas que se conoce en el continente africano el virus Monkeypox, causante del mpox, que se transmite originalmente a trav\u00e9s de roedores.<\/span><\/p>\n<p class=\"v1MsoNormal\" style=\"text-align: justify;\"><span lang=\"ES\">Sin embargo, a partir del 2022 se expande al resto del mundo y no asociado a contagios con vectores, sino que a trav\u00e9s de transmisi\u00f3n persona a persona, por contacto directo con individuos que portan las lesiones, y en la que destaca la transmisi\u00f3n por medio de contacto sexual como el mecanismo m\u00e1s frecuente, pero no el \u00fanico. \u00abEste brote dur\u00f3 entre el a\u00f1o 2022 y 2023, luego decay\u00f3, pero la enfermedad no ha desaparecido del mundo, en nuestro pa\u00eds, sigue habiendo casos espor\u00e1dicos\u00bb, se\u00f1al\u00f3 el Dr. Carlos Mej\u00edas, infect\u00f3logo del Hospital Coyhaique.<\/span><\/p>\n<p class=\"v1MsoNormal\" style=\"text-align: justify;\"><span lang=\"ES\">Es as\u00ed que apareci\u00f3 un nuevo brote \u00abque se comporta de manera m\u00e1s transmisible y m\u00e1s agresiva\u00bb y los casos de esta variante han aumentado de forma importante en \u00c1frica y, pero hasta el momento con casos muy aislados fuera de dicho continente. \u00abPotencialmente pudi\u00e9ramos tener otro brote, como el que tuvimos dos a\u00f1os atr\u00e1s con un virus que puede ser un poco m\u00e1s agresivo\u00bb, acot\u00f3 Mej\u00edas.<\/span><\/p>\n<p class=\"v1MsoNormal\" style=\"text-align: justify;\"><span lang=\"ES\">Cabe reiterar que el contagio es contacto directo con personas que est\u00e1n con lesiones y en el que la transmisi\u00f3n por v\u00eda sexual es muy relevante. No obstante \u00abexiste una vacuna disponible por parte del Ministerio, que no es para poblaci\u00f3n general, sino para quienes presenten factores de riesgo\u00bb, puntualiz\u00f3 el Dr. Mej\u00edas.<\/span><\/p>\n<p class=\"v1MsoNormal\" style=\"text-align: justify;\"><span lang=\"ES\">Esta vacuna se encuentra disponible actualmente en la Red Asistencial de Ays\u00e9n y est\u00e1 limitada a personas que cumplen con ciertos requisitos, como inmunosupresi\u00f3n, conductas sexuales de riesgo, o contacto estrecho con una persona sospechosa o confirmada con mpox.<\/span><\/p>\n<\/div><\/section><\/div><div  style='height:50px' class='hr hr-invisible   avia-builder-el-6  el_after_av_one_full  el_before_av_social_share '><span class='hr-inner ' ><span class='hr-inner-style'><\/span><\/span><\/div><\/p>\n<div  class='av-social-sharing-box  avia-builder-el-7  el_after_av_hr  el_before_av_hr  '><div class='av-share-box'><h5 class='av-share-link-description av-no-toc '>Compartir esta noticia<\/h5><ul class='av-share-box-list noLightbox'><li class='av-share-link av-social-link-facebook' ><a target=\"_blank\" aria-label=\"Compartir en Facebook\" href='https:\/\/www.facebook.com\/sharer.php?u=https:\/\/radiorevelacionfm.cl\/?p=45803&#038;t=Decretan%20Alerta%20Sanitaria%20tras%20aumento%20de%20casos%20de%20viruela%20s%C3%ADmica%20%28mpox%29' aria-hidden='false' data-av_icon='\ue8f3' data-av_iconfont='entypo-fontello' title='' data-avia-related-tooltip='Compartir en Facebook' rel=\"noopener\"><span class='avia_hidden_link_text'>Compartir en Facebook<\/span><\/a><\/li><li class='av-share-link av-social-link-twitter' ><a target=\"_blank\" aria-label=\"Compartir en Twitter\" href='https:\/\/twitter.com\/share?text=Decretan%20Alerta%20Sanitaria%20tras%20aumento%20de%20casos%20de%20viruela%20s%C3%ADmica%20%28mpox%29&#038;url=https:\/\/radiorevelacionfm.cl\/?p=45803' aria-hidden='false' data-av_icon='\ue8f1' data-av_iconfont='entypo-fontello' title='' data-avia-related-tooltip='Compartir en Twitter' rel=\"noopener\"><span class='avia_hidden_link_text'>Compartir en Twitter<\/span><\/a><\/li><li class='av-share-link av-social-link-whatsapp' ><a target=\"_blank\" aria-label=\"Compartir en Whatsapp\" href='https:\/\/api.whatsapp.com\/send?text=https:\/\/radiorevelacionfm.cl\/?p=45803' aria-hidden='false' data-av_icon='\uf232' data-av_iconfont='entypo-fontello' title='' data-avia-related-tooltip='Compartir en Whatsapp' rel=\"noopener\"><span class='avia_hidden_link_text'>Compartir en Whatsapp<\/span><\/a><\/li><li class='av-share-link av-social-link-linkedin' ><a target=\"_blank\" aria-label=\"Compartir en LinkedIn\" href='https:\/\/linkedin.com\/shareArticle?mini=true&#038;title=Decretan%20Alerta%20Sanitaria%20tras%20aumento%20de%20casos%20de%20viruela%20s%C3%ADmica%20%28mpox%29&#038;url=https:\/\/radiorevelacionfm.cl\/?p=45803' aria-hidden='false' data-av_icon='\ue8fc' data-av_iconfont='entypo-fontello' title='' data-avia-related-tooltip='Compartir en LinkedIn' rel=\"noopener\"><span class='avia_hidden_link_text'>Compartir en LinkedIn<\/span><\/a><\/li><li class='av-share-link av-social-link-mail' ><a  aria-label=\"Compartir por correo\" href='mailto:?subject=Decretan%20Alerta%20Sanitaria%20tras%20aumento%20de%20casos%20de%20viruela%20s%C3%ADmica%20%28mpox%29&#038;body=https:\/\/radiorevelacionfm.cl\/?p=45803' aria-hidden='false' data-av_icon='\ue805' data-av_iconfont='entypo-fontello' title='' data-avia-related-tooltip='Compartir por correo'><span class='avia_hidden_link_text'>Compartir por correo<\/span><\/a><\/li><\/ul><\/div><\/div>\n<div  style='height:50px' class='hr hr-invisible   avia-builder-el-8  el_after_av_social_share  el_before_av_comments_list '><span class='hr-inner ' ><span class='hr-inner-style'><\/span><\/span><\/div>\n<div  class='av-buildercomment  av-blog-meta-html-info-disabled av-blog-meta-tag-disabled  '><\/div>\n","protected":false},"excerpt":{"rendered":"","protected":false},"author":1,"featured_media":45805,"comment_status":"open","ping_status":"open","sticky":false,"template":"","format":"standard","meta":{"footnotes":""},"categories":[46],"tags":[],"class_list":["post-45803","post","type-post","status-publish","format-standard","has-post-thumbnail","hentry","category-salud"],"jetpack_featured_media_url":"https:\/\/radiorevelacionfm.cl\/wp-content\/uploads\/2024\/09\/Dr_Mejias-1-2-1.jpg","_links":{"self":[{"href":"https:\/\/radiorevelacionfm.cl\/index.php?rest_route=\/wp\/v2\/posts\/45803","targetHints":{"allow":["GET"]}}],"collection":[{"href":"https:\/\/radiorevelacionfm.cl\/index.php?rest_route=\/wp\/v2\/posts"}],"about":[{"href":"https:\/\/radiorevelacionfm.cl\/index.php?rest_route=\/wp\/v2\/types\/post"}],"author":[{"embeddable":true,"href":"https:\/\/radiorevelacionfm.cl\/index.php?rest_route=\/wp\/v2\/users\/1"}],"replies":[{"embeddable":true,"href":"https:\/\/radiorevelacionfm.cl\/index.php?rest_route=%2Fwp%2Fv2%2Fcomments&post=45803"}],"version-history":[{"count":1,"href":"https:\/\/radiorevelacionfm.cl\/index.php?rest_route=\/wp\/v2\/posts\/45803\/revisions"}],"predecessor-version":[{"id":45806,"href":"https:\/\/radiorevelacionfm.cl\/index.php?rest_route=\/wp\/v2\/posts\/45803\/revisions\/45806"}],"wp:featuredmedia":[{"embeddable":true,"href":"https:\/\/radiorevelacionfm.cl\/index.php?rest_route=\/wp\/v2\/media\/45805"}],"wp:attachment":[{"href":"https:\/\/radiorevelacionfm.cl\/index.php?rest_route=%2Fwp%2Fv2%2Fmedia&parent=45803"}],"wp:term":[{"taxonomy":"category","embeddable":true,"href":"https:\/\/radiorevelacionfm.cl\/index.php?rest_route=%2Fwp%2Fv2%2Fcategories&post=45803"},{"taxonomy":"post_tag","embeddable":true,"href":"https:\/\/radiorevelacionfm.cl\/index.php?rest_route=%2Fwp%2Fv2%2Ftags&post=45803"}],"curies":[{"name":"wp","href":"https:\/\/api.w.org\/{rel}","templated":true}]}}