{"id":45800,"date":"2024-09-03T19:26:28","date_gmt":"2024-09-03T22:26:28","guid":{"rendered":"https:\/\/radiorevelacionfm.cl\/?p=45800"},"modified":"2024-09-03T19:26:28","modified_gmt":"2024-09-03T22:26:28","slug":"liceo-josefina-aguirre-montenegro-inaugura-nuevo-taller-de-la-especialidad-de-gastronomia","status":"publish","type":"post","link":"https:\/\/radiorevelacionfm.cl\/?p=45800","title":{"rendered":"Liceo Josefina Aguirre Montenegro inaugura nuevo taller de la especialidad de Gastronom\u00eda"},"content":{"rendered":"<div class=\"flex_column av_one_full  flex_column_div av-zero-column-padding first  avia-builder-el-0  el_before_av_one_full  avia-builder-el-first  \" style='border-radius:0px; '><div  class='avia-image-container  av-styling-    avia-builder-el-1  avia-builder-el-no-sibling  avia-align-center '  itemprop=\"image\" itemscope=\"itemscope\" itemtype=\"https:\/\/schema.org\/ImageObject\"  ><div class='avia-image-container-inner'><div class='avia-image-overlay-wrap'><img decoding=\"async\" class='wp-image-45801 avia-img-lazy-loading-not-45801 avia_image' src=\"https:\/\/radiorevelacionfm.cl\/wp-content\/uploads\/2024\/09\/1-2024-09-03t155232_optimized.746-1.jpg\" alt='' title='1---2024-09-03t155232_optimized.746-(1)' height=\"600\" width=\"951\"  itemprop=\"thumbnailUrl\" srcset=\"https:\/\/radiorevelacionfm.cl\/wp-content\/uploads\/2024\/09\/1-2024-09-03t155232_optimized.746-1.jpg 951w, https:\/\/radiorevelacionfm.cl\/wp-content\/uploads\/2024\/09\/1-2024-09-03t155232_optimized.746-1-300x189.jpg 300w, https:\/\/radiorevelacionfm.cl\/wp-content\/uploads\/2024\/09\/1-2024-09-03t155232_optimized.746-1-768x485.jpg 768w, https:\/\/radiorevelacionfm.cl\/wp-content\/uploads\/2024\/09\/1-2024-09-03t155232_optimized.746-1-705x445.jpg 705w, https:\/\/radiorevelacionfm.cl\/wp-content\/uploads\/2024\/09\/1-2024-09-03t155232_optimized.746-1-450x284.jpg 450w, https:\/\/radiorevelacionfm.cl\/wp-content\/uploads\/2024\/09\/1-2024-09-03t155232_optimized.746-1-600x379.jpg 600w\" sizes=\"(max-width: 951px) 100vw, 951px\" \/><\/div><\/div><\/div><\/div><div class=\"flex_column av_one_full  flex_column_div av-zero-column-padding first  avia-builder-el-2  el_after_av_one_full  el_before_av_one_full  column-top-margin\" style='border-radius:0px; '><section class=\"av_textblock_section \"  itemscope=\"itemscope\" itemtype=\"https:\/\/schema.org\/BlogPosting\" itemprop=\"blogPost\" ><div class='avia_textblock  '   itemprop=\"text\" ><p style=\"text-align: center;\"><strong><span style=\"font-size: 18pt;\">Liceo Josefina Aguirre Montenegro inaugura nuevo taller de la especialidad de Gastronom\u00eda<\/span><\/strong><\/p>\n<div id=\"gtx-trans\" style=\"position: absolute; left: -50px; top: 4.31534px;\">\n<div class=\"gtx-trans-icon\"><\/div>\n<\/div>\n<\/div><\/section><\/div><div class=\"flex_column av_one_full  flex_column_div av-zero-column-padding first  avia-builder-el-4  el_after_av_one_full  el_before_av_hr  column-top-margin\" style='border-radius:0px; '><section class=\"av_textblock_section \"  itemscope=\"itemscope\" itemtype=\"https:\/\/schema.org\/BlogPosting\" itemprop=\"blogPost\" ><div class='avia_textblock  '   itemprop=\"text\" ><p style=\"text-align: justify;\">Como un gran avance para la educaci\u00f3n t\u00e9cnico profesional calific\u00f3 el director ejecutivo del SLEP Ays\u00e9n, Sebasti\u00e1n Gonz\u00e1lez la inauguraci\u00f3n del nuevo taller, que ser\u00e1 utilizada por los estudiantes de la especialidad de Gastronom\u00eda del Liceo Josefina Aguirre Montenegro de Coyhaique.<\/p>\n<p style=\"text-align: justify;\">Al respecto el jefe superior del servicio se\u00f1al\u00f3 \u201cestamos muy contentos de poder entregar este nuevo espacio a los y las estudiantes para apoyar de la mejor forma el desarrollo de sus procesos de aprendizaje. Estos avances nos permitir\u00e1n mejorar y expandir la oferta educativa de nuestro liceo que hoy cuenta con cuatro especialidades t\u00e9cnico profesional que se encuentran alineadas con las necesidades locales y del mercado. Tambi\u00e9n es importante destacar el fortalecimiento de las redes empresariales que est\u00e1n desarrollando nuestros liceos TP, a trav\u00e9s de la cual los y las estudiantes pueden poner en pr\u00e1ctica sus conocimientos, lo que enriquece el proceso entregando una invaluable herramienta experiencial a su perfil de egresado\u201d.<\/p>\n<p style=\"text-align: justify;\">El proyecto de habilitaci\u00f3n del nuevo espacio de aprendizaje de los y las estudiantes se ejecut\u00f3 en un per\u00edodo de 30 d\u00edas, financiado a trav\u00e9s de recursos propios del SLEP Ays\u00e9n por un monto cercano a los \u00a0$7.500.000, lo que incluy\u00f3 la reposici\u00f3n del circuito de instalaciones de gas y electricidad, instalaci\u00f3n de red de agua y lavamanos, pisos, drenajes e instalaci\u00f3n de campana extractora, entre otros.<\/p>\n<p style=\"text-align: justify;\">Adriana Franco, estudiante de cuarto medio C de la especialidad de Gastronom\u00eda valor\u00f3 la inauguraci\u00f3n de este nuevo espacio, indicando \u201cdesde que yo ingres\u00e9 a esta especialidad ha significado mucho porque he aprendido bastantes cosas y ahora gracias al SLEP tenemos una infraestructura m\u00e1s grande y c\u00f3moda donde nosotros como alumnos podamos aprender\u201d.<\/p>\n<p style=\"text-align: justify;\">Para Mabel P\u00e9rez, coordinadora TP del Liceo Josefina Aguirre Montenegro \u201ccontar con un taller de gastronom\u00eda de estas caracter\u00edsticas para nuestro establecimiento es un privilegio. Antiguamente la cocina que ten\u00edamos era de 40 metros cuadrados y hoy contar con este maravilloso espacio de m\u00e1s de 80 metros cuadrados es espectacular. Nuestros ni\u00f1os tienen la posibilidad de contar con un espacio amplio, con equipamiento de alta tecnolog\u00eda y tambi\u00e9n con prontas posibilidades de la llegada de nuevos equipos que se encuentra pendiente de un proyecto pendiente de implementaci\u00f3n del \u00e1rea t\u00e9cnico profesional. El adquirir nuevos aprendizajes gracias a estas caracter\u00edsticas nos ayuda mucho para la formaci\u00f3n. Tenemos la convicci\u00f3n de que todos los perfiles de egreso van a poder ser fortalecidos con la ayuda de nuestros profesionales que poseen la capacidad y la vocaci\u00f3n de ense\u00f1anza\u201d.<\/p>\n<p style=\"text-align: justify;\">La educaci\u00f3n t\u00e9cnico profesional se encuentra actualmente presente en 7 liceos p\u00fablicos de la regi\u00f3n de Ays\u00e9n, con 11 especialidades y 532 estudiantes matriculados. El Liceo Josefina Aguirre Montenegro es uno de ellos; posee cuatro especialidades: Atenci\u00f3n de p\u00e1rvulos, Administraci\u00f3n, Atenci\u00f3n de Enfermer\u00eda y Gastronom\u00eda. Esta \u00faltima especialidad se implementa en el a\u00f1o 2007 y cuenta a la fecha con m\u00e1s de 150 estudiantes titulados.<\/p>\n<\/div><\/section><\/div><div  style='height:50px' class='hr hr-invisible   avia-builder-el-6  el_after_av_one_full  el_before_av_social_share '><span class='hr-inner ' ><span class='hr-inner-style'><\/span><\/span><\/div><\/p>\n<div  class='av-social-sharing-box  avia-builder-el-7  el_after_av_hr  el_before_av_hr  '><div class='av-share-box'><h5 class='av-share-link-description av-no-toc '>Compartir esta noticia<\/h5><ul class='av-share-box-list noLightbox'><li class='av-share-link av-social-link-facebook' ><a target=\"_blank\" aria-label=\"Compartir en Facebook\" href='https:\/\/www.facebook.com\/sharer.php?u=https:\/\/radiorevelacionfm.cl\/?p=45800&#038;t=Liceo%20Josefina%20Aguirre%20Montenegro%20inaugura%20nuevo%20taller%20de%20la%20especialidad%20de%20Gastronom%C3%ADa' aria-hidden='false' data-av_icon='\ue8f3' data-av_iconfont='entypo-fontello' title='' data-avia-related-tooltip='Compartir en Facebook' rel=\"noopener\"><span class='avia_hidden_link_text'>Compartir en Facebook<\/span><\/a><\/li><li class='av-share-link av-social-link-twitter' ><a target=\"_blank\" aria-label=\"Compartir en Twitter\" href='https:\/\/twitter.com\/share?text=Liceo%20Josefina%20Aguirre%20Montenegro%20inaugura%20nuevo%20taller%20de%20la%20especialidad%20de%20Gastronom%C3%ADa&#038;url=https:\/\/radiorevelacionfm.cl\/?p=45800' aria-hidden='false' data-av_icon='\ue8f1' data-av_iconfont='entypo-fontello' title='' data-avia-related-tooltip='Compartir en Twitter' rel=\"noopener\"><span class='avia_hidden_link_text'>Compartir en Twitter<\/span><\/a><\/li><li class='av-share-link av-social-link-whatsapp' ><a target=\"_blank\" aria-label=\"Compartir en Whatsapp\" href='https:\/\/api.whatsapp.com\/send?text=https:\/\/radiorevelacionfm.cl\/?p=45800' aria-hidden='false' data-av_icon='\uf232' data-av_iconfont='entypo-fontello' title='' data-avia-related-tooltip='Compartir en Whatsapp' rel=\"noopener\"><span class='avia_hidden_link_text'>Compartir en Whatsapp<\/span><\/a><\/li><li class='av-share-link av-social-link-linkedin' ><a target=\"_blank\" aria-label=\"Compartir en LinkedIn\" href='https:\/\/linkedin.com\/shareArticle?mini=true&#038;title=Liceo%20Josefina%20Aguirre%20Montenegro%20inaugura%20nuevo%20taller%20de%20la%20especialidad%20de%20Gastronom%C3%ADa&#038;url=https:\/\/radiorevelacionfm.cl\/?p=45800' aria-hidden='false' data-av_icon='\ue8fc' data-av_iconfont='entypo-fontello' title='' data-avia-related-tooltip='Compartir en LinkedIn' rel=\"noopener\"><span class='avia_hidden_link_text'>Compartir en LinkedIn<\/span><\/a><\/li><li class='av-share-link av-social-link-mail' ><a  aria-label=\"Compartir por correo\" href='mailto:?subject=Liceo%20Josefina%20Aguirre%20Montenegro%20inaugura%20nuevo%20taller%20de%20la%20especialidad%20de%20Gastronom%C3%ADa&#038;body=https:\/\/radiorevelacionfm.cl\/?p=45800' aria-hidden='false' data-av_icon='\ue805' data-av_iconfont='entypo-fontello' title='' data-avia-related-tooltip='Compartir por correo'><span class='avia_hidden_link_text'>Compartir por correo<\/span><\/a><\/li><\/ul><\/div><\/div>\n<div  style='height:50px' class='hr hr-invisible   avia-builder-el-8  el_after_av_social_share  el_before_av_comments_list '><span class='hr-inner ' ><span class='hr-inner-style'><\/span><\/span><\/div>\n<div  class='av-buildercomment  av-blog-meta-html-info-disabled av-blog-meta-tag-disabled  '><\/div>\n","protected":false},"excerpt":{"rendered":"","protected":false},"author":1,"featured_media":45801,"comment_status":"open","ping_status":"open","sticky":false,"template":"","format":"standard","meta":{"footnotes":""},"categories":[49],"tags":[],"class_list":["post-45800","post","type-post","status-publish","format-standard","has-post-thumbnail","hentry","category-educacion"],"jetpack_featured_media_url":"https:\/\/radiorevelacionfm.cl\/wp-content\/uploads\/2024\/09\/1-2024-09-03t155232_optimized.746-1.jpg","_links":{"self":[{"href":"https:\/\/radiorevelacionfm.cl\/index.php?rest_route=\/wp\/v2\/posts\/45800","targetHints":{"allow":["GET"]}}],"collection":[{"href":"https:\/\/radiorevelacionfm.cl\/index.php?rest_route=\/wp\/v2\/posts"}],"about":[{"href":"https:\/\/radiorevelacionfm.cl\/index.php?rest_route=\/wp\/v2\/types\/post"}],"author":[{"embeddable":true,"href":"https:\/\/radiorevelacionfm.cl\/index.php?rest_route=\/wp\/v2\/users\/1"}],"replies":[{"embeddable":true,"href":"https:\/\/radiorevelacionfm.cl\/index.php?rest_route=%2Fwp%2Fv2%2Fcomments&post=45800"}],"version-history":[{"count":1,"href":"https:\/\/radiorevelacionfm.cl\/index.php?rest_route=\/wp\/v2\/posts\/45800\/revisions"}],"predecessor-version":[{"id":45802,"href":"https:\/\/radiorevelacionfm.cl\/index.php?rest_route=\/wp\/v2\/posts\/45800\/revisions\/45802"}],"wp:featuredmedia":[{"embeddable":true,"href":"https:\/\/radiorevelacionfm.cl\/index.php?rest_route=\/wp\/v2\/media\/45801"}],"wp:attachment":[{"href":"https:\/\/radiorevelacionfm.cl\/index.php?rest_route=%2Fwp%2Fv2%2Fmedia&parent=45800"}],"wp:term":[{"taxonomy":"category","embeddable":true,"href":"https:\/\/radiorevelacionfm.cl\/index.php?rest_route=%2Fwp%2Fv2%2Fcategories&post=45800"},{"taxonomy":"post_tag","embeddable":true,"href":"https:\/\/radiorevelacionfm.cl\/index.php?rest_route=%2Fwp%2Fv2%2Ftags&post=45800"}],"curies":[{"name":"wp","href":"https:\/\/api.w.org\/{rel}","templated":true}]}}