{"id":45797,"date":"2024-09-03T17:17:43","date_gmt":"2024-09-03T20:17:43","guid":{"rendered":"https:\/\/radiorevelacionfm.cl\/?p=45797"},"modified":"2024-09-03T17:22:57","modified_gmt":"2024-09-03T20:22:57","slug":"dieciseis-organizaciones-de-aysen-se-suman-al-registro-de-los-puntos-de-cultura-comunitaria","status":"publish","type":"post","link":"https:\/\/radiorevelacionfm.cl\/?p=45797","title":{"rendered":"Diecis\u00e9is organizaciones de Ays\u00e9n se suman al registro de los Puntos de Cultura Comunitaria"},"content":{"rendered":"<div class=\"flex_column av_one_full  flex_column_div av-zero-column-padding first  avia-builder-el-0  el_before_av_one_full  avia-builder-el-first  \" style='border-radius:0px; '><div  class='avia-image-container  av-styling-    avia-builder-el-1  avia-builder-el-no-sibling  avia-align-center '  itemprop=\"image\" itemscope=\"itemscope\" itemtype=\"https:\/\/schema.org\/ImageObject\"  ><div class='avia-image-container-inner'><div class='avia-image-overlay-wrap'><img decoding=\"async\" class='wp-image-45798 avia-img-lazy-loading-not-45798 avia_image' src=\"https:\/\/radiorevelacionfm.cl\/wp-content\/uploads\/2024\/09\/encuentro-identidad-sur22-1-1-1_optimized-1_optimized-1.jpg\" alt='' title='encuentro-identidad-sur22-(1)-(1)-(1)_optimized-(1)_optimized (1)' height=\"600\" width=\"1309\"  itemprop=\"thumbnailUrl\" srcset=\"https:\/\/radiorevelacionfm.cl\/wp-content\/uploads\/2024\/09\/encuentro-identidad-sur22-1-1-1_optimized-1_optimized-1.jpg 1309w, https:\/\/radiorevelacionfm.cl\/wp-content\/uploads\/2024\/09\/encuentro-identidad-sur22-1-1-1_optimized-1_optimized-1-300x138.jpg 300w, https:\/\/radiorevelacionfm.cl\/wp-content\/uploads\/2024\/09\/encuentro-identidad-sur22-1-1-1_optimized-1_optimized-1-1030x472.jpg 1030w, https:\/\/radiorevelacionfm.cl\/wp-content\/uploads\/2024\/09\/encuentro-identidad-sur22-1-1-1_optimized-1_optimized-1-768x352.jpg 768w, https:\/\/radiorevelacionfm.cl\/wp-content\/uploads\/2024\/09\/encuentro-identidad-sur22-1-1-1_optimized-1_optimized-1-705x323.jpg 705w, https:\/\/radiorevelacionfm.cl\/wp-content\/uploads\/2024\/09\/encuentro-identidad-sur22-1-1-1_optimized-1_optimized-1-450x206.jpg 450w, https:\/\/radiorevelacionfm.cl\/wp-content\/uploads\/2024\/09\/encuentro-identidad-sur22-1-1-1_optimized-1_optimized-1-600x275.jpg 600w\" sizes=\"(max-width: 1309px) 100vw, 1309px\" \/><\/div><\/div><\/div><\/div>\n<div class=\"flex_column av_one_full  flex_column_div av-zero-column-padding first  avia-builder-el-2  el_after_av_one_full  el_before_av_one_full  column-top-margin\" style='border-radius:0px; '><section class=\"av_textblock_section \"  itemscope=\"itemscope\" itemtype=\"https:\/\/schema.org\/BlogPosting\" itemprop=\"blogPost\" ><div class='avia_textblock  '   itemprop=\"text\" ><p style=\"text-align: center;\"><strong><span style=\"font-size: 18pt;\">Diecis\u00e9is organizaciones de Ays\u00e9n se suman al registro de los Puntos de Cultura Comunitaria<\/span><\/strong><\/p>\n<div id=\"gtx-trans\" style=\"position: absolute; left: -50px; top: 4.31534px;\">\n<div class=\"gtx-trans-icon\"><\/div>\n<\/div>\n<\/div><\/section><\/div>\n<div class=\"flex_column av_one_full  flex_column_div av-zero-column-padding first  avia-builder-el-4  el_after_av_one_full  el_before_av_hr  column-top-margin\" style='border-radius:0px; '><section class=\"av_textblock_section \"  itemscope=\"itemscope\" itemtype=\"https:\/\/schema.org\/BlogPosting\" itemprop=\"blogPost\" ><div class='avia_textblock  '   itemprop=\"text\" ><p style=\"text-align: justify;\">Desde el Puerto Ra\u00fal Mar\u00edn Balmaceda hasta el final de la Carretera Austral en Villa O\u2019Higgins, organizaciones culturales de todo el territorio regional se sumaron al registro oficial de los Puntos de Cultura Comunitaria en la Regi\u00f3n de Ays\u00e9n.<\/p>\n<p style=\"text-align: justify;\">Puntos de Cultura Comunitaria es un programa p\u00fablico a cargo del Departamento de Ciudadan\u00eda Cultural del Ministerio de las Culturas y su prop\u00f3sito es aumentar el desarrollo de las pr\u00e1cticas socioculturales que sostienen las organizaciones de base comunitaria. Para eso, en primer lugar se invit\u00f3 a ser parte del registro y en una primera etapa se sumaron 8 organizaciones. Hoy, tras la segunda etapa, el registro regional ya cuenta con 24 Puntos de Cultura Comunitaria.<\/p>\n<p style=\"text-align: justify;\">El seremi de Culturas Ays\u00e9n, Felipe Quiroz, dijo que \u201ces una gran noticia para las comunidades art\u00edsticas de todo el territorio el hecho de que cuenten con nuevos nudos de acci\u00f3n comunitaria que permitan vincular a los habitantes con sus territorios para generar convocatorias y herramientas de trabajo que van en directo beneficio de las comunidades. A partir de ahora, estos nuevos Puntos de Cultura Comunitaria en la Regi\u00f3n de Ays\u00e9n podr\u00e1n optar a formas de financiamiento para proyectar sus acciones. Todo esto forma parte de nuestros compromisos de Gobierno con las culturas de las distintas comunas del pa\u00eds\u201d.<\/p>\n<p style=\"text-align: justify;\">Los nuevos Puntos de Cultura Comunitaria son la Corporaci\u00f3n Memoria Austral de Coyhaique, la Agrupaci\u00f3n Social Cultural y Deportiva Biodanza de Coyhaique, Mujer Austral de Ra\u00fal Mar\u00edn Balmaceda, la Agrupaci\u00f3n Ambiental y Sociocultural Antukuluf de Chile Chico, el Grupo Folcl\u00f3rico Alma y Sue\u00f1o de Cochrane, la Feria Campesina Libre de Bah\u00eda Murta, el Club Campos de Hielo Sur de O\u2019Higgins, la Asociaci\u00f3n Gremial Artesanos de Ays\u00e9n de Coyhaique, la Agrupaci\u00f3n Social y Cultural del Folclor Espa\u00f1ol del Puerto Ays\u00e9n, la Agrupaci\u00f3n Cultural Ambiental R\u00edo Pascua de O\u2019Higgins, la Agrupaci\u00f3n Social y Cultural Los Cristalinos de Chile Chico, Micelios Ecosistema Art\u00edstico de O\u2019Higgins, el Comit\u00e9 de Artesanos Chewachekena, el Grupo Juvenil Zonal Joven de Puerto Iba\u00f1ez, la Junta de Vecinos de Tranquilo y Newen Wapi de Guaitecas.<\/p>\n<\/div><\/section><\/div><div  style='height:50px' class='hr hr-invisible   avia-builder-el-6  el_after_av_one_full  el_before_av_social_share '><span class='hr-inner ' ><span class='hr-inner-style'><\/span><\/span><\/div><\/p>\n<div  class='av-social-sharing-box  avia-builder-el-7  el_after_av_hr  el_before_av_hr  '><div class='av-share-box'><h5 class='av-share-link-description av-no-toc '>Compartir esta noticia<\/h5><ul class='av-share-box-list noLightbox'><li class='av-share-link av-social-link-facebook' ><a target=\"_blank\" aria-label=\"Compartir en Facebook\" href='https:\/\/www.facebook.com\/sharer.php?u=https:\/\/radiorevelacionfm.cl\/?p=45797&#038;t=Diecis%C3%A9is%20organizaciones%20de%20Ays%C3%A9n%20se%20suman%20al%20registro%20de%20los%20Puntos%20de%20Cultura%20Comunitaria' aria-hidden='false' data-av_icon='\ue8f3' data-av_iconfont='entypo-fontello' title='' data-avia-related-tooltip='Compartir en Facebook' rel=\"noopener\"><span class='avia_hidden_link_text'>Compartir en Facebook<\/span><\/a><\/li><li class='av-share-link av-social-link-twitter' ><a target=\"_blank\" aria-label=\"Compartir en Twitter\" href='https:\/\/twitter.com\/share?text=Diecis%C3%A9is%20organizaciones%20de%20Ays%C3%A9n%20se%20suman%20al%20registro%20de%20los%20Puntos%20de%20Cultura%20Comunitaria&#038;url=https:\/\/radiorevelacionfm.cl\/?p=45797' aria-hidden='false' data-av_icon='\ue8f1' data-av_iconfont='entypo-fontello' title='' data-avia-related-tooltip='Compartir en Twitter' rel=\"noopener\"><span class='avia_hidden_link_text'>Compartir en Twitter<\/span><\/a><\/li><li class='av-share-link av-social-link-whatsapp' ><a target=\"_blank\" aria-label=\"Compartir en Whatsapp\" href='https:\/\/api.whatsapp.com\/send?text=https:\/\/radiorevelacionfm.cl\/?p=45797' aria-hidden='false' data-av_icon='\uf232' data-av_iconfont='entypo-fontello' title='' data-avia-related-tooltip='Compartir en Whatsapp' rel=\"noopener\"><span class='avia_hidden_link_text'>Compartir en Whatsapp<\/span><\/a><\/li><li class='av-share-link av-social-link-linkedin' ><a target=\"_blank\" aria-label=\"Compartir en LinkedIn\" href='https:\/\/linkedin.com\/shareArticle?mini=true&#038;title=Diecis%C3%A9is%20organizaciones%20de%20Ays%C3%A9n%20se%20suman%20al%20registro%20de%20los%20Puntos%20de%20Cultura%20Comunitaria&#038;url=https:\/\/radiorevelacionfm.cl\/?p=45797' aria-hidden='false' data-av_icon='\ue8fc' data-av_iconfont='entypo-fontello' title='' data-avia-related-tooltip='Compartir en LinkedIn' rel=\"noopener\"><span class='avia_hidden_link_text'>Compartir en LinkedIn<\/span><\/a><\/li><li class='av-share-link av-social-link-mail' ><a  aria-label=\"Compartir por correo\" href='mailto:?subject=Diecis%C3%A9is%20organizaciones%20de%20Ays%C3%A9n%20se%20suman%20al%20registro%20de%20los%20Puntos%20de%20Cultura%20Comunitaria&#038;body=https:\/\/radiorevelacionfm.cl\/?p=45797' aria-hidden='false' data-av_icon='\ue805' data-av_iconfont='entypo-fontello' title='' data-avia-related-tooltip='Compartir por correo'><span class='avia_hidden_link_text'>Compartir por correo<\/span><\/a><\/li><\/ul><\/div><\/div>\n<div  style='height:50px' class='hr hr-invisible   avia-builder-el-8  el_after_av_social_share  el_before_av_comments_list '><span class='hr-inner ' ><span class='hr-inner-style'><\/span><\/span><\/div>\n<div  class='av-buildercomment  av-blog-meta-html-info-disabled av-blog-meta-tag-disabled  '><\/div>\n","protected":false},"excerpt":{"rendered":"","protected":false},"author":1,"featured_media":45798,"comment_status":"open","ping_status":"open","sticky":false,"template":"","format":"standard","meta":{"footnotes":""},"categories":[52],"tags":[],"class_list":["post-45797","post","type-post","status-publish","format-standard","has-post-thumbnail","hentry","category-cultura"],"jetpack_featured_media_url":"https:\/\/radiorevelacionfm.cl\/wp-content\/uploads\/2024\/09\/encuentro-identidad-sur22-1-1-1_optimized-1_optimized-1.jpg","_links":{"self":[{"href":"https:\/\/radiorevelacionfm.cl\/index.php?rest_route=\/wp\/v2\/posts\/45797","targetHints":{"allow":["GET"]}}],"collection":[{"href":"https:\/\/radiorevelacionfm.cl\/index.php?rest_route=\/wp\/v2\/posts"}],"about":[{"href":"https:\/\/radiorevelacionfm.cl\/index.php?rest_route=\/wp\/v2\/types\/post"}],"author":[{"embeddable":true,"href":"https:\/\/radiorevelacionfm.cl\/index.php?rest_route=\/wp\/v2\/users\/1"}],"replies":[{"embeddable":true,"href":"https:\/\/radiorevelacionfm.cl\/index.php?rest_route=%2Fwp%2Fv2%2Fcomments&post=45797"}],"version-history":[{"count":2,"href":"https:\/\/radiorevelacionfm.cl\/index.php?rest_route=\/wp\/v2\/posts\/45797\/revisions"}],"predecessor-version":[{"id":45810,"href":"https:\/\/radiorevelacionfm.cl\/index.php?rest_route=\/wp\/v2\/posts\/45797\/revisions\/45810"}],"wp:featuredmedia":[{"embeddable":true,"href":"https:\/\/radiorevelacionfm.cl\/index.php?rest_route=\/wp\/v2\/media\/45798"}],"wp:attachment":[{"href":"https:\/\/radiorevelacionfm.cl\/index.php?rest_route=%2Fwp%2Fv2%2Fmedia&parent=45797"}],"wp:term":[{"taxonomy":"category","embeddable":true,"href":"https:\/\/radiorevelacionfm.cl\/index.php?rest_route=%2Fwp%2Fv2%2Fcategories&post=45797"},{"taxonomy":"post_tag","embeddable":true,"href":"https:\/\/radiorevelacionfm.cl\/index.php?rest_route=%2Fwp%2Fv2%2Ftags&post=45797"}],"curies":[{"name":"wp","href":"https:\/\/api.w.org\/{rel}","templated":true}]}}