{"id":45794,"date":"2024-09-04T10:54:38","date_gmt":"2024-09-04T13:54:38","guid":{"rendered":"https:\/\/radiorevelacionfm.cl\/?p=45794"},"modified":"2024-09-04T10:54:38","modified_gmt":"2024-09-04T13:54:38","slug":"exitosa-jornada-de-capacitacion-de-la-subdireccion-de-servicios-sanitarios-rurales","status":"publish","type":"post","link":"https:\/\/radiorevelacionfm.cl\/?p=45794","title":{"rendered":"Exitosa jornada de capacitaci\u00f3n de la Subdirecci\u00f3n de Servicios Sanitarios Rurales"},"content":{"rendered":"<div class=\"flex_column av_one_full  flex_column_div av-zero-column-padding first  avia-builder-el-0  el_before_av_one_full  avia-builder-el-first  \" style='border-radius:0px; '><div  class='avia-image-container  av-styling-    avia-builder-el-1  avia-builder-el-no-sibling  avia-align-center '  itemprop=\"image\" itemscope=\"itemscope\" itemtype=\"https:\/\/schema.org\/ImageObject\"  ><div class='avia-image-container-inner'><div class='avia-image-overlay-wrap'><img decoding=\"async\" class='wp-image-45795 avia-img-lazy-loading-not-45795 avia_image' src=\"https:\/\/radiorevelacionfm.cl\/wp-content\/uploads\/2024\/09\/DIRIGENTES-MOP-DOH41-1-1.jpg\" alt='' title='DIRIGENTES MOP DOH41 (1) (1)' height=\"600\" width=\"900\"  itemprop=\"thumbnailUrl\" srcset=\"https:\/\/radiorevelacionfm.cl\/wp-content\/uploads\/2024\/09\/DIRIGENTES-MOP-DOH41-1-1.jpg 900w, https:\/\/radiorevelacionfm.cl\/wp-content\/uploads\/2024\/09\/DIRIGENTES-MOP-DOH41-1-1-300x200.jpg 300w, https:\/\/radiorevelacionfm.cl\/wp-content\/uploads\/2024\/09\/DIRIGENTES-MOP-DOH41-1-1-768x512.jpg 768w, https:\/\/radiorevelacionfm.cl\/wp-content\/uploads\/2024\/09\/DIRIGENTES-MOP-DOH41-1-1-705x470.jpg 705w, https:\/\/radiorevelacionfm.cl\/wp-content\/uploads\/2024\/09\/DIRIGENTES-MOP-DOH41-1-1-450x300.jpg 450w, https:\/\/radiorevelacionfm.cl\/wp-content\/uploads\/2024\/09\/DIRIGENTES-MOP-DOH41-1-1-600x400.jpg 600w\" sizes=\"(max-width: 900px) 100vw, 900px\" \/><\/div><\/div><\/div><\/div><div class=\"flex_column av_one_full  flex_column_div av-zero-column-padding first  avia-builder-el-2  el_after_av_one_full  el_before_av_one_full  column-top-margin\" style='border-radius:0px; '><section class=\"av_textblock_section \"  itemscope=\"itemscope\" itemtype=\"https:\/\/schema.org\/BlogPosting\" itemprop=\"blogPost\" ><div class='avia_textblock  '   itemprop=\"text\" ><p style=\"text-align: center;\"><span style=\"font-size: 18pt;\"><b>Exitosa jornada de capacitaci\u00f3n de la Subdirecci\u00f3n de Servicios Sanitarios Rurales<\/b><\/span><\/p>\n<div id=\"gtx-trans\" style=\"position: absolute; left: -50px; top: 4.31534px;\">\n<div class=\"gtx-trans-icon\"><\/div>\n<\/div>\n<\/div><\/section><\/div><div class=\"flex_column av_one_full  flex_column_div av-zero-column-padding first  avia-builder-el-4  el_after_av_one_full  el_before_av_hr  column-top-margin\" style='border-radius:0px; '><section class=\"av_textblock_section \"  itemscope=\"itemscope\" itemtype=\"https:\/\/schema.org\/BlogPosting\" itemprop=\"blogPost\" ><div class='avia_textblock  '   itemprop=\"text\" ><p style=\"text-align: justify;\">Con una numerosa asistencia de representantes y dirigentes de servicios sanitarios rurales se realiz\u00f3 el Taller Anual para Nuevos Dirigentes y Trabajadores\/as del \u00e1rea, organizado por el equipo regional de Gesti\u00f3n Comunitaria de la Subdirecci\u00f3n de Servicios Sanitarios Rurales, perteneciente a la Direcci\u00f3n de Obras Hidr\u00e1ulicas del Ministerio de Obras P\u00fablicas.<\/p>\n<p style=\"text-align: justify;\">En la actividad, que cont\u00f3 con la presencia de la seremi de Obras P\u00fablicas, Paloma Jara, los participantes pudieron capacitarse y recibir nuevas herramientas para ejercer sus labores, adem\u00e1s de instruirse en las normativas vigentes de la Ley 20.998 que regula al sector. Adicionalmente, los y las dirigentes presentes en la jornada -provenientes de una amplia diversidad de localidades de la regi\u00f3n- fueron asesorados por profesionales de la repartici\u00f3n p\u00fablica en las \u00e1reas de administraci\u00f3n, contabilidad y asuntos t\u00e9cnicos-operacionales.<\/p>\n<p style=\"text-align: justify;\">As\u00ed lo destac\u00f3 la seremi de Obras P\u00fablicas, Paloma Jara, al se\u00f1alar que\u00a0\u201cest\u00e1 dentro de los ejes fundamentales de Gobierno el acceso al agua potable y tambi\u00e9n esto se enmarca en los compromisos que tiene el Gobierno y el MOP con respecto al cambio clim\u00e1tico en la agenda 2030, El ministerio tiene un plan de recursos h\u00eddricos con el cambio clim\u00e1tico, por lo tanto \u00abel aporte, compromiso y trabajo que diariamente entregan los dirigentes en beneficio de sus comunidades es muy significativo para nosotros como Gobierno y Ministerio de Obras P\u00fablicas. Los felicitamos por aceptar el desaf\u00edo de capacitarse y trabajar unidos para contribuir y fortalecer el accionar de los SSR en toda la regi\u00f3n\u201d.<\/p>\n<p style=\"text-align: justify;\">Francisco Real, director regional de Obras Hidr\u00e1ulicas del MOP, expres\u00f3 que las actividades realizadas durante la jornada se planificaron en base a los lineamientos oficiales de la pol\u00edtica del ministerio.\u00a0\u201cCreemos que fue un taller muy enriquecedor, donde los mismos dirigentes nos dijeron que se sent\u00edan muy agradecidos y hab\u00edan absorbido mucho de lo que hab\u00edamos entregado\u201d, expres\u00f3 Real.<\/p>\n<p style=\"text-align: justify;\">La jornada comenz\u00f3 a primera hora con la recepci\u00f3n y acreditaci\u00f3n de los asistentes, seguido por la bienvenida de parte del director regional de Obras Hidr\u00e1ulicas, Francisco Real, dando paso a la primera charla del d\u00eda que abord\u00f3 la nueva legislaci\u00f3n sobre acoso laboral, Ley 21.643 conocida como Ley Karin, a cargo del Seremi de Trabajo y Previsi\u00f3n Social de Ays\u00e9n, Rodrigo D\u00edaz.<\/p>\n<p style=\"text-align: justify;\">A continuaci\u00f3n se revis\u00f3 el detalle de la Ley 20.998, ponencia liderada por Josefa G\u00f3mez, gestora comunitaria SSSR.<\/p>\n<p style=\"text-align: justify;\">El intermedio estuvo a cargo de la Compa\u00f1\u00eda Teatro Austral \u2014que motiv\u00f3 a los presentes con una pausa activa. El programa continu\u00f3 con capacitaciones acerca de la administraci\u00f3n financiera-contable del rubro, a cargo de Camilo Vallejos, contador SSSR, y sobre la Fiscalizaci\u00f3n de Servicio de Salud, por parte de Guillermo Y\u00e1\u00f1ez, del Servicio de Salud de Ays\u00e9n.<\/p>\n<p style=\"text-align: justify;\">M\u00e1s tarde, el t\u00e9cnico electromec\u00e1nico SSSR V\u00edctor Figueroa dio una charla acerca del funcionamiento general de un Servicio Sanitario Rural; y Gonzalo Soto, del Instituto de Seguridad Laboral, cerr\u00f3 el espacio con una conferencia sobre accidentes en el trabajo y enfermedades laborales.<\/p>\n<p style=\"text-align: justify;\">Como cierre de jornada se entregaron diplomas de participaci\u00f3n a los asistentes y se present\u00f3 un hermoso pie de cueca interpretado por las y los campeones regionales juveniles del tradicional baile.<\/p>\n<p style=\"text-align: justify;\">El taller de capacitaci\u00f3n fue una instancia de gran valor para los asistentes. Como mencion\u00f3 Jaime Rain, presidente del Comit\u00e9 de Agua Potable Rural de Alto Baguales,\u00a0\u201ctener informaci\u00f3n es tener opini\u00f3n, y los vecinos no tienen por qu\u00e9 saber lo que se est\u00e1 tratando hoy d\u00eda ac\u00e1, pero es importante que yo est\u00e9 ac\u00e1 en este caso como presidente para que esa informaci\u00f3n se traspase\u201d. Por su parte, Marcos Ojeda Aranda, presidente del Comit\u00e9 de Agua Potable Rural de Villa Ortega, dijo\u00a0\u201ctodos los a\u00f1os aparecen nuevos conocimientos que tenemos que aprender nosotros para poder ense\u00f1\u00e1rselos a lo que son los usuarios\u201d.<\/p>\n<p style=\"text-align: justify;\">Para la seremi Paloma Jara, el taller result\u00f3 ser una exitosa actividad, destacando tener este acercamiento con los dirigentes y dirigentes que administran los Servicios Sanitarios Rurales: \u201cPoder compartir, y que ellos nos digan cu\u00e1les son las preocupaciones que tienen y c\u00f3mo les gustar\u00eda mejorar, son claves para el desarrollo de una mejor pol\u00edtica p\u00fablica\u201d.<\/p>\n<\/div><\/section><\/div><div  style='height:50px' class='hr hr-invisible   avia-builder-el-6  el_after_av_one_full  el_before_av_social_share '><span class='hr-inner ' ><span class='hr-inner-style'><\/span><\/span><\/div><\/p>\n<div  class='av-social-sharing-box  avia-builder-el-7  el_after_av_hr  el_before_av_hr  '><div class='av-share-box'><h5 class='av-share-link-description av-no-toc '>Compartir esta noticia<\/h5><ul class='av-share-box-list noLightbox'><li class='av-share-link av-social-link-facebook' ><a target=\"_blank\" aria-label=\"Compartir en Facebook\" href='https:\/\/www.facebook.com\/sharer.php?u=https:\/\/radiorevelacionfm.cl\/?p=45794&#038;t=Exitosa%20jornada%20de%20capacitaci%C3%B3n%20de%20la%20Subdirecci%C3%B3n%20de%20Servicios%20Sanitarios%20Rurales' aria-hidden='false' data-av_icon='\ue8f3' data-av_iconfont='entypo-fontello' title='' data-avia-related-tooltip='Compartir en Facebook' rel=\"noopener\"><span class='avia_hidden_link_text'>Compartir en Facebook<\/span><\/a><\/li><li class='av-share-link av-social-link-twitter' ><a target=\"_blank\" aria-label=\"Compartir en Twitter\" href='https:\/\/twitter.com\/share?text=Exitosa%20jornada%20de%20capacitaci%C3%B3n%20de%20la%20Subdirecci%C3%B3n%20de%20Servicios%20Sanitarios%20Rurales&#038;url=https:\/\/radiorevelacionfm.cl\/?p=45794' aria-hidden='false' data-av_icon='\ue8f1' data-av_iconfont='entypo-fontello' title='' data-avia-related-tooltip='Compartir en Twitter' rel=\"noopener\"><span class='avia_hidden_link_text'>Compartir en Twitter<\/span><\/a><\/li><li class='av-share-link av-social-link-whatsapp' ><a target=\"_blank\" aria-label=\"Compartir en Whatsapp\" href='https:\/\/api.whatsapp.com\/send?text=https:\/\/radiorevelacionfm.cl\/?p=45794' aria-hidden='false' data-av_icon='\uf232' data-av_iconfont='entypo-fontello' title='' data-avia-related-tooltip='Compartir en Whatsapp' rel=\"noopener\"><span class='avia_hidden_link_text'>Compartir en Whatsapp<\/span><\/a><\/li><li class='av-share-link av-social-link-linkedin' ><a target=\"_blank\" aria-label=\"Compartir en LinkedIn\" href='https:\/\/linkedin.com\/shareArticle?mini=true&#038;title=Exitosa%20jornada%20de%20capacitaci%C3%B3n%20de%20la%20Subdirecci%C3%B3n%20de%20Servicios%20Sanitarios%20Rurales&#038;url=https:\/\/radiorevelacionfm.cl\/?p=45794' aria-hidden='false' data-av_icon='\ue8fc' data-av_iconfont='entypo-fontello' title='' data-avia-related-tooltip='Compartir en LinkedIn' rel=\"noopener\"><span class='avia_hidden_link_text'>Compartir en LinkedIn<\/span><\/a><\/li><li class='av-share-link av-social-link-mail' ><a  aria-label=\"Compartir por correo\" href='mailto:?subject=Exitosa%20jornada%20de%20capacitaci%C3%B3n%20de%20la%20Subdirecci%C3%B3n%20de%20Servicios%20Sanitarios%20Rurales&#038;body=https:\/\/radiorevelacionfm.cl\/?p=45794' aria-hidden='false' data-av_icon='\ue805' data-av_iconfont='entypo-fontello' title='' data-avia-related-tooltip='Compartir por correo'><span class='avia_hidden_link_text'>Compartir por correo<\/span><\/a><\/li><\/ul><\/div><\/div>\n<div  style='height:50px' class='hr hr-invisible   avia-builder-el-8  el_after_av_social_share  el_before_av_comments_list '><span class='hr-inner ' ><span class='hr-inner-style'><\/span><\/span><\/div>\n<div  class='av-buildercomment  av-blog-meta-html-info-disabled av-blog-meta-tag-disabled  '><\/div>\n","protected":false},"excerpt":{"rendered":"","protected":false},"author":1,"featured_media":45795,"comment_status":"open","ping_status":"open","sticky":false,"template":"","format":"standard","meta":{"footnotes":""},"categories":[38],"tags":[],"class_list":["post-45794","post","type-post","status-publish","format-standard","has-post-thumbnail","hentry","category-regional"],"jetpack_featured_media_url":"https:\/\/radiorevelacionfm.cl\/wp-content\/uploads\/2024\/09\/DIRIGENTES-MOP-DOH41-1-1.jpg","_links":{"self":[{"href":"https:\/\/radiorevelacionfm.cl\/index.php?rest_route=\/wp\/v2\/posts\/45794","targetHints":{"allow":["GET"]}}],"collection":[{"href":"https:\/\/radiorevelacionfm.cl\/index.php?rest_route=\/wp\/v2\/posts"}],"about":[{"href":"https:\/\/radiorevelacionfm.cl\/index.php?rest_route=\/wp\/v2\/types\/post"}],"author":[{"embeddable":true,"href":"https:\/\/radiorevelacionfm.cl\/index.php?rest_route=\/wp\/v2\/users\/1"}],"replies":[{"embeddable":true,"href":"https:\/\/radiorevelacionfm.cl\/index.php?rest_route=%2Fwp%2Fv2%2Fcomments&post=45794"}],"version-history":[{"count":1,"href":"https:\/\/radiorevelacionfm.cl\/index.php?rest_route=\/wp\/v2\/posts\/45794\/revisions"}],"predecessor-version":[{"id":45796,"href":"https:\/\/radiorevelacionfm.cl\/index.php?rest_route=\/wp\/v2\/posts\/45794\/revisions\/45796"}],"wp:featuredmedia":[{"embeddable":true,"href":"https:\/\/radiorevelacionfm.cl\/index.php?rest_route=\/wp\/v2\/media\/45795"}],"wp:attachment":[{"href":"https:\/\/radiorevelacionfm.cl\/index.php?rest_route=%2Fwp%2Fv2%2Fmedia&parent=45794"}],"wp:term":[{"taxonomy":"category","embeddable":true,"href":"https:\/\/radiorevelacionfm.cl\/index.php?rest_route=%2Fwp%2Fv2%2Fcategories&post=45794"},{"taxonomy":"post_tag","embeddable":true,"href":"https:\/\/radiorevelacionfm.cl\/index.php?rest_route=%2Fwp%2Fv2%2Ftags&post=45794"}],"curies":[{"name":"wp","href":"https:\/\/api.w.org\/{rel}","templated":true}]}}