{"id":45791,"date":"2024-09-03T16:28:49","date_gmt":"2024-09-03T19:28:49","guid":{"rendered":"https:\/\/radiorevelacionfm.cl\/?p=45791"},"modified":"2024-09-03T16:28:50","modified_gmt":"2024-09-03T19:28:50","slug":"equipo-junji-aysen-se-capacita-en-implicancias-de-la-educacion-emocional-en-la-practica-pedagogica-del-jardin-infantil","status":"publish","type":"post","link":"https:\/\/radiorevelacionfm.cl\/?p=45791","title":{"rendered":"Equipo Junji Ays\u00e9n se capacita en \u201cImplicancias de la Educaci\u00f3n Emocional en la Pr\u00e1ctica Pedag\u00f3gica del jard\u00edn infantil\u201d"},"content":{"rendered":"<div class=\"flex_column av_one_full  flex_column_div av-zero-column-padding first  avia-builder-el-0  el_before_av_one_full  avia-builder-el-first  \" style='border-radius:0px; '><div  class='avia-image-container  av-styling-    avia-builder-el-1  avia-builder-el-no-sibling  avia-align-center '  itemprop=\"image\" itemscope=\"itemscope\" itemtype=\"https:\/\/schema.org\/ImageObject\"  ><div class='avia-image-container-inner'><div class='avia-image-overlay-wrap'><img decoding=\"async\" class='wp-image-45792 avia-img-lazy-loading-not-45792 avia_image' src=\"https:\/\/radiorevelacionfm.cl\/wp-content\/uploads\/2024\/09\/bdpy48345555-1_optimized-1.jpg\" alt='' title='bdpy48345555-(1)_optimized (1)' height=\"600\" width=\"1209\"  itemprop=\"thumbnailUrl\" srcset=\"https:\/\/radiorevelacionfm.cl\/wp-content\/uploads\/2024\/09\/bdpy48345555-1_optimized-1.jpg 1209w, https:\/\/radiorevelacionfm.cl\/wp-content\/uploads\/2024\/09\/bdpy48345555-1_optimized-1-300x149.jpg 300w, https:\/\/radiorevelacionfm.cl\/wp-content\/uploads\/2024\/09\/bdpy48345555-1_optimized-1-1030x511.jpg 1030w, https:\/\/radiorevelacionfm.cl\/wp-content\/uploads\/2024\/09\/bdpy48345555-1_optimized-1-768x381.jpg 768w, https:\/\/radiorevelacionfm.cl\/wp-content\/uploads\/2024\/09\/bdpy48345555-1_optimized-1-705x350.jpg 705w, https:\/\/radiorevelacionfm.cl\/wp-content\/uploads\/2024\/09\/bdpy48345555-1_optimized-1-450x223.jpg 450w, https:\/\/radiorevelacionfm.cl\/wp-content\/uploads\/2024\/09\/bdpy48345555-1_optimized-1-600x298.jpg 600w\" sizes=\"(max-width: 1209px) 100vw, 1209px\" \/><\/div><\/div><\/div><\/div><div class=\"flex_column av_one_full  flex_column_div av-zero-column-padding first  avia-builder-el-2  el_after_av_one_full  el_before_av_one_full  column-top-margin\" style='border-radius:0px; '><section class=\"av_textblock_section \"  itemscope=\"itemscope\" itemtype=\"https:\/\/schema.org\/BlogPosting\" itemprop=\"blogPost\" ><div class='avia_textblock  '   itemprop=\"text\" ><p style=\"text-align: center;\"><strong><span style=\"font-size: 18pt;\">Equipo Junji Ays\u00e9n se capacita en \u201cImplicancias de la Educaci\u00f3n Emocional en la Pr\u00e1ctica Pedag\u00f3gica del jard\u00edn infantil\u201d<\/span><\/strong><\/p>\n<div id=\"gtx-trans\" style=\"position: absolute; left: -50px; top: 4.31534px;\">\n<div class=\"gtx-trans-icon\"><\/div>\n<\/div>\n<\/div><\/section><\/div><div class=\"flex_column av_one_full  flex_column_div av-zero-column-padding first  avia-builder-el-4  el_after_av_one_full  el_before_av_hr  column-top-margin\" style='border-radius:0px; '><section class=\"av_textblock_section \"  itemscope=\"itemscope\" itemtype=\"https:\/\/schema.org\/BlogPosting\" itemprop=\"blogPost\" ><div class='avia_textblock  '   itemprop=\"text\" ><p style=\"text-align: justify;\">30 funcionarias y funcionarios, tanto de jardines infantiles de como direcci\u00f3n regional de la Junta Nacional de Jardines Infantiles de Ays\u00e9n, participaron de un curso de capacitaci\u00f3n centrado en adquisici\u00f3n de competencias en educaci\u00f3n emocional en primera infancia: \u201cEstamos trabajando todo lo que es agilidad emocional en los contextos educativos. La idea es que puedan tener esa sensibilidad que necesitan para crear v\u00ednculos con los ni\u00f1os y las ni\u00f1as y por supuesto que con sus familias. Que podamos observar las emociones de los otros y las nuestras. Estamos pasando por un cambio de paradigma en nuestra sociedad, en la que estamos construyendo un puente entre la raz\u00f3n y el coraz\u00f3n, entre lo que es la emoci\u00f3n y lo que podemos aprender, sin emoci\u00f3n no hay aprendizaje y necesitamos construir ese puente socialmente\u201d se\u00f1al\u00f3 Soledad Mart\u00ednez, relatora de la capacitaci\u00f3n.<\/p>\n<p style=\"text-align: justify;\">Esta instancia de aprendizaje es parte del trabajo que lleva a cabo la instituci\u00f3n a lo largo de todo el territorio nacional, el poder generar procesos de formaci\u00f3n continua a los equipos educativos y profesionales, para as\u00ed contribuir a su trayectoria formativa, con el objetivo de continuar mejorando la calidad del servicio: \u201cLa instituci\u00f3n cuenta con un plan anual de capacitaci\u00f3n, estas necesidades surgen desde la misma regi\u00f3n, desde los jardines y subdirecciones. Este a\u00f1o (este plan) est\u00e1 conformado por 6 actividades de capacitaci\u00f3n y lo que busca es fortalecer competencias tanto para personal de jardines infantiles, como de oficinas, dependiendo de la tem\u00e1tica. El 75% del presupuesto va enfocado a actividades de jardines infantiles, coment\u00f3 Paula P\u00e9rez, Encargada de Capacitaci\u00f3n de Junji Ays\u00e9n.<\/p>\n<p style=\"text-align: justify;\">Esta actividad formativa tuvo una buena acogida entre educadoras, t\u00e9cnicas, funcionarios y funcionarias de direcci\u00f3n regional.<\/p>\n<p style=\"text-align: justify;\">Para Cynthia San Mart\u00edn, educadora del jard\u00edn infantil Kau-Kalem: \u201cHa sido sumamente interesante, la relatora a podido invitarnos a reflexionar sobre nuestras mismas emociones, como las trabajamos con nuestros equipos, colegas y as\u00ed mismo con ni\u00f1os y ni\u00f1as y sus familias. Agradecer a la instituci\u00f3n que nuevamente se est\u00e9 retomando las capacitaciones presenciales, que de esta forma hace que las interacciones entre las mismas funcionarias que muchas veces vivimos la misma realidad, pero en diferentes localidades, que nos hace diferentes, pero nos hace reflexionar sobre lo que conocemos.<\/p>\n<p style=\"text-align: justify;\">Desde Puerto Guadal viaj\u00f3 a este, Aracely Leichle, t\u00e9cnico en p\u00e1rvulos del Jard\u00edn infantil \u201cEl Para\u00edso\u201d: \u201cesta ha sido una s\u00faper buena experiencia, de aprendizaje, de conocimientos. Para entender las emociones que diario estamos trabajando con los ni\u00f1os. El viajar y volver a lo presencial es fundamental; as\u00ed uno puede compartir las visiones de otros jardines, son buenas oportunidades para trabajar en conjunto y conocer a las dem\u00e1s colegas. Me voy con un amplio aprendizaje respecto de las emociones, ser\u00eda s\u00faper bueno que todos los jardines puedan acceder a estas capacitaciones\u201d, se\u00f1al\u00f3.<\/p>\n<p style=\"text-align: justify;\">Una de las funcionarias que particip\u00f3 desde direcci\u00f3n regional fue Karem Cajales, profesional de atenci\u00f3n a diversidad de Calidad de Educativa: esta capacitaci\u00f3n es una herramienta important\u00edsima para los equipos y para las familias; para fomentar ambientes sensibles, interacciones sensibles, para conectarnos con nuestras emociones e identificar las emociones de nuestros ni\u00f1os y ni\u00f1as. Poder crear ambientes educativos sensibles y atingentes de cada uno y cada una. Adem\u00e1s, estas instancias permiten que los quipos se encuentren, desde la diversidad, se encuentran en estas tem\u00e1ticas y comparten experiencias\u201d.<\/p>\n<p style=\"text-align: justify;\">Seg\u00fan las Bases Curriculares de Educaci\u00f3n Parvularia (2018), basadas en experiencia aportadas desde las neurociencias, las ciencias cognitivas y de educaci\u00f3n, han aportado evidencia de la influencia de las emociones en los procesos psicol\u00f3gicos, tales como la capacidad de enfocar la atenci\u00f3n, resolver problemas y apoyar las relaciones. Igualmente, han mostrado c\u00f3mo las emociones positivas \u201cabren puertas\u201d dentro del cerebro, y c\u00f3mo el miedo y el estr\u00e9s reducen la capacidad anal\u00edtica.<\/p>\n<\/div><\/section><\/div><div  style='height:50px' class='hr hr-invisible   avia-builder-el-6  el_after_av_one_full  el_before_av_social_share '><span class='hr-inner ' ><span class='hr-inner-style'><\/span><\/span><\/div><\/p>\n<div  class='av-social-sharing-box  avia-builder-el-7  el_after_av_hr  el_before_av_hr  '><div class='av-share-box'><h5 class='av-share-link-description av-no-toc '>Compartir esta noticia<\/h5><ul class='av-share-box-list noLightbox'><li class='av-share-link av-social-link-facebook' ><a target=\"_blank\" aria-label=\"Compartir en Facebook\" href='https:\/\/www.facebook.com\/sharer.php?u=https:\/\/radiorevelacionfm.cl\/?p=45791&#038;t=Equipo%20Junji%20Ays%C3%A9n%20se%20capacita%20en%20%E2%80%9CImplicancias%20de%20la%20Educaci%C3%B3n%20Emocional%20en%20la%20Pr%C3%A1ctica%20Pedag%C3%B3gica%20del%20jard%C3%ADn%20infantil%E2%80%9D' aria-hidden='false' data-av_icon='\ue8f3' data-av_iconfont='entypo-fontello' title='' data-avia-related-tooltip='Compartir en Facebook' rel=\"noopener\"><span class='avia_hidden_link_text'>Compartir en Facebook<\/span><\/a><\/li><li class='av-share-link av-social-link-twitter' ><a target=\"_blank\" aria-label=\"Compartir en Twitter\" href='https:\/\/twitter.com\/share?text=Equipo%20Junji%20Ays%C3%A9n%20se%20capacita%20en%20%E2%80%9CImplicancias%20de%20la%20Educaci%C3%B3n%20Emocional%20en%20la%20Pr%C3%A1ctica%20Pedag%C3%B3gica%20del%20jard%C3%ADn%20infantil%E2%80%9D&#038;url=https:\/\/radiorevelacionfm.cl\/?p=45791' aria-hidden='false' data-av_icon='\ue8f1' data-av_iconfont='entypo-fontello' title='' data-avia-related-tooltip='Compartir en Twitter' rel=\"noopener\"><span class='avia_hidden_link_text'>Compartir en Twitter<\/span><\/a><\/li><li class='av-share-link av-social-link-whatsapp' ><a target=\"_blank\" aria-label=\"Compartir en Whatsapp\" href='https:\/\/api.whatsapp.com\/send?text=https:\/\/radiorevelacionfm.cl\/?p=45791' aria-hidden='false' data-av_icon='\uf232' data-av_iconfont='entypo-fontello' title='' data-avia-related-tooltip='Compartir en Whatsapp' rel=\"noopener\"><span class='avia_hidden_link_text'>Compartir en Whatsapp<\/span><\/a><\/li><li class='av-share-link av-social-link-linkedin' ><a target=\"_blank\" aria-label=\"Compartir en LinkedIn\" href='https:\/\/linkedin.com\/shareArticle?mini=true&#038;title=Equipo%20Junji%20Ays%C3%A9n%20se%20capacita%20en%20%E2%80%9CImplicancias%20de%20la%20Educaci%C3%B3n%20Emocional%20en%20la%20Pr%C3%A1ctica%20Pedag%C3%B3gica%20del%20jard%C3%ADn%20infantil%E2%80%9D&#038;url=https:\/\/radiorevelacionfm.cl\/?p=45791' aria-hidden='false' data-av_icon='\ue8fc' data-av_iconfont='entypo-fontello' title='' data-avia-related-tooltip='Compartir en LinkedIn' rel=\"noopener\"><span class='avia_hidden_link_text'>Compartir en LinkedIn<\/span><\/a><\/li><li class='av-share-link av-social-link-mail' ><a  aria-label=\"Compartir por correo\" href='mailto:?subject=Equipo%20Junji%20Ays%C3%A9n%20se%20capacita%20en%20%E2%80%9CImplicancias%20de%20la%20Educaci%C3%B3n%20Emocional%20en%20la%20Pr%C3%A1ctica%20Pedag%C3%B3gica%20del%20jard%C3%ADn%20infantil%E2%80%9D&#038;body=https:\/\/radiorevelacionfm.cl\/?p=45791' aria-hidden='false' data-av_icon='\ue805' data-av_iconfont='entypo-fontello' title='' data-avia-related-tooltip='Compartir por correo'><span class='avia_hidden_link_text'>Compartir por correo<\/span><\/a><\/li><\/ul><\/div><\/div>\n<div  style='height:50px' class='hr hr-invisible   avia-builder-el-8  el_after_av_social_share  el_before_av_comments_list '><span class='hr-inner ' ><span class='hr-inner-style'><\/span><\/span><\/div>\n<div  class='av-buildercomment  av-blog-meta-html-info-disabled av-blog-meta-tag-disabled  '><\/div>\n","protected":false},"excerpt":{"rendered":"","protected":false},"author":1,"featured_media":45792,"comment_status":"open","ping_status":"open","sticky":false,"template":"","format":"standard","meta":{"footnotes":""},"categories":[49],"tags":[],"class_list":["post-45791","post","type-post","status-publish","format-standard","has-post-thumbnail","hentry","category-educacion"],"jetpack_featured_media_url":"https:\/\/radiorevelacionfm.cl\/wp-content\/uploads\/2024\/09\/bdpy48345555-1_optimized-1.jpg","_links":{"self":[{"href":"https:\/\/radiorevelacionfm.cl\/index.php?rest_route=\/wp\/v2\/posts\/45791","targetHints":{"allow":["GET"]}}],"collection":[{"href":"https:\/\/radiorevelacionfm.cl\/index.php?rest_route=\/wp\/v2\/posts"}],"about":[{"href":"https:\/\/radiorevelacionfm.cl\/index.php?rest_route=\/wp\/v2\/types\/post"}],"author":[{"embeddable":true,"href":"https:\/\/radiorevelacionfm.cl\/index.php?rest_route=\/wp\/v2\/users\/1"}],"replies":[{"embeddable":true,"href":"https:\/\/radiorevelacionfm.cl\/index.php?rest_route=%2Fwp%2Fv2%2Fcomments&post=45791"}],"version-history":[{"count":1,"href":"https:\/\/radiorevelacionfm.cl\/index.php?rest_route=\/wp\/v2\/posts\/45791\/revisions"}],"predecessor-version":[{"id":45793,"href":"https:\/\/radiorevelacionfm.cl\/index.php?rest_route=\/wp\/v2\/posts\/45791\/revisions\/45793"}],"wp:featuredmedia":[{"embeddable":true,"href":"https:\/\/radiorevelacionfm.cl\/index.php?rest_route=\/wp\/v2\/media\/45792"}],"wp:attachment":[{"href":"https:\/\/radiorevelacionfm.cl\/index.php?rest_route=%2Fwp%2Fv2%2Fmedia&parent=45791"}],"wp:term":[{"taxonomy":"category","embeddable":true,"href":"https:\/\/radiorevelacionfm.cl\/index.php?rest_route=%2Fwp%2Fv2%2Fcategories&post=45791"},{"taxonomy":"post_tag","embeddable":true,"href":"https:\/\/radiorevelacionfm.cl\/index.php?rest_route=%2Fwp%2Fv2%2Ftags&post=45791"}],"curies":[{"name":"wp","href":"https:\/\/api.w.org\/{rel}","templated":true}]}}