{"id":45788,"date":"2024-09-03T11:21:30","date_gmt":"2024-09-03T14:21:30","guid":{"rendered":"https:\/\/radiorevelacionfm.cl\/?p=45788"},"modified":"2024-09-03T11:21:30","modified_gmt":"2024-09-03T14:21:30","slug":"integrantes-de-asociacion-gremial-el-desafio-de-villa-ohiggins-recorren-instalaciones-de-inia-tamel-aike","status":"publish","type":"post","link":"https:\/\/radiorevelacionfm.cl\/?p=45788","title":{"rendered":"Integrantes de Asociaci\u00f3n Gremial \u00abEl Desaf\u00edo\u00bb de Villa O&#8217;Higgins recorren instalaciones de INIA Tamel Aike"},"content":{"rendered":"<div class=\"flex_column av_one_full  flex_column_div av-zero-column-padding first  avia-builder-el-0  el_before_av_one_full  avia-builder-el-first  \" style='border-radius:0px; '><div  class='avia-image-container  av-styling-    avia-builder-el-1  avia-builder-el-no-sibling  avia-align-center '  itemprop=\"image\" itemscope=\"itemscope\" itemtype=\"https:\/\/schema.org\/ImageObject\"  ><div class='avia-image-container-inner'><div class='avia-image-overlay-wrap'><img decoding=\"async\" class='wp-image-45789 avia-img-lazy-loading-not-45789 avia_image' src=\"https:\/\/radiorevelacionfm.cl\/wp-content\/uploads\/2024\/09\/01-1-3_optimized.jpeg\" alt='' title='01-(1)-(3)_optimized' height=\"600\" width=\"901\"  itemprop=\"thumbnailUrl\" srcset=\"https:\/\/radiorevelacionfm.cl\/wp-content\/uploads\/2024\/09\/01-1-3_optimized.jpeg 901w, https:\/\/radiorevelacionfm.cl\/wp-content\/uploads\/2024\/09\/01-1-3_optimized-300x200.jpeg 300w, https:\/\/radiorevelacionfm.cl\/wp-content\/uploads\/2024\/09\/01-1-3_optimized-768x511.jpeg 768w, https:\/\/radiorevelacionfm.cl\/wp-content\/uploads\/2024\/09\/01-1-3_optimized-705x469.jpeg 705w, https:\/\/radiorevelacionfm.cl\/wp-content\/uploads\/2024\/09\/01-1-3_optimized-450x300.jpeg 450w, https:\/\/radiorevelacionfm.cl\/wp-content\/uploads\/2024\/09\/01-1-3_optimized-600x400.jpeg 600w\" sizes=\"(max-width: 901px) 100vw, 901px\" \/><\/div><\/div><\/div><\/div><div class=\"flex_column av_one_full  flex_column_div av-zero-column-padding first  avia-builder-el-2  el_after_av_one_full  el_before_av_one_full  column-top-margin\" style='border-radius:0px; '><section class=\"av_textblock_section \"  itemscope=\"itemscope\" itemtype=\"https:\/\/schema.org\/BlogPosting\" itemprop=\"blogPost\" ><div class='avia_textblock  '   itemprop=\"text\" ><p style=\"text-align: center;\"><strong><span style=\"font-size: 18pt;\">Integrantes de Asociaci\u00f3n Gremial \u00abEl Desaf\u00edo\u00bb de Villa O&#8217;Higgins recorren instalaciones de INIA Tamel Aike<\/span><\/strong><\/p>\n<div id=\"gtx-trans\" style=\"position: absolute; left: -50px; top: 4.31534px;\">\n<div class=\"gtx-trans-icon\"><\/div>\n<\/div>\n<\/div><\/section><\/div><div class=\"flex_column av_one_full  flex_column_div av-zero-column-padding first  avia-builder-el-4  el_after_av_one_full  el_before_av_hr  column-top-margin\" style='border-radius:0px; '><section class=\"av_textblock_section \"  itemscope=\"itemscope\" itemtype=\"https:\/\/schema.org\/BlogPosting\" itemprop=\"blogPost\" ><div class='avia_textblock  '   itemprop=\"text\" ><p style=\"text-align: justify;\">El INIA Tamel Aike recibi\u00f3 la visita de la Asociaci\u00f3n Gremial de Campesinos \u00abEl Desaf\u00edo\u00bb de Villa O&#8217;Higgins, quienes participaron en una jornada de intercambio de conocimientos y experiencias, con el objetivo de fortalecer la competitividad del sector agroalimentario de la regi\u00f3n. Esta visita se enmarca dentro de un proyecto postulado por la propia organizaci\u00f3n al 8% del Gobierno Regional de Ays\u00e9n con apoyo de la Municipalidad de O&#8217;Higgins.<\/p>\n<p style=\"text-align: justify;\">\u00abRecorrimos la alimentaci\u00f3n de los animales, fuimos a ver las distintas razas de ovejas que existen y cu\u00e1l es la finalidad de cada una, lo mismo con los perritos Pirineos y el plantel de los vacunos. Es muy interesante el manejo que se realiza aqu\u00ed en el INIA. Todos estos conocimientos nos van a servir much\u00edsimo para los trabajos en la zona y desarrollo de la masa ganadera\u00bb, se\u00f1al\u00f3 la presidenta de la agrupaci\u00f3n, Nora P\u00e9rez.<\/p>\n<p style=\"text-align: justify;\">La jornada incluy\u00f3 presentaciones sobre los avances en producci\u00f3n bovina y ovina, y visitas guiadas por diferentes secciones del centro, abordando temas clave como la preparaci\u00f3n de suelos, cultivos forrajeros, especializaci\u00f3n en razas ovinas y el uso de perros protectores de reba\u00f1o. Tambi\u00e9n se mostr\u00f3 la conservaci\u00f3n del orujo de cebada y el monitoreo de plagas.<\/p>\n<p style=\"text-align: justify;\">\u00abEsta visita es s\u00faper importante para nosotros como instituci\u00f3n, debido a que dentro de los lineamientos que tiene el INIA, el trabajo de extensi\u00f3n y poder dar a conocer lo que nosotros hacemos, tanto en investigaci\u00f3n como en trabajos de extensi\u00f3n con los productores, es s\u00faper importante y para ellos tambi\u00e9n es una tremenda oportunidad de conocer lo que se est\u00e1 haciendo a nivel regional. Agradecemos a la\u00a0 A.G. El Desaf\u00edo e invitamos a los productores regionales a visitar INIA\u00bb, sostuvo la investigadora y coordinadora de la actividad, Ver\u00f3nica Gonz\u00e1lez.<\/p>\n<p style=\"text-align: justify;\">En el cierre de la visita se destac\u00f3 la importancia de la colaboraci\u00f3n entre el INIA del Ministerio de Agricultura y las organizaciones campesinas para el desarrollo de innovaciones que fortalezcan la competitividad del sector agroalimentario en la regi\u00f3n y el pa\u00eds.<\/p>\n<\/div><\/section><\/div><div  style='height:50px' class='hr hr-invisible   avia-builder-el-6  el_after_av_one_full  el_before_av_social_share '><span class='hr-inner ' ><span class='hr-inner-style'><\/span><\/span><\/div><\/p>\n<div  class='av-social-sharing-box  avia-builder-el-7  el_after_av_hr  el_before_av_hr  '><div class='av-share-box'><h5 class='av-share-link-description av-no-toc '>Compartir esta noticia<\/h5><ul class='av-share-box-list noLightbox'><li class='av-share-link av-social-link-facebook' ><a target=\"_blank\" aria-label=\"Compartir en Facebook\" href='https:\/\/www.facebook.com\/sharer.php?u=https:\/\/radiorevelacionfm.cl\/?p=45788&#038;t=Integrantes%20de%20Asociaci%C3%B3n%20Gremial%20%C2%ABEl%20Desaf%C3%ADo%C2%BB%20de%20Villa%20O%E2%80%99Higgins%20recorren%20instalaciones%20de%20INIA%20Tamel%20Aike' aria-hidden='false' data-av_icon='\ue8f3' data-av_iconfont='entypo-fontello' title='' data-avia-related-tooltip='Compartir en Facebook' rel=\"noopener\"><span class='avia_hidden_link_text'>Compartir en Facebook<\/span><\/a><\/li><li class='av-share-link av-social-link-twitter' ><a target=\"_blank\" aria-label=\"Compartir en Twitter\" href='https:\/\/twitter.com\/share?text=Integrantes%20de%20Asociaci%C3%B3n%20Gremial%20%C2%ABEl%20Desaf%C3%ADo%C2%BB%20de%20Villa%20O%E2%80%99Higgins%20recorren%20instalaciones%20de%20INIA%20Tamel%20Aike&#038;url=https:\/\/radiorevelacionfm.cl\/?p=45788' aria-hidden='false' data-av_icon='\ue8f1' data-av_iconfont='entypo-fontello' title='' data-avia-related-tooltip='Compartir en Twitter' rel=\"noopener\"><span class='avia_hidden_link_text'>Compartir en Twitter<\/span><\/a><\/li><li class='av-share-link av-social-link-whatsapp' ><a target=\"_blank\" aria-label=\"Compartir en Whatsapp\" href='https:\/\/api.whatsapp.com\/send?text=https:\/\/radiorevelacionfm.cl\/?p=45788' aria-hidden='false' data-av_icon='\uf232' data-av_iconfont='entypo-fontello' title='' data-avia-related-tooltip='Compartir en Whatsapp' rel=\"noopener\"><span class='avia_hidden_link_text'>Compartir en Whatsapp<\/span><\/a><\/li><li class='av-share-link av-social-link-linkedin' ><a target=\"_blank\" aria-label=\"Compartir en LinkedIn\" href='https:\/\/linkedin.com\/shareArticle?mini=true&#038;title=Integrantes%20de%20Asociaci%C3%B3n%20Gremial%20%C2%ABEl%20Desaf%C3%ADo%C2%BB%20de%20Villa%20O%E2%80%99Higgins%20recorren%20instalaciones%20de%20INIA%20Tamel%20Aike&#038;url=https:\/\/radiorevelacionfm.cl\/?p=45788' aria-hidden='false' data-av_icon='\ue8fc' data-av_iconfont='entypo-fontello' title='' data-avia-related-tooltip='Compartir en LinkedIn' rel=\"noopener\"><span class='avia_hidden_link_text'>Compartir en LinkedIn<\/span><\/a><\/li><li class='av-share-link av-social-link-mail' ><a  aria-label=\"Compartir por correo\" href='mailto:?subject=Integrantes%20de%20Asociaci%C3%B3n%20Gremial%20%C2%ABEl%20Desaf%C3%ADo%C2%BB%20de%20Villa%20O%E2%80%99Higgins%20recorren%20instalaciones%20de%20INIA%20Tamel%20Aike&#038;body=https:\/\/radiorevelacionfm.cl\/?p=45788' aria-hidden='false' data-av_icon='\ue805' data-av_iconfont='entypo-fontello' title='' data-avia-related-tooltip='Compartir por correo'><span class='avia_hidden_link_text'>Compartir por correo<\/span><\/a><\/li><\/ul><\/div><\/div>\n<div  style='height:50px' class='hr hr-invisible   avia-builder-el-8  el_after_av_social_share  el_before_av_comments_list '><span class='hr-inner ' ><span class='hr-inner-style'><\/span><\/span><\/div>\n<div  class='av-buildercomment  av-blog-meta-html-info-disabled av-blog-meta-tag-disabled  '><\/div>\n","protected":false},"excerpt":{"rendered":"","protected":false},"author":1,"featured_media":45789,"comment_status":"open","ping_status":"open","sticky":false,"template":"","format":"standard","meta":{"footnotes":""},"categories":[58],"tags":[],"class_list":["post-45788","post","type-post","status-publish","format-standard","has-post-thumbnail","hentry","category-agricultura"],"jetpack_featured_media_url":"https:\/\/radiorevelacionfm.cl\/wp-content\/uploads\/2024\/09\/01-1-3_optimized.jpeg","_links":{"self":[{"href":"https:\/\/radiorevelacionfm.cl\/index.php?rest_route=\/wp\/v2\/posts\/45788","targetHints":{"allow":["GET"]}}],"collection":[{"href":"https:\/\/radiorevelacionfm.cl\/index.php?rest_route=\/wp\/v2\/posts"}],"about":[{"href":"https:\/\/radiorevelacionfm.cl\/index.php?rest_route=\/wp\/v2\/types\/post"}],"author":[{"embeddable":true,"href":"https:\/\/radiorevelacionfm.cl\/index.php?rest_route=\/wp\/v2\/users\/1"}],"replies":[{"embeddable":true,"href":"https:\/\/radiorevelacionfm.cl\/index.php?rest_route=%2Fwp%2Fv2%2Fcomments&post=45788"}],"version-history":[{"count":1,"href":"https:\/\/radiorevelacionfm.cl\/index.php?rest_route=\/wp\/v2\/posts\/45788\/revisions"}],"predecessor-version":[{"id":45790,"href":"https:\/\/radiorevelacionfm.cl\/index.php?rest_route=\/wp\/v2\/posts\/45788\/revisions\/45790"}],"wp:featuredmedia":[{"embeddable":true,"href":"https:\/\/radiorevelacionfm.cl\/index.php?rest_route=\/wp\/v2\/media\/45789"}],"wp:attachment":[{"href":"https:\/\/radiorevelacionfm.cl\/index.php?rest_route=%2Fwp%2Fv2%2Fmedia&parent=45788"}],"wp:term":[{"taxonomy":"category","embeddable":true,"href":"https:\/\/radiorevelacionfm.cl\/index.php?rest_route=%2Fwp%2Fv2%2Fcategories&post=45788"},{"taxonomy":"post_tag","embeddable":true,"href":"https:\/\/radiorevelacionfm.cl\/index.php?rest_route=%2Fwp%2Fv2%2Ftags&post=45788"}],"curies":[{"name":"wp","href":"https:\/\/api.w.org\/{rel}","templated":true}]}}