{"id":45781,"date":"2024-09-02T20:01:16","date_gmt":"2024-09-02T23:01:16","guid":{"rendered":"https:\/\/radiorevelacionfm.cl\/?p=45781"},"modified":"2024-09-02T20:01:16","modified_gmt":"2024-09-02T23:01:16","slug":"tras-incendio-en-vivienda-carabineros-del-os-7-aysen-decomiso-marihuana-avaluada-en-mas-de-56-millones-de-pesos","status":"publish","type":"post","link":"https:\/\/radiorevelacionfm.cl\/?p=45781","title":{"rendered":"Tras incendio en vivienda: Carabineros del OS-7 Ays\u00e9n decomis\u00f3 marihuana avaluada en m\u00e1s de 56 millones de pesos"},"content":{"rendered":"<div class=\"flex_column av_one_full  flex_column_div av-zero-column-padding first  avia-builder-el-0  el_before_av_one_full  avia-builder-el-first  \" style='border-radius:0px; '><div  class='avia-image-container  av-styling-    avia-builder-el-1  avia-builder-el-no-sibling  avia-align-center '  itemprop=\"image\" itemscope=\"itemscope\" itemtype=\"https:\/\/schema.org\/ImageObject\"  ><div class='avia-image-container-inner'><div class='avia-image-overlay-wrap'><img decoding=\"async\" class='wp-image-45782 avia-img-lazy-loading-not-45782 avia_image' src=\"https:\/\/radiorevelacionfm.cl\/wp-content\/uploads\/2024\/09\/a8f482af-5d27-439f-9070-a48b4b5b55e5-1_optimized-1-1.jpg\" alt='' title='a8f482af-5d27-439f-9070-a48b4b5b55e5-(1)_optimized (1) (1)' height=\"662\" width=\"801\"  itemprop=\"thumbnailUrl\" srcset=\"https:\/\/radiorevelacionfm.cl\/wp-content\/uploads\/2024\/09\/a8f482af-5d27-439f-9070-a48b4b5b55e5-1_optimized-1-1.jpg 801w, https:\/\/radiorevelacionfm.cl\/wp-content\/uploads\/2024\/09\/a8f482af-5d27-439f-9070-a48b4b5b55e5-1_optimized-1-1-300x248.jpg 300w, https:\/\/radiorevelacionfm.cl\/wp-content\/uploads\/2024\/09\/a8f482af-5d27-439f-9070-a48b4b5b55e5-1_optimized-1-1-768x635.jpg 768w, https:\/\/radiorevelacionfm.cl\/wp-content\/uploads\/2024\/09\/a8f482af-5d27-439f-9070-a48b4b5b55e5-1_optimized-1-1-705x583.jpg 705w, https:\/\/radiorevelacionfm.cl\/wp-content\/uploads\/2024\/09\/a8f482af-5d27-439f-9070-a48b4b5b55e5-1_optimized-1-1-450x372.jpg 450w, https:\/\/radiorevelacionfm.cl\/wp-content\/uploads\/2024\/09\/a8f482af-5d27-439f-9070-a48b4b5b55e5-1_optimized-1-1-600x496.jpg 600w\" sizes=\"(max-width: 801px) 100vw, 801px\" \/><\/div><\/div><\/div><\/div><div class=\"flex_column av_one_full  flex_column_div av-zero-column-padding first  avia-builder-el-2  el_after_av_one_full  el_before_av_one_full  column-top-margin\" style='border-radius:0px; '><section class=\"av_textblock_section \"  itemscope=\"itemscope\" itemtype=\"https:\/\/schema.org\/BlogPosting\" itemprop=\"blogPost\" ><div class='avia_textblock  '   itemprop=\"text\" ><p style=\"text-align: center;\"><strong><span style=\"font-size: 18pt;\">Tras incendio en vivienda: Carabineros del OS-7 Ays\u00e9n decomis\u00f3 marihuana avaluada en m\u00e1s de 56 millones de pesos<\/span><\/strong><\/p>\n<div id=\"gtx-trans\" style=\"position: absolute; left: -50px; top: 4.31534px;\">\n<div class=\"gtx-trans-icon\"><\/div>\n<\/div>\n<\/div><\/section><\/div><div class=\"flex_column av_one_full  flex_column_div av-zero-column-padding first  avia-builder-el-4  el_after_av_one_full  el_before_av_hr  column-top-margin\" style='border-radius:0px; '><section class=\"av_textblock_section \"  itemscope=\"itemscope\" itemtype=\"https:\/\/schema.org\/BlogPosting\" itemprop=\"blogPost\" ><div class='avia_textblock  '   itemprop=\"text\" ><p class=\"v1gmail-MsoListParagraph\" style=\"text-align: justify;\"><em><span lang=\"ES-MX\">En el procedimiento se detect\u00f3 un cultivo indoor con 16 plantas del g\u00e9nero cannabis sativa, logrando igualmente sacar de circulaci\u00f3n 3,7 kg de esta droga, lista para su comercializaci\u00f3n.<\/span><\/em><\/p>\n<p class=\"v1MsoNormal\" style=\"text-align: justify;\"><span lang=\"ES-MX\">Tras el incendio en una casa habitaci\u00f3n, Carabineros de la 1ra Comisar\u00eda de Coyhaique detect\u00f3 la presencia de cannabis sativa, alertando de ello a la Secci\u00f3n OS-7 #Ays\u00e9n pudiendo detectar un cultivo ilegal de marihuana del tipo indoor, logrando decomisar 16 plantas del g\u00e9nero cannabis sativa adem\u00e1s de 3 kg 735 grs de esta droga (7.470 dosis), lo cual representa un aval\u00fao superior a 56 millones de pesos.<\/span><\/p>\n<p class=\"v1MsoNormal\" style=\"text-align: justify;\"><span lang=\"ES-MX\">Seg\u00fan indic\u00f3 el Comisario de Coyhaique, Mayor Gerardo Gonz\u00e1lez L\u00f3pez, una emergencia declarada en un inmueble de calle Los Calafates de esta ciudad -producto de la inflamaci\u00f3n de un ducto de humo- activ\u00f3 el sistema ABC de la emergencia, logrando Bomberos sofocar las llamas y evitar su propagaci\u00f3n a inmuebles colindantes.<\/span><\/p>\n<p class=\"v1MsoNormal\" style=\"text-align: justify;\"><span lang=\"ES-MX\">\u00abCuando Carabineros se encontraba trabajando al interior, se percatan que en una de las habitaciones hab\u00eda una plantaci\u00f3n del tipo indoor de marihuana (&#8230;) pudiendo verificar que se trataba de 16 plantas de cannabis sativa, tambi\u00e9n hab\u00eda marihuana que se encontraba elaborada en proceso de secado, con un total de 3,4 kilos, la cual fue decomisada y se alert\u00f3 al equipo especializado de Carabineros del OS-7 que efectu\u00f3 las diligencias de rigor y efectu\u00f3 las pruebas de campo y pesaje de la droga\u00bb, expres\u00f3 el Mayor Gonz\u00e1lez.<\/span><\/p>\n<p class=\"v1MsoNormal\" style=\"text-align: justify;\"><span lang=\"ES-MX\">Seg\u00fan los primeros antecedentes, el domicilio se encontraba arrendado, no obstante, al momento de ocurrida la emergencia, no se encontraban personas en el lugar. Carabineros dio cuenta de los antecedentes a la Fiscal\u00eda, mientras contin\u00faa el desarrollo de diversas diligencias orientadas a dar con la identidad y paradero de los responsables del cultivo.<\/span><\/p>\n<p class=\"v1MsoNormal\" style=\"text-align: justify;\"><span lang=\"ES-MX\">\u00abEs un decomiso importante. Durante el a\u00f1o llevamos 4,9 kg decomisados -entre diferentes tipos de drogas- y solo en este procedimiento tenemos 3,7 kg, lo que equivale a m\u00e1s de 56 millones de pesos que se sacan de circulaci\u00f3n en dosis que pudieron haber sido transadas en la comuna o en la regi\u00f3n\u00bb, a\u00f1adi\u00f3 el Mayor Gonz\u00e1lez.<\/span><\/p>\n<p class=\"v1MsoNormal\" style=\"text-align: justify;\"><span lang=\"ES-MX\">Cabe consignar que, desde el mes de enero al 25 de agosto del presente a\u00f1o, Carabineros ha detenido a 3.047 personas por diferentes delitos, de los cuales 128 son por infracci\u00f3n a la ley de drogas (de estos, un 32% registra detenciones previas por parte de Carabineros).<\/span><\/p>\n<p class=\"v1MsoNormal\" style=\"text-align: justify;\">Carabineros del OS-7 Ays\u00e9n reiter\u00f3 el llamado a la comunidad a denunciar de manera an\u00f3nima y gratuita materias relacionadas con este flagelo al fono drogas 135, el cual es atendido durante las 24 horas del d\u00eda y los 365 d\u00edas del a\u00f1o por agentes especializados del OS-7, permitiendo iniciar procesos investigativos y derivar los antecedentes a los Tribunales de Justicia.<\/p>\n<\/div><\/section><\/div><div  style='height:50px' class='hr hr-invisible   avia-builder-el-6  el_after_av_one_full  el_before_av_social_share '><span class='hr-inner ' ><span class='hr-inner-style'><\/span><\/span><\/div><\/p>\n<div  class='av-social-sharing-box  avia-builder-el-7  el_after_av_hr  el_before_av_hr  '><div class='av-share-box'><h5 class='av-share-link-description av-no-toc '>Compartir esta noticia<\/h5><ul class='av-share-box-list noLightbox'><li class='av-share-link av-social-link-facebook' ><a target=\"_blank\" aria-label=\"Compartir en Facebook\" href='https:\/\/www.facebook.com\/sharer.php?u=https:\/\/radiorevelacionfm.cl\/?p=45781&#038;t=Tras%20incendio%20en%20vivienda%3A%20Carabineros%20del%20OS-7%20Ays%C3%A9n%20decomis%C3%B3%20marihuana%20avaluada%20en%20m%C3%A1s%20de%2056%20millones%20de%20pesos' aria-hidden='false' data-av_icon='\ue8f3' data-av_iconfont='entypo-fontello' title='' data-avia-related-tooltip='Compartir en Facebook' rel=\"noopener\"><span class='avia_hidden_link_text'>Compartir en Facebook<\/span><\/a><\/li><li class='av-share-link av-social-link-twitter' ><a target=\"_blank\" aria-label=\"Compartir en Twitter\" href='https:\/\/twitter.com\/share?text=Tras%20incendio%20en%20vivienda%3A%20Carabineros%20del%20OS-7%20Ays%C3%A9n%20decomis%C3%B3%20marihuana%20avaluada%20en%20m%C3%A1s%20de%2056%20millones%20de%20pesos&#038;url=https:\/\/radiorevelacionfm.cl\/?p=45781' aria-hidden='false' data-av_icon='\ue8f1' data-av_iconfont='entypo-fontello' title='' data-avia-related-tooltip='Compartir en Twitter' rel=\"noopener\"><span class='avia_hidden_link_text'>Compartir en Twitter<\/span><\/a><\/li><li class='av-share-link av-social-link-whatsapp' ><a target=\"_blank\" aria-label=\"Compartir en Whatsapp\" href='https:\/\/api.whatsapp.com\/send?text=https:\/\/radiorevelacionfm.cl\/?p=45781' aria-hidden='false' data-av_icon='\uf232' data-av_iconfont='entypo-fontello' title='' data-avia-related-tooltip='Compartir en Whatsapp' rel=\"noopener\"><span class='avia_hidden_link_text'>Compartir en Whatsapp<\/span><\/a><\/li><li class='av-share-link av-social-link-linkedin' ><a target=\"_blank\" aria-label=\"Compartir en LinkedIn\" href='https:\/\/linkedin.com\/shareArticle?mini=true&#038;title=Tras%20incendio%20en%20vivienda%3A%20Carabineros%20del%20OS-7%20Ays%C3%A9n%20decomis%C3%B3%20marihuana%20avaluada%20en%20m%C3%A1s%20de%2056%20millones%20de%20pesos&#038;url=https:\/\/radiorevelacionfm.cl\/?p=45781' aria-hidden='false' data-av_icon='\ue8fc' data-av_iconfont='entypo-fontello' title='' data-avia-related-tooltip='Compartir en LinkedIn' rel=\"noopener\"><span class='avia_hidden_link_text'>Compartir en LinkedIn<\/span><\/a><\/li><li class='av-share-link av-social-link-mail' ><a  aria-label=\"Compartir por correo\" href='mailto:?subject=Tras%20incendio%20en%20vivienda%3A%20Carabineros%20del%20OS-7%20Ays%C3%A9n%20decomis%C3%B3%20marihuana%20avaluada%20en%20m%C3%A1s%20de%2056%20millones%20de%20pesos&#038;body=https:\/\/radiorevelacionfm.cl\/?p=45781' aria-hidden='false' data-av_icon='\ue805' data-av_iconfont='entypo-fontello' title='' data-avia-related-tooltip='Compartir por correo'><span class='avia_hidden_link_text'>Compartir por correo<\/span><\/a><\/li><\/ul><\/div><\/div>\n<div  style='height:50px' class='hr hr-invisible   avia-builder-el-8  el_after_av_social_share  el_before_av_comments_list '><span class='hr-inner ' ><span class='hr-inner-style'><\/span><\/span><\/div>\n<div  class='av-buildercomment  av-blog-meta-html-info-disabled av-blog-meta-tag-disabled  '><\/div>\n","protected":false},"excerpt":{"rendered":"","protected":false},"author":1,"featured_media":45782,"comment_status":"open","ping_status":"open","sticky":false,"template":"","format":"standard","meta":{"footnotes":""},"categories":[36],"tags":[],"class_list":["post-45781","post","type-post","status-publish","format-standard","has-post-thumbnail","hentry","category-policial"],"jetpack_featured_media_url":"https:\/\/radiorevelacionfm.cl\/wp-content\/uploads\/2024\/09\/a8f482af-5d27-439f-9070-a48b4b5b55e5-1_optimized-1-1.jpg","_links":{"self":[{"href":"https:\/\/radiorevelacionfm.cl\/index.php?rest_route=\/wp\/v2\/posts\/45781","targetHints":{"allow":["GET"]}}],"collection":[{"href":"https:\/\/radiorevelacionfm.cl\/index.php?rest_route=\/wp\/v2\/posts"}],"about":[{"href":"https:\/\/radiorevelacionfm.cl\/index.php?rest_route=\/wp\/v2\/types\/post"}],"author":[{"embeddable":true,"href":"https:\/\/radiorevelacionfm.cl\/index.php?rest_route=\/wp\/v2\/users\/1"}],"replies":[{"embeddable":true,"href":"https:\/\/radiorevelacionfm.cl\/index.php?rest_route=%2Fwp%2Fv2%2Fcomments&post=45781"}],"version-history":[{"count":1,"href":"https:\/\/radiorevelacionfm.cl\/index.php?rest_route=\/wp\/v2\/posts\/45781\/revisions"}],"predecessor-version":[{"id":45784,"href":"https:\/\/radiorevelacionfm.cl\/index.php?rest_route=\/wp\/v2\/posts\/45781\/revisions\/45784"}],"wp:featuredmedia":[{"embeddable":true,"href":"https:\/\/radiorevelacionfm.cl\/index.php?rest_route=\/wp\/v2\/media\/45782"}],"wp:attachment":[{"href":"https:\/\/radiorevelacionfm.cl\/index.php?rest_route=%2Fwp%2Fv2%2Fmedia&parent=45781"}],"wp:term":[{"taxonomy":"category","embeddable":true,"href":"https:\/\/radiorevelacionfm.cl\/index.php?rest_route=%2Fwp%2Fv2%2Fcategories&post=45781"},{"taxonomy":"post_tag","embeddable":true,"href":"https:\/\/radiorevelacionfm.cl\/index.php?rest_route=%2Fwp%2Fv2%2Ftags&post=45781"}],"curies":[{"name":"wp","href":"https:\/\/api.w.org\/{rel}","templated":true}]}}