{"id":4578,"date":"2021-05-27T12:56:19","date_gmt":"2021-05-27T15:56:19","guid":{"rendered":"https:\/\/radiorevelacionfm.cl\/?p=4578"},"modified":"2021-05-27T12:56:19","modified_gmt":"2021-05-27T15:56:19","slug":"sag-trabaja-en-terreno-para-detectar-tuberculosis-bovina-en-la-region-de-aysen","status":"publish","type":"post","link":"https:\/\/radiorevelacionfm.cl\/?p=4578","title":{"rendered":"SAG trabaja en terreno para detectar Tuberculosis Bovina en la regi\u00f3n de Ays\u00e9n"},"content":{"rendered":"<div class=\"flex_column av_one_full  flex_column_div av-zero-column-padding first  avia-builder-el-0  el_before_av_one_full  avia-builder-el-first  \" style='border-radius:0px; '><div  class='avia-image-container  av-styling-    avia-builder-el-1  avia-builder-el-no-sibling  avia-align-center '  itemprop=\"image\" itemscope=\"itemscope\" itemtype=\"https:\/\/schema.org\/ImageObject\"  ><div class='avia-image-container-inner'><div class='avia-image-overlay-wrap'><img decoding=\"async\" class='wp-image-0 avia-img-lazy-loading-not-0 avia_image' src=\"https:\/\/radiorevelacionfm.cl\/wp-content\/uploads\/2021\/05\/SAG-WA0057-1-1.jpg\" alt='' title=''   itemprop=\"thumbnailUrl\"  \/><\/div><\/div><\/div><\/div><div class=\"flex_column av_one_full  flex_column_div av-zero-column-padding first  avia-builder-el-2  el_after_av_one_full  el_before_av_one_full  column-top-margin\" style='border-radius:0px; '><section class=\"av_textblock_section \"  itemscope=\"itemscope\" itemtype=\"https:\/\/schema.org\/BlogPosting\" itemprop=\"blogPost\" ><div class='avia_textblock  '   itemprop=\"text\" ><p style=\"text-align: center;\"><strong><span style=\"font-size: 18pt;\">SAG trabaja en terreno para detectar Tuberculosis Bovina en la regi\u00f3n de Ays\u00e9n<\/span><\/strong><\/p>\n<div id=\"gtx-trans\" style=\"position: absolute; left: -50px; top: 4.31534px;\">\n<div class=\"gtx-trans-icon\"><\/div>\n<\/div>\n<\/div><\/section><\/div><div class=\"flex_column av_one_full  flex_column_div av-zero-column-padding first  avia-builder-el-4  el_after_av_one_full  el_before_av_hr  column-top-margin\" style='border-radius:0px; '><section class=\"av_textblock_section \"  itemscope=\"itemscope\" itemtype=\"https:\/\/schema.org\/BlogPosting\" itemprop=\"blogPost\" ><div class='avia_textblock  '   itemprop=\"text\" ><p style=\"text-align: justify;\">Con el objetivo de aumentar la competitividad del sector pecuario en la regi\u00f3n de Ays\u00e9n, el Servicio Agr\u00edcola y Ganadero (SAG), se encuentra realizando pruebas diagn\u00f3sticas\u00a0en bovinos\u00a0con un\u00a0reactivo llamado tuberculina en diferentes predios de la regi\u00f3n, esto, enmarcado en el\u00a0Plan de Control y Erradicaci\u00f3n de la Tuberculosis Bovina\u00a0(TB), enfermedad zoon\u00f3tica (se puede transmitir al ser humano), causada por la bacteria\u00a0Mycobacterium bovis.<\/p>\n<p style=\"text-align: justify;\">Nelly Morales Rosas, Encargada Regional de Protecci\u00f3n Pecuaria, se\u00f1ala, \u00abes un Programa Nacional, donde se reconocen zonas de control y erradicaci\u00f3n. Nuestra regi\u00f3n est\u00e1 en la zona de erradicaci\u00f3n sur, donde hay enfermedad, pero en baja prevalencia. Para evitar que esta enfermedad entre a su campo, lo m\u00e1s conveniente es ingresar animales de predios que sean negativos o libres de esta. Adem\u00e1s, al realizar un chequeo peri\u00f3dico a trav\u00e9s de tuberculina, permite mantener un mayor conocimiento del estado sanitario respecto de la enfermedad. Este chequeo lo puede realizar un M\u00e9dico Veterinario Autorizado o un Veterinario del SAG, ante lo cual, para mayor informaci\u00f3n sus consultas las puede efectuar en cualquier oficina SAG de la regi\u00f3n.<\/p>\n<p style=\"text-align: justify;\">Se puede diagnosticar en terreno y matadero. Por ejemplo, cuando se faena un bovino y hay sospechas, en los mataderos se toman muestras y se env\u00edan al laboratorio, si resultan positivas se deben chequear los otros bovinos en el predio, indic\u00f3 Morales<\/p>\n<p style=\"text-align: justify;\">Finalmente, Mat\u00edas Vial Orueta, director regional SAG, realiza un llamado a los ganaderos y ganaderas, \u201ca pesar de que la regi\u00f3n de Ays\u00e9n tiene una baja prevalencia de esta enfermedad, es fundamental la\u00a0colaboraci\u00f3n, el trabajo en conjunto, para la erradicaci\u00f3n de la enfermedad, as\u00ed avanzaremos en el Plan de Erradicaci\u00f3n de Tuberculosis bovina\u201d<\/p>\n<\/div><\/section><\/div><div  style='height:50px' class='hr hr-invisible   avia-builder-el-6  el_after_av_one_full  el_before_av_social_share '><span class='hr-inner ' ><span class='hr-inner-style'><\/span><\/span><\/div><\/p>\n<div  class='av-social-sharing-box  avia-builder-el-7  el_after_av_hr  el_before_av_hr  '><div class='av-share-box'><h5 class='av-share-link-description av-no-toc '>Compartir esta noticia<\/h5><ul class='av-share-box-list noLightbox'><li class='av-share-link av-social-link-facebook' ><a target=\"_blank\" aria-label=\"Compartir en Facebook\" href='https:\/\/www.facebook.com\/sharer.php?u=https:\/\/radiorevelacionfm.cl\/?p=4578&#038;t=SAG%20trabaja%20en%20terreno%20para%20detectar%20Tuberculosis%20Bovina%20en%20la%20regi%C3%B3n%20de%20Ays%C3%A9n' aria-hidden='false' data-av_icon='\ue8f3' data-av_iconfont='entypo-fontello' title='' data-avia-related-tooltip='Compartir en Facebook' rel=\"noopener\"><span class='avia_hidden_link_text'>Compartir en Facebook<\/span><\/a><\/li><li class='av-share-link av-social-link-twitter' ><a target=\"_blank\" aria-label=\"Compartir en Twitter\" href='https:\/\/twitter.com\/share?text=SAG%20trabaja%20en%20terreno%20para%20detectar%20Tuberculosis%20Bovina%20en%20la%20regi%C3%B3n%20de%20Ays%C3%A9n&#038;url=https:\/\/radiorevelacionfm.cl\/?p=4578' aria-hidden='false' data-av_icon='\ue8f1' data-av_iconfont='entypo-fontello' title='' data-avia-related-tooltip='Compartir en Twitter' rel=\"noopener\"><span class='avia_hidden_link_text'>Compartir en Twitter<\/span><\/a><\/li><li class='av-share-link av-social-link-whatsapp' ><a target=\"_blank\" aria-label=\"Compartir en Whatsapp\" href='https:\/\/api.whatsapp.com\/send?text=https:\/\/radiorevelacionfm.cl\/?p=4578' aria-hidden='false' data-av_icon='\uf232' data-av_iconfont='entypo-fontello' title='' data-avia-related-tooltip='Compartir en Whatsapp' rel=\"noopener\"><span class='avia_hidden_link_text'>Compartir en Whatsapp<\/span><\/a><\/li><li class='av-share-link av-social-link-linkedin' ><a target=\"_blank\" aria-label=\"Compartir en LinkedIn\" href='https:\/\/linkedin.com\/shareArticle?mini=true&#038;title=SAG%20trabaja%20en%20terreno%20para%20detectar%20Tuberculosis%20Bovina%20en%20la%20regi%C3%B3n%20de%20Ays%C3%A9n&#038;url=https:\/\/radiorevelacionfm.cl\/?p=4578' aria-hidden='false' data-av_icon='\ue8fc' data-av_iconfont='entypo-fontello' title='' data-avia-related-tooltip='Compartir en LinkedIn' rel=\"noopener\"><span class='avia_hidden_link_text'>Compartir en LinkedIn<\/span><\/a><\/li><li class='av-share-link av-social-link-mail' ><a  aria-label=\"Compartir por correo\" href='mailto:?subject=SAG%20trabaja%20en%20terreno%20para%20detectar%20Tuberculosis%20Bovina%20en%20la%20regi%C3%B3n%20de%20Ays%C3%A9n&#038;body=https:\/\/radiorevelacionfm.cl\/?p=4578' aria-hidden='false' data-av_icon='\ue805' data-av_iconfont='entypo-fontello' title='' data-avia-related-tooltip='Compartir por correo'><span class='avia_hidden_link_text'>Compartir por correo<\/span><\/a><\/li><\/ul><\/div><\/div>\n<div  style='height:50px' class='hr hr-invisible   avia-builder-el-8  el_after_av_social_share  el_before_av_comments_list '><span class='hr-inner ' ><span class='hr-inner-style'><\/span><\/span><\/div>\n<div  class='av-buildercomment  av-blog-meta-html-info-disabled av-blog-meta-tag-disabled  '><\/div>\n","protected":false},"excerpt":{"rendered":"","protected":false},"author":1,"featured_media":0,"comment_status":"open","ping_status":"open","sticky":false,"template":"","format":"standard","meta":{"footnotes":""},"categories":[58],"tags":[],"class_list":["post-4578","post","type-post","status-publish","format-standard","hentry","category-agricultura"],"jetpack_featured_media_url":"","_links":{"self":[{"href":"https:\/\/radiorevelacionfm.cl\/index.php?rest_route=\/wp\/v2\/posts\/4578","targetHints":{"allow":["GET"]}}],"collection":[{"href":"https:\/\/radiorevelacionfm.cl\/index.php?rest_route=\/wp\/v2\/posts"}],"about":[{"href":"https:\/\/radiorevelacionfm.cl\/index.php?rest_route=\/wp\/v2\/types\/post"}],"author":[{"embeddable":true,"href":"https:\/\/radiorevelacionfm.cl\/index.php?rest_route=\/wp\/v2\/users\/1"}],"replies":[{"embeddable":true,"href":"https:\/\/radiorevelacionfm.cl\/index.php?rest_route=%2Fwp%2Fv2%2Fcomments&post=4578"}],"version-history":[{"count":1,"href":"https:\/\/radiorevelacionfm.cl\/index.php?rest_route=\/wp\/v2\/posts\/4578\/revisions"}],"predecessor-version":[{"id":4580,"href":"https:\/\/radiorevelacionfm.cl\/index.php?rest_route=\/wp\/v2\/posts\/4578\/revisions\/4580"}],"wp:attachment":[{"href":"https:\/\/radiorevelacionfm.cl\/index.php?rest_route=%2Fwp%2Fv2%2Fmedia&parent=4578"}],"wp:term":[{"taxonomy":"category","embeddable":true,"href":"https:\/\/radiorevelacionfm.cl\/index.php?rest_route=%2Fwp%2Fv2%2Fcategories&post=4578"},{"taxonomy":"post_tag","embeddable":true,"href":"https:\/\/radiorevelacionfm.cl\/index.php?rest_route=%2Fwp%2Fv2%2Ftags&post=4578"}],"curies":[{"name":"wp","href":"https:\/\/api.w.org\/{rel}","templated":true}]}}