{"id":45776,"date":"2024-09-02T19:50:25","date_gmt":"2024-09-02T22:50:25","guid":{"rendered":"https:\/\/radiorevelacionfm.cl\/?p=45776"},"modified":"2024-09-11T19:14:43","modified_gmt":"2024-09-11T22:14:43","slug":"omar-munoz-califica-de-dramatica-la-ejecucion-presupuestaria-del-gore-aysen","status":"publish","type":"post","link":"https:\/\/radiorevelacionfm.cl\/?p=45776","title":{"rendered":"Omar Mu\u00f1oz califica de \u201cdram\u00e1tica\u201d la ejecuci\u00f3n presupuestaria del GORE Ays\u00e9n"},"content":{"rendered":"<div class=\"flex_column av_one_full  flex_column_div av-zero-column-padding first  avia-builder-el-0  el_before_av_one_full  avia-builder-el-first  \" style='border-radius:0px; '><div  class='avia-image-container  av-styling-    avia-builder-el-1  avia-builder-el-no-sibling  avia-align-center '  itemprop=\"image\" itemscope=\"itemscope\" itemtype=\"https:\/\/schema.org\/ImageObject\"  ><div class='avia-image-container-inner'><div class='avia-image-overlay-wrap'><img decoding=\"async\" class='wp-image-45777 avia-img-lazy-loading-not-45777 avia_image' src=\"https:\/\/radiorevelacionfm.cl\/wp-content\/uploads\/2024\/09\/Omar-Munoz-11-1-1.jpg\" alt='' title='Omar Mu\u00f1oz (11) (1) (1)' height=\"705\" width=\"800\"  itemprop=\"thumbnailUrl\" srcset=\"https:\/\/radiorevelacionfm.cl\/wp-content\/uploads\/2024\/09\/Omar-Munoz-11-1-1.jpg 800w, https:\/\/radiorevelacionfm.cl\/wp-content\/uploads\/2024\/09\/Omar-Munoz-11-1-1-300x264.jpg 300w, https:\/\/radiorevelacionfm.cl\/wp-content\/uploads\/2024\/09\/Omar-Munoz-11-1-1-768x677.jpg 768w, https:\/\/radiorevelacionfm.cl\/wp-content\/uploads\/2024\/09\/Omar-Munoz-11-1-1-705x621.jpg 705w, https:\/\/radiorevelacionfm.cl\/wp-content\/uploads\/2024\/09\/Omar-Munoz-11-1-1-450x397.jpg 450w, https:\/\/radiorevelacionfm.cl\/wp-content\/uploads\/2024\/09\/Omar-Munoz-11-1-1-600x529.jpg 600w\" sizes=\"(max-width: 800px) 100vw, 800px\" \/><\/div><\/div><\/div><\/div><div class=\"flex_column av_one_full  flex_column_div av-zero-column-padding first  avia-builder-el-2  el_after_av_one_full  el_before_av_one_full  column-top-margin\" style='border-radius:0px; '><section class=\"av_textblock_section \"  itemscope=\"itemscope\" itemtype=\"https:\/\/schema.org\/BlogPosting\" itemprop=\"blogPost\" ><div class='avia_textblock  '   itemprop=\"text\" ><p style=\"text-align: center;\"><strong><span style=\"font-size: 18pt;\">Omar Mu\u00f1oz califica de \u201cdram\u00e1tica\u201d la ejecuci\u00f3n presupuestaria del GORE Ays\u00e9n <\/span><\/strong><\/p>\n<div id=\"gtx-trans\" style=\"position: absolute; left: -50px; top: 4.31534px;\">\n<div class=\"gtx-trans-icon\"><\/div>\n<\/div>\n<\/div><\/section><\/div><div class=\"flex_column av_one_full  flex_column_div av-zero-column-padding first  avia-builder-el-4  el_after_av_one_full  el_before_av_hr  column-top-margin\" style='border-radius:0px; '><section class=\"av_textblock_section \"  itemscope=\"itemscope\" itemtype=\"https:\/\/schema.org\/BlogPosting\" itemprop=\"blogPost\" ><div class='avia_textblock  '   itemprop=\"text\" ><p style=\"text-align: justify;\"><em>El consejero representante de la Provincia de Coyhaique afirm\u00f3 que la responsabilidad de esta situaci\u00f3n recae \u201cen la Gobernadora Andrea Mac\u00edas y su equipo de gesti\u00f3n\u201d.<\/em><\/p>\n<p style=\"text-align: justify;\">Como \u201cdram\u00e1tica\u201d calific\u00f3 el consejero regional por la Provincia de Coyhaique, Omar Mu\u00f1oz Sierra la cifra de 13,3% de ejecuci\u00f3n presupuestaria, a julio de 2024, en la regi\u00f3n de Ays\u00e9n, dada a conocer recientemente por la Direcci\u00f3n de Presupuesto (DIPRES), dependiente del Ministerio de Hacienda.<\/p>\n<p style=\"text-align: justify;\">El tambi\u00e9n vicepresidente de la Comisi\u00f3n de Presupuestos e Inversiones del Consejo Regional, afirm\u00f3 que \u201cla responsabilidad inmediata de esta situaci\u00f3n es de la Gobernadora Andrea Mac\u00edas y su equipo de gesti\u00f3n\u201d, precisando que la cifra equivale a un gasto de M$10.988.114, de un presupuesto vigente de M$ 82.538.463.<\/p>\n<p style=\"text-align: justify;\">Seg\u00fan el CORE, esto explica en gran parte la compleja situaci\u00f3n econ\u00f3mica que vive la regi\u00f3n, \u201creflejada en la ca\u00edda de los empleos, la disminuci\u00f3n de ingresos de las familias, el drama que viven las MIPYMEs, entre otras\u201d, criticando que, con esto, Ays\u00e9n sigue relegado al \u00faltimo lugar del ranking. \u201cLos dem\u00e1s Gobiernos Regionales nos sacan mucha ventaja y se disparan. Lo \u00f3ptimo a la fecha ser\u00eda un gasto de sobre el 50%\u201d, puntualiz\u00f3.<\/p>\n<p style=\"text-align: justify;\">Seg\u00fan Mu\u00f1oz, pese a que el Consejo Regional ha aprobado gran cantidad de programas y proyectos y ha realizado distintas propuestas, \u201ces el trabajo del Ejecutivo Regional lo que est\u00e1 fallando desde un inicio\u201d, lamentando que por m\u00e1s compromiso y colaboraci\u00f3n que realice el Consejo Regional, \u201csiempre quedaremos a expensas del trabajo y capacidad de gesti\u00f3n del Ejecutivo Regional y su equipo\u201d.<\/p>\n<p style=\"text-align: justify;\">\u201cAl Gobernador Regional le corresponde ejecutar los acuerdos del Consejo y ese trabajo se est\u00e1 haciendo mal\u201d, cuestionando que esta situaci\u00f3n se repita a\u00f1o tras a\u00f1o.<\/p>\n<p style=\"text-align: justify;\">\u201cLa regi\u00f3n no puede darse el lujo de seguir perdiendo recursos. Por ello, la gesti\u00f3n administrativa del\u00a0Gobierno Regional debe cambiar. Es imperioso mejorar la gesti\u00f3n; la regi\u00f3n necesita mayor eficiencia\u201d, concluy\u00f3.<\/p>\n<\/div><\/section><\/div><div  style='height:50px' class='hr hr-invisible   avia-builder-el-6  el_after_av_one_full  el_before_av_social_share '><span class='hr-inner ' ><span class='hr-inner-style'><\/span><\/span><\/div><\/p>\n<div  class='av-social-sharing-box  avia-builder-el-7  el_after_av_hr  el_before_av_hr  '><div class='av-share-box'><h5 class='av-share-link-description av-no-toc '>Compartir esta noticia<\/h5><ul class='av-share-box-list noLightbox'><li class='av-share-link av-social-link-facebook' ><a target=\"_blank\" aria-label=\"Compartir en Facebook\" href='https:\/\/www.facebook.com\/sharer.php?u=https:\/\/radiorevelacionfm.cl\/?p=45776&#038;t=Omar%20Mu%C3%B1oz%20califica%20de%20%E2%80%9Cdram%C3%A1tica%E2%80%9D%20la%20ejecuci%C3%B3n%20presupuestaria%20del%20GORE%20Ays%C3%A9n' aria-hidden='false' data-av_icon='\ue8f3' data-av_iconfont='entypo-fontello' title='' data-avia-related-tooltip='Compartir en Facebook' rel=\"noopener\"><span class='avia_hidden_link_text'>Compartir en Facebook<\/span><\/a><\/li><li class='av-share-link av-social-link-twitter' ><a target=\"_blank\" aria-label=\"Compartir en Twitter\" href='https:\/\/twitter.com\/share?text=Omar%20Mu%C3%B1oz%20califica%20de%20%E2%80%9Cdram%C3%A1tica%E2%80%9D%20la%20ejecuci%C3%B3n%20presupuestaria%20del%20GORE%20Ays%C3%A9n&#038;url=https:\/\/radiorevelacionfm.cl\/?p=45776' aria-hidden='false' data-av_icon='\ue8f1' data-av_iconfont='entypo-fontello' title='' data-avia-related-tooltip='Compartir en Twitter' rel=\"noopener\"><span class='avia_hidden_link_text'>Compartir en Twitter<\/span><\/a><\/li><li class='av-share-link av-social-link-whatsapp' ><a target=\"_blank\" aria-label=\"Compartir en Whatsapp\" href='https:\/\/api.whatsapp.com\/send?text=https:\/\/radiorevelacionfm.cl\/?p=45776' aria-hidden='false' data-av_icon='\uf232' data-av_iconfont='entypo-fontello' title='' data-avia-related-tooltip='Compartir en Whatsapp' rel=\"noopener\"><span class='avia_hidden_link_text'>Compartir en Whatsapp<\/span><\/a><\/li><li class='av-share-link av-social-link-linkedin' ><a target=\"_blank\" aria-label=\"Compartir en LinkedIn\" href='https:\/\/linkedin.com\/shareArticle?mini=true&#038;title=Omar%20Mu%C3%B1oz%20califica%20de%20%E2%80%9Cdram%C3%A1tica%E2%80%9D%20la%20ejecuci%C3%B3n%20presupuestaria%20del%20GORE%20Ays%C3%A9n&#038;url=https:\/\/radiorevelacionfm.cl\/?p=45776' aria-hidden='false' data-av_icon='\ue8fc' data-av_iconfont='entypo-fontello' title='' data-avia-related-tooltip='Compartir en LinkedIn' rel=\"noopener\"><span class='avia_hidden_link_text'>Compartir en LinkedIn<\/span><\/a><\/li><li class='av-share-link av-social-link-mail' ><a  aria-label=\"Compartir por correo\" href='mailto:?subject=Omar%20Mu%C3%B1oz%20califica%20de%20%E2%80%9Cdram%C3%A1tica%E2%80%9D%20la%20ejecuci%C3%B3n%20presupuestaria%20del%20GORE%20Ays%C3%A9n&#038;body=https:\/\/radiorevelacionfm.cl\/?p=45776' aria-hidden='false' data-av_icon='\ue805' data-av_iconfont='entypo-fontello' title='' data-avia-related-tooltip='Compartir por correo'><span class='avia_hidden_link_text'>Compartir por correo<\/span><\/a><\/li><\/ul><\/div><\/div>\n<div  style='height:50px' class='hr hr-invisible   avia-builder-el-8  el_after_av_social_share  el_before_av_comments_list '><span class='hr-inner ' ><span class='hr-inner-style'><\/span><\/span><\/div>\n<div  class='av-buildercomment  av-blog-meta-html-info-disabled av-blog-meta-tag-disabled  '><\/div>\n","protected":false},"excerpt":{"rendered":"","protected":false},"author":1,"featured_media":45777,"comment_status":"open","ping_status":"open","sticky":false,"template":"","format":"standard","meta":{"footnotes":""},"categories":[35],"tags":[],"class_list":["post-45776","post","type-post","status-publish","format-standard","has-post-thumbnail","hentry","category-politica"],"jetpack_featured_media_url":"https:\/\/radiorevelacionfm.cl\/wp-content\/uploads\/2024\/09\/Omar-Munoz-11-1-1.jpg","_links":{"self":[{"href":"https:\/\/radiorevelacionfm.cl\/index.php?rest_route=\/wp\/v2\/posts\/45776","targetHints":{"allow":["GET"]}}],"collection":[{"href":"https:\/\/radiorevelacionfm.cl\/index.php?rest_route=\/wp\/v2\/posts"}],"about":[{"href":"https:\/\/radiorevelacionfm.cl\/index.php?rest_route=\/wp\/v2\/types\/post"}],"author":[{"embeddable":true,"href":"https:\/\/radiorevelacionfm.cl\/index.php?rest_route=\/wp\/v2\/users\/1"}],"replies":[{"embeddable":true,"href":"https:\/\/radiorevelacionfm.cl\/index.php?rest_route=%2Fwp%2Fv2%2Fcomments&post=45776"}],"version-history":[{"count":1,"href":"https:\/\/radiorevelacionfm.cl\/index.php?rest_route=\/wp\/v2\/posts\/45776\/revisions"}],"predecessor-version":[{"id":45778,"href":"https:\/\/radiorevelacionfm.cl\/index.php?rest_route=\/wp\/v2\/posts\/45776\/revisions\/45778"}],"wp:featuredmedia":[{"embeddable":true,"href":"https:\/\/radiorevelacionfm.cl\/index.php?rest_route=\/wp\/v2\/media\/45777"}],"wp:attachment":[{"href":"https:\/\/radiorevelacionfm.cl\/index.php?rest_route=%2Fwp%2Fv2%2Fmedia&parent=45776"}],"wp:term":[{"taxonomy":"category","embeddable":true,"href":"https:\/\/radiorevelacionfm.cl\/index.php?rest_route=%2Fwp%2Fv2%2Fcategories&post=45776"},{"taxonomy":"post_tag","embeddable":true,"href":"https:\/\/radiorevelacionfm.cl\/index.php?rest_route=%2Fwp%2Fv2%2Ftags&post=45776"}],"curies":[{"name":"wp","href":"https:\/\/api.w.org\/{rel}","templated":true}]}}