{"id":45768,"date":"2024-09-02T21:25:29","date_gmt":"2024-09-03T00:25:29","guid":{"rendered":"https:\/\/radiorevelacionfm.cl\/?p=45768"},"modified":"2024-09-02T21:25:29","modified_gmt":"2024-09-03T00:25:29","slug":"uaysen-implementa-su-primera-red-de-titulados-y-tituladas","status":"publish","type":"post","link":"https:\/\/radiorevelacionfm.cl\/?p=45768","title":{"rendered":"UAys\u00e9n implementa su primera Red de Titulados y Tituladas"},"content":{"rendered":"<div class=\"flex_column av_one_full  flex_column_div av-zero-column-padding first  avia-builder-el-0  el_before_av_one_full  avia-builder-el-first  \" style='border-radius:0px; '><div  class='avia-image-container  av-styling-    avia-builder-el-1  avia-builder-el-no-sibling  avia-align-center '  itemprop=\"image\" itemscope=\"itemscope\" itemtype=\"https:\/\/schema.org\/ImageObject\"  ><div class='avia-image-container-inner'><div class='avia-image-overlay-wrap'><img decoding=\"async\" class='wp-image-45769 avia-img-lazy-loading-not-45769 avia_image' src=\"https:\/\/radiorevelacionfm.cl\/wp-content\/uploads\/2024\/09\/red-titulados-2-1_optimized.jpeg\" alt='' title='red-titulados-2-(1)_optimized' height=\"600\" width=\"900\"  itemprop=\"thumbnailUrl\" srcset=\"https:\/\/radiorevelacionfm.cl\/wp-content\/uploads\/2024\/09\/red-titulados-2-1_optimized.jpeg 900w, https:\/\/radiorevelacionfm.cl\/wp-content\/uploads\/2024\/09\/red-titulados-2-1_optimized-300x200.jpeg 300w, https:\/\/radiorevelacionfm.cl\/wp-content\/uploads\/2024\/09\/red-titulados-2-1_optimized-768x512.jpeg 768w, https:\/\/radiorevelacionfm.cl\/wp-content\/uploads\/2024\/09\/red-titulados-2-1_optimized-705x470.jpeg 705w, https:\/\/radiorevelacionfm.cl\/wp-content\/uploads\/2024\/09\/red-titulados-2-1_optimized-450x300.jpeg 450w, https:\/\/radiorevelacionfm.cl\/wp-content\/uploads\/2024\/09\/red-titulados-2-1_optimized-600x400.jpeg 600w\" sizes=\"(max-width: 900px) 100vw, 900px\" \/><\/div><\/div><\/div><\/div><div class=\"flex_column av_one_full  flex_column_div av-zero-column-padding first  avia-builder-el-2  el_after_av_one_full  el_before_av_one_full  column-top-margin\" style='border-radius:0px; '><section class=\"av_textblock_section \"  itemscope=\"itemscope\" itemtype=\"https:\/\/schema.org\/BlogPosting\" itemprop=\"blogPost\" ><div class='avia_textblock  '   itemprop=\"text\" ><p style=\"text-align: center;\"><strong><span style=\"font-size: 18pt;\">UAys\u00e9n implementa su primera Red de Titulados y Tituladas<\/span><\/strong><\/p>\n<div id=\"gtx-trans\" style=\"position: absolute; left: -50px; top: 4.31534px;\">\n<div class=\"gtx-trans-icon\"><\/div>\n<\/div>\n<\/div><\/section><\/div><div class=\"flex_column av_one_full  flex_column_div av-zero-column-padding first  avia-builder-el-4  el_after_av_one_full  el_before_av_hr  column-top-margin\" style='border-radius:0px; '><section class=\"av_textblock_section \"  itemscope=\"itemscope\" itemtype=\"https:\/\/schema.org\/BlogPosting\" itemprop=\"blogPost\" ><div class='avia_textblock  '   itemprop=\"text\" ><p class=\"v1MsoNormal\" style=\"text-align: justify;\"><em><span lang=\"es\">Ya son 77 los y las j\u00f3venes que se han titulado de la casa de estudios regional y estatal y por primera vez se reunieron para fortalecer lazos y proyectarse en conjunto con la universidad.<\/span><\/em><\/p>\n<p class=\"v1MsoNormal\" style=\"text-align: justify;\"><span lang=\"es\">El pasado viernes 30 de agosto, la Universidad de Ays\u00e9n implement\u00f3 la Red de Titulados y Tituladas de la casa de estudios estatal y regional. A la oportunidad asistieron 21 j\u00f3venes egresados quienes participaron de la primera reuni\u00f3n que tuvo como finalidad proyectar un trabajo conjunto con su alma mater para estrechar v\u00ednculos y establecer l\u00edneas de trabajo en torno a tem\u00e1ticas como programas de inserci\u00f3n laboral, posibles capacitaciones, educaci\u00f3n continua y bolsa de empleo, entre otros aspectos.<\/span><\/p>\n<p class=\"v1MsoNormal\" style=\"text-align: justify;\"><span lang=\"es\">En la oportunidad, el administrador provisional de la Universidad de Ays\u00e9n, Juan Pablo Prieto Cox, valor\u00f3 esta importante instancia para los titulados y tituladas. \u00abBueno, hoy d\u00eda estamos inaugurando una muy linda red, la Red de Titulados de la Universidad Ays\u00e9n. Partimos esta reuni\u00f3n con las personas que ya han egresado de nuestras aulas y con las cuales buscamos darles un espacio de trabajo conjunto. Buscamos entender c\u00f3mo es su desarrollo, qu\u00e9 necesidades tienen, c\u00f3mo han sido formados por la universidad y al mismo tiempo, lograr que esta red se intercomunique, que ellos tambi\u00e9n se fortalezcan como profesionales\u00bb, puntualiz\u00f3.<\/span><\/p>\n<p class=\"v1MsoNormal\" style=\"text-align: justify;\"><span lang=\"es\">A su vez, Prieto Cox manifest\u00f3 la importancia del acompa\u00f1amiento de la casa de estudios a los titulados. \u00abTambi\u00e9n vamos a estar dise\u00f1ando beneficios para nuestros titulados y tituladas, de manera que ellos tambi\u00e9n se enriquezcan, crezcan profesionalmente y con ello, puedan seguir un desarrollo pleno en sus carreras profesionales, acad\u00e9micas, en lo que ellos quieran emprender y en ese contexto, la Universidad va a ir constituyendo ciertos programas formativos y beneficios para los titulados. Estamos muy felices del inicio, esta es una red seguir\u00e1 creciendo, ya tenemos 77 titulados y tituladas y esperamos que en la medida que crezca esto beneficie a todos ellos en su desarrollo\u00bb, enfatiz\u00f3.<\/span><\/p>\n<p class=\"v1MsoNormal\" style=\"text-align: justify;\"><span lang=\"es\">Por su parte Math\u00edas Legue, titulado de la carrera de Ingenier\u00eda Forestal de la Universidad de Ays\u00e9n, quien actualmente se encuentra trabajando en una consultora en Puerto Montt, se declar\u00f3 entusiasmado con la implementaci\u00f3n de esta Red. \u00abEsta iniciativa me permite a m\u00ed volver a conectarme con mis profesores, con mis compa\u00f1eros, ahora colegas tambi\u00e9n y con otros profesionales de otras carreras, y de verdad me gusta mantenerme con ese esp\u00edritu como de uni\u00f3n que tiene la Universidad de Ays\u00e9n, que es por lo que la caracteriza y lo que yo pude experimentar durante los cinco a\u00f1os de mi formaci\u00f3n, y la Red de Titulados de verdad que me permite mantener el contacto, sobre todo para m\u00ed, que estoy trabajando tambi\u00e9n en otra regi\u00f3n, pero tambi\u00e9n hago algunos proyectos ac\u00e1, as\u00ed que seguir manteniendo el contacto con mi alma mater, me permite seguir tambi\u00e9n buscando otras oportunidades, por ejemplo, con el tema de la formaci\u00f3n continua, hacer alg\u00fan diplomado, alg\u00fan posgrado, y retroalimentar tambi\u00e9n lo que se ve en el \u00e1mbito ambiental, en este caso, para la carrera de Ingenier\u00eda Forestal o de Ciencias Naturales, as\u00ed que de verdad es un honor, un orgullo poder estar aqu\u00ed, y estar representando tambi\u00e9n a mi universidad, a mi regi\u00f3n, en otra regi\u00f3n que en este caso es la Regi\u00f3n de Los Lagos\u00bb, manifest\u00f3 el ingeniero Forestal UAys\u00e9n.<\/span><\/p>\n<p class=\"v1MsoNormal\" style=\"text-align: justify;\"><span lang=\"es\">En el mismo tenor, Bel\u00e9n Saldivia, Trabajadora Social titulada de la UAys\u00e9n manifest\u00f3 su entusiasmo con la implementaci\u00f3n de esta iniciativa. \u00abMe parece s\u00faper interesante en verdad que se haya generado esta instancia, porque suele pasar que uno sale de la universidad y no hay m\u00e1s despu\u00e9s, \u00bfcierto? As\u00ed que me parece que como la Universidad de Ays\u00e9n es nueva y tiene una posici\u00f3n diferente respecto a varias cosas, me parece interesante que se mantenga este contacto, porque para m\u00ed es como lo m\u00e1s fundamental, es s\u00faper importante que se genere y qu\u00e9 mejor que entre nosotros mismos. Me parece importante tener la oportunidad de acceder a educaci\u00f3n continua, quiz\u00e1 no en algo tan grande como un diplomado, pero s\u00ed ir tomando cursos como especializados. Eso, complet\u00e9 mi encuesta y puse que es lo que me ha interesado. De repente uno se inserta en un \u00e1rea laboral y siempre va a ver cosas m\u00e1s puntuales que ir aprendiendo. Entonces creo que eso ser\u00eda s\u00faper \u00fatil, as\u00ed que estar\u00e9 atenta ah\u00ed para participar\u00bb, se\u00f1al\u00f3 la trabajadora social.<\/span><\/p>\n<p class=\"v1MsoNormal\" style=\"text-align: justify;\"><span lang=\"es\">Finalmente, cabe se\u00f1alar que la Red de Titulados y Tituladas de la U Ays\u00e9n continuar\u00e1 funcionando y se espera que m\u00e1s profesionales de la casa de estudios de vayan incorporando activamente a esta iniciativa colaborativa.<\/span><\/p>\n<\/div><\/section><\/div><div  style='height:50px' class='hr hr-invisible   avia-builder-el-6  el_after_av_one_full  el_before_av_social_share '><span class='hr-inner ' ><span class='hr-inner-style'><\/span><\/span><\/div><\/p>\n<div  class='av-social-sharing-box  avia-builder-el-7  el_after_av_hr  el_before_av_hr  '><div class='av-share-box'><h5 class='av-share-link-description av-no-toc '>Compartir esta noticia<\/h5><ul class='av-share-box-list noLightbox'><li class='av-share-link av-social-link-facebook' ><a target=\"_blank\" aria-label=\"Compartir en Facebook\" href='https:\/\/www.facebook.com\/sharer.php?u=https:\/\/radiorevelacionfm.cl\/?p=45768&#038;t=UAys%C3%A9n%20implementa%20su%20primera%20Red%20de%20Titulados%20y%20Tituladas' aria-hidden='false' data-av_icon='\ue8f3' data-av_iconfont='entypo-fontello' title='' data-avia-related-tooltip='Compartir en Facebook' rel=\"noopener\"><span class='avia_hidden_link_text'>Compartir en Facebook<\/span><\/a><\/li><li class='av-share-link av-social-link-twitter' ><a target=\"_blank\" aria-label=\"Compartir en Twitter\" href='https:\/\/twitter.com\/share?text=UAys%C3%A9n%20implementa%20su%20primera%20Red%20de%20Titulados%20y%20Tituladas&#038;url=https:\/\/radiorevelacionfm.cl\/?p=45768' aria-hidden='false' data-av_icon='\ue8f1' data-av_iconfont='entypo-fontello' title='' data-avia-related-tooltip='Compartir en Twitter' rel=\"noopener\"><span class='avia_hidden_link_text'>Compartir en Twitter<\/span><\/a><\/li><li class='av-share-link av-social-link-whatsapp' ><a target=\"_blank\" aria-label=\"Compartir en Whatsapp\" href='https:\/\/api.whatsapp.com\/send?text=https:\/\/radiorevelacionfm.cl\/?p=45768' aria-hidden='false' data-av_icon='\uf232' data-av_iconfont='entypo-fontello' title='' data-avia-related-tooltip='Compartir en Whatsapp' rel=\"noopener\"><span class='avia_hidden_link_text'>Compartir en Whatsapp<\/span><\/a><\/li><li class='av-share-link av-social-link-linkedin' ><a target=\"_blank\" aria-label=\"Compartir en LinkedIn\" href='https:\/\/linkedin.com\/shareArticle?mini=true&#038;title=UAys%C3%A9n%20implementa%20su%20primera%20Red%20de%20Titulados%20y%20Tituladas&#038;url=https:\/\/radiorevelacionfm.cl\/?p=45768' aria-hidden='false' data-av_icon='\ue8fc' data-av_iconfont='entypo-fontello' title='' data-avia-related-tooltip='Compartir en LinkedIn' rel=\"noopener\"><span class='avia_hidden_link_text'>Compartir en LinkedIn<\/span><\/a><\/li><li class='av-share-link av-social-link-mail' ><a  aria-label=\"Compartir por correo\" href='mailto:?subject=UAys%C3%A9n%20implementa%20su%20primera%20Red%20de%20Titulados%20y%20Tituladas&#038;body=https:\/\/radiorevelacionfm.cl\/?p=45768' aria-hidden='false' data-av_icon='\ue805' data-av_iconfont='entypo-fontello' title='' data-avia-related-tooltip='Compartir por correo'><span class='avia_hidden_link_text'>Compartir por correo<\/span><\/a><\/li><\/ul><\/div><\/div>\n<div  style='height:50px' class='hr hr-invisible   avia-builder-el-8  el_after_av_social_share  el_before_av_comments_list '><span class='hr-inner ' ><span class='hr-inner-style'><\/span><\/span><\/div>\n<div  class='av-buildercomment  av-blog-meta-html-info-disabled av-blog-meta-tag-disabled  '><\/div>\n","protected":false},"excerpt":{"rendered":"","protected":false},"author":1,"featured_media":45769,"comment_status":"open","ping_status":"open","sticky":false,"template":"","format":"standard","meta":{"footnotes":""},"categories":[49],"tags":[],"class_list":["post-45768","post","type-post","status-publish","format-standard","has-post-thumbnail","hentry","category-educacion"],"jetpack_featured_media_url":"https:\/\/radiorevelacionfm.cl\/wp-content\/uploads\/2024\/09\/red-titulados-2-1_optimized.jpeg","_links":{"self":[{"href":"https:\/\/radiorevelacionfm.cl\/index.php?rest_route=\/wp\/v2\/posts\/45768","targetHints":{"allow":["GET"]}}],"collection":[{"href":"https:\/\/radiorevelacionfm.cl\/index.php?rest_route=\/wp\/v2\/posts"}],"about":[{"href":"https:\/\/radiorevelacionfm.cl\/index.php?rest_route=\/wp\/v2\/types\/post"}],"author":[{"embeddable":true,"href":"https:\/\/radiorevelacionfm.cl\/index.php?rest_route=\/wp\/v2\/users\/1"}],"replies":[{"embeddable":true,"href":"https:\/\/radiorevelacionfm.cl\/index.php?rest_route=%2Fwp%2Fv2%2Fcomments&post=45768"}],"version-history":[{"count":1,"href":"https:\/\/radiorevelacionfm.cl\/index.php?rest_route=\/wp\/v2\/posts\/45768\/revisions"}],"predecessor-version":[{"id":45770,"href":"https:\/\/radiorevelacionfm.cl\/index.php?rest_route=\/wp\/v2\/posts\/45768\/revisions\/45770"}],"wp:featuredmedia":[{"embeddable":true,"href":"https:\/\/radiorevelacionfm.cl\/index.php?rest_route=\/wp\/v2\/media\/45769"}],"wp:attachment":[{"href":"https:\/\/radiorevelacionfm.cl\/index.php?rest_route=%2Fwp%2Fv2%2Fmedia&parent=45768"}],"wp:term":[{"taxonomy":"category","embeddable":true,"href":"https:\/\/radiorevelacionfm.cl\/index.php?rest_route=%2Fwp%2Fv2%2Fcategories&post=45768"},{"taxonomy":"post_tag","embeddable":true,"href":"https:\/\/radiorevelacionfm.cl\/index.php?rest_route=%2Fwp%2Fv2%2Ftags&post=45768"}],"curies":[{"name":"wp","href":"https:\/\/api.w.org\/{rel}","templated":true}]}}