{"id":45763,"date":"2024-09-03T10:46:32","date_gmt":"2024-09-03T13:46:32","guid":{"rendered":"https:\/\/radiorevelacionfm.cl\/?p=45763"},"modified":"2024-09-03T10:46:32","modified_gmt":"2024-09-03T13:46:32","slug":"sistema-de-admision-escolar-sae-recibio-mas-de-2-mil-800-postulaciones-en-la-region-de-aysen","status":"publish","type":"post","link":"https:\/\/radiorevelacionfm.cl\/?p=45763","title":{"rendered":"Sistema de Admisi\u00f3n Escolar (SAE) recibi\u00f3 m\u00e1s de 2 mil 800 postulaciones en la regi\u00f3n de Ays\u00e9n"},"content":{"rendered":"<div class=\"flex_column av_one_full  flex_column_div av-zero-column-padding first  avia-builder-el-0  el_before_av_one_full  avia-builder-el-first  \" style='border-radius:0px; '><div  class='avia-image-container  av-styling-    avia-builder-el-1  avia-builder-el-no-sibling  avia-align-center '  itemprop=\"image\" itemscope=\"itemscope\" itemtype=\"https:\/\/schema.org\/ImageObject\"  ><div class='avia-image-container-inner'><div class='avia-image-overlay-wrap'><img decoding=\"async\" class='wp-image-45764 avia-img-lazy-loading-not-45764 avia_image' src=\"https:\/\/radiorevelacionfm.cl\/wp-content\/uploads\/2024\/09\/sae-1_optimized-1.jpg\" alt='' title='sae-(1)_optimized (1)' height=\"600\" width=\"1000\"  itemprop=\"thumbnailUrl\" srcset=\"https:\/\/radiorevelacionfm.cl\/wp-content\/uploads\/2024\/09\/sae-1_optimized-1.jpg 1000w, https:\/\/radiorevelacionfm.cl\/wp-content\/uploads\/2024\/09\/sae-1_optimized-1-300x180.jpg 300w, https:\/\/radiorevelacionfm.cl\/wp-content\/uploads\/2024\/09\/sae-1_optimized-1-768x461.jpg 768w, https:\/\/radiorevelacionfm.cl\/wp-content\/uploads\/2024\/09\/sae-1_optimized-1-705x423.jpg 705w, https:\/\/radiorevelacionfm.cl\/wp-content\/uploads\/2024\/09\/sae-1_optimized-1-450x270.jpg 450w, https:\/\/radiorevelacionfm.cl\/wp-content\/uploads\/2024\/09\/sae-1_optimized-1-600x360.jpg 600w\" sizes=\"(max-width: 1000px) 100vw, 1000px\" \/><\/div><\/div><\/div><\/div><div class=\"flex_column av_one_full  flex_column_div av-zero-column-padding first  avia-builder-el-2  el_after_av_one_full  el_before_av_one_full  column-top-margin\" style='border-radius:0px; '><section class=\"av_textblock_section \"  itemscope=\"itemscope\" itemtype=\"https:\/\/schema.org\/BlogPosting\" itemprop=\"blogPost\" ><div class='avia_textblock  '   itemprop=\"text\" ><p style=\"text-align: center;\"><span style=\"font-size: 18pt;\"><b>Sistema de Admisi\u00f3n Escolar (SAE) recibi\u00f3 m\u00e1s de 2 mil 800 postulaciones en la regi\u00f3n de Ays\u00e9n<\/b><\/span><\/p>\n<div id=\"gtx-trans\" style=\"position: absolute; left: -50px; top: 4.31534px;\">\n<div class=\"gtx-trans-icon\"><\/div>\n<\/div>\n<\/div><\/section><\/div><div class=\"flex_column av_one_full  flex_column_div av-zero-column-padding first  avia-builder-el-4  el_after_av_one_full  el_before_av_hr  column-top-margin\" style='border-radius:0px; '><section class=\"av_textblock_section \"  itemscope=\"itemscope\" itemtype=\"https:\/\/schema.org\/BlogPosting\" itemprop=\"blogPost\" ><div class='avia_textblock  '   itemprop=\"text\" ><p class=\"v1MsoNormal\" style=\"text-align: justify;\">El Ministerio de Educaci\u00f3n informa que el Sistema de Admisi\u00f3n Escolar (SAE) recibi\u00f3 m\u00e1s de 473 mil postulaciones de estudiantes de todo el pa\u00eds en su per\u00edodo principal, que se extendi\u00f3 entre el 2 y el 30 de agosto.<\/p>\n<p class=\"v1MsoNormal\" style=\"text-align: justify;\">El SAE es la plataforma del Mineduc para acceder a establecimientos p\u00fablicos o particulares subvencionados. De las postulaciones recibidas, 180 mil corresponden a ni\u00f1os y ni\u00f1as que est\u00e1n entrando al sistema escolar (prek\u00ednder, k\u00ednder o 1\u00b0 b\u00e1sico).<\/p>\n<p class=\"v1MsoNormal\" style=\"text-align: justify;\">En el caso de la regi\u00f3n de Ays\u00e9n, el SAE recibi\u00f3 2.865 postulaciones. Por otro lado, el 94,4% de estudiantes obligados a postular en la regi\u00f3n particip\u00f3 en el periodo de postulaci\u00f3n regular<\/p>\n<p class=\"v1MsoNormal\" style=\"text-align: justify;\">La Seremi de Educaci\u00f3n Isabel Garrido explic\u00f3 que \u201cEl 94,4% de los estudiantes que estaban obligados a participar del proceso, porque sus establecimientos no ofrecen su siguiente nivel educativo. Esto es bien importante, porque de esta forma se garantizan las trayectorias educativas, que nos permite el monitoreo y seguimiento de estos casos\u201d.<\/p>\n<p class=\"v1MsoNormal\" style=\"text-align: justify;\">Los resultados de las postulaciones se conocer\u00e1n entre el 17 de octubre y el 23 de octubre.<\/p>\n<p class=\"v1MsoNormal\" style=\"text-align: justify;\"><b>\u00bfC\u00f3mo se asignan los cupos?<\/b><\/p>\n<p class=\"v1MsoNormal\" style=\"text-align: justify;\">Luego del cierre de las postulaciones viene el proceso de asignaci\u00f3n de cupos, seg\u00fan la cantidad de vacantes que tengan los establecimientos y la cantidad de postulaciones que recibieron.<\/p>\n<p class=\"v1MsoNormal\" style=\"text-align: justify;\">Por ejemplo, si un establecimiento tiene m\u00e1s vacantes que las postulaciones que recibi\u00f3, entonces todos los postulantes ingresar\u00e1n.<\/p>\n<p class=\"v1MsoNormal\" style=\"text-align: justify;\">Por el contrario, si un establecimiento tiene menos vacantes que las postulaciones que recibi\u00f3 (establecimiento con alta demanda), entonces el SAE realizar\u00e1 un ordenamiento aleatorio de esos postulantes, aplicando criterios de prioridad, para determinar qui\u00e9nes podr\u00e1n acceder a un cupo.<\/p>\n<p class=\"v1MsoNormal\" style=\"text-align: justify;\">Hay cuatro criterios de prioridad, en este orden:<\/p>\n<ul style=\"text-align: justify;\" type=\"disc\">\n<li class=\"v1MsoNormal\">postulantes que tengan hermanos en el establecimiento;<\/li>\n<li class=\"v1MsoNormal\">15% estudiantes prioritarios por nivel;<\/li>\n<li class=\"v1MsoNormal\">postulantes cuyos padres trabajen en el establecimiento;<\/li>\n<li class=\"v1MsoNormal\">postulantes que sean exestudiantes del establecimiento y deseen volver, siempre que no hayan sido expulsados.<\/li>\n<\/ul>\n<p class=\"v1MsoNormal\" style=\"text-align: justify;\">Si una familia no qued\u00f3 en su primera opci\u00f3n debido a la alta demanda de dicho establecimiento (m\u00e1s postulantes que vacantes), el sistema intentar\u00e1 asignarlos a su segunda opci\u00f3n, y as\u00ed sucesivamente.<\/p>\n<p class=\"v1MsoNormal\" style=\"text-align: justify;\"><b>Pr\u00f3ximas fechas<\/b><\/p>\n<ul style=\"text-align: justify;\" type=\"disc\">\n<li class=\"v1MsoNormal\">Publicaci\u00f3n de resultados de las postulaciones en el Per\u00edodo Principal: 17 al 23 de octubre de 2024<\/li>\n<li class=\"v1MsoNormal\">Publicaci\u00f3n de resultados de la lista de espera del Per\u00edodo Principal: 4 y 5 de noviembre de 2024<\/li>\n<li class=\"v1MsoNormal\">Per\u00edodo Complementario de postulaci\u00f3n: 15 al 22 de noviembre de 2024<\/li>\n<li class=\"v1MsoNormal\">Resultados del Per\u00edodo Complementario: 4 de diciembre de 2024<\/li>\n<li class=\"v1MsoNormal\">Matr\u00edculas en los establecimientos: 5 al 13 de diciembre de 2024<\/li>\n<\/ul>\n<\/div><\/section><\/div><div  style='height:50px' class='hr hr-invisible   avia-builder-el-6  el_after_av_one_full  el_before_av_social_share '><span class='hr-inner ' ><span class='hr-inner-style'><\/span><\/span><\/div><\/p>\n<div  class='av-social-sharing-box  avia-builder-el-7  el_after_av_hr  el_before_av_hr  '><div class='av-share-box'><h5 class='av-share-link-description av-no-toc '>Compartir esta noticia<\/h5><ul class='av-share-box-list noLightbox'><li class='av-share-link av-social-link-facebook' ><a target=\"_blank\" aria-label=\"Compartir en Facebook\" href='https:\/\/www.facebook.com\/sharer.php?u=https:\/\/radiorevelacionfm.cl\/?p=45763&#038;t=Sistema%20de%20Admisi%C3%B3n%20Escolar%20%28SAE%29%20recibi%C3%B3%20m%C3%A1s%20de%202%20mil%20800%20postulaciones%20en%20la%20regi%C3%B3n%20de%20Ays%C3%A9n' aria-hidden='false' data-av_icon='\ue8f3' data-av_iconfont='entypo-fontello' title='' data-avia-related-tooltip='Compartir en Facebook' rel=\"noopener\"><span class='avia_hidden_link_text'>Compartir en Facebook<\/span><\/a><\/li><li class='av-share-link av-social-link-twitter' ><a target=\"_blank\" aria-label=\"Compartir en Twitter\" href='https:\/\/twitter.com\/share?text=Sistema%20de%20Admisi%C3%B3n%20Escolar%20%28SAE%29%20recibi%C3%B3%20m%C3%A1s%20de%202%20mil%20800%20postulaciones%20en%20la%20regi%C3%B3n%20de%20Ays%C3%A9n&#038;url=https:\/\/radiorevelacionfm.cl\/?p=45763' aria-hidden='false' data-av_icon='\ue8f1' data-av_iconfont='entypo-fontello' title='' data-avia-related-tooltip='Compartir en Twitter' rel=\"noopener\"><span class='avia_hidden_link_text'>Compartir en Twitter<\/span><\/a><\/li><li class='av-share-link av-social-link-whatsapp' ><a target=\"_blank\" aria-label=\"Compartir en Whatsapp\" href='https:\/\/api.whatsapp.com\/send?text=https:\/\/radiorevelacionfm.cl\/?p=45763' aria-hidden='false' data-av_icon='\uf232' data-av_iconfont='entypo-fontello' title='' data-avia-related-tooltip='Compartir en Whatsapp' rel=\"noopener\"><span class='avia_hidden_link_text'>Compartir en Whatsapp<\/span><\/a><\/li><li class='av-share-link av-social-link-linkedin' ><a target=\"_blank\" aria-label=\"Compartir en LinkedIn\" href='https:\/\/linkedin.com\/shareArticle?mini=true&#038;title=Sistema%20de%20Admisi%C3%B3n%20Escolar%20%28SAE%29%20recibi%C3%B3%20m%C3%A1s%20de%202%20mil%20800%20postulaciones%20en%20la%20regi%C3%B3n%20de%20Ays%C3%A9n&#038;url=https:\/\/radiorevelacionfm.cl\/?p=45763' aria-hidden='false' data-av_icon='\ue8fc' data-av_iconfont='entypo-fontello' title='' data-avia-related-tooltip='Compartir en LinkedIn' rel=\"noopener\"><span class='avia_hidden_link_text'>Compartir en LinkedIn<\/span><\/a><\/li><li class='av-share-link av-social-link-mail' ><a  aria-label=\"Compartir por correo\" href='mailto:?subject=Sistema%20de%20Admisi%C3%B3n%20Escolar%20%28SAE%29%20recibi%C3%B3%20m%C3%A1s%20de%202%20mil%20800%20postulaciones%20en%20la%20regi%C3%B3n%20de%20Ays%C3%A9n&#038;body=https:\/\/radiorevelacionfm.cl\/?p=45763' aria-hidden='false' data-av_icon='\ue805' data-av_iconfont='entypo-fontello' title='' data-avia-related-tooltip='Compartir por correo'><span class='avia_hidden_link_text'>Compartir por correo<\/span><\/a><\/li><\/ul><\/div><\/div>\n<div  style='height:50px' class='hr hr-invisible   avia-builder-el-8  el_after_av_social_share  el_before_av_comments_list '><span class='hr-inner ' ><span class='hr-inner-style'><\/span><\/span><\/div>\n<div  class='av-buildercomment  av-blog-meta-html-info-disabled av-blog-meta-tag-disabled  '><\/div>\n","protected":false},"excerpt":{"rendered":"","protected":false},"author":1,"featured_media":45764,"comment_status":"open","ping_status":"open","sticky":false,"template":"","format":"standard","meta":{"footnotes":""},"categories":[49],"tags":[],"class_list":["post-45763","post","type-post","status-publish","format-standard","has-post-thumbnail","hentry","category-educacion"],"jetpack_featured_media_url":"https:\/\/radiorevelacionfm.cl\/wp-content\/uploads\/2024\/09\/sae-1_optimized-1.jpg","_links":{"self":[{"href":"https:\/\/radiorevelacionfm.cl\/index.php?rest_route=\/wp\/v2\/posts\/45763","targetHints":{"allow":["GET"]}}],"collection":[{"href":"https:\/\/radiorevelacionfm.cl\/index.php?rest_route=\/wp\/v2\/posts"}],"about":[{"href":"https:\/\/radiorevelacionfm.cl\/index.php?rest_route=\/wp\/v2\/types\/post"}],"author":[{"embeddable":true,"href":"https:\/\/radiorevelacionfm.cl\/index.php?rest_route=\/wp\/v2\/users\/1"}],"replies":[{"embeddable":true,"href":"https:\/\/radiorevelacionfm.cl\/index.php?rest_route=%2Fwp%2Fv2%2Fcomments&post=45763"}],"version-history":[{"count":1,"href":"https:\/\/radiorevelacionfm.cl\/index.php?rest_route=\/wp\/v2\/posts\/45763\/revisions"}],"predecessor-version":[{"id":45765,"href":"https:\/\/radiorevelacionfm.cl\/index.php?rest_route=\/wp\/v2\/posts\/45763\/revisions\/45765"}],"wp:featuredmedia":[{"embeddable":true,"href":"https:\/\/radiorevelacionfm.cl\/index.php?rest_route=\/wp\/v2\/media\/45764"}],"wp:attachment":[{"href":"https:\/\/radiorevelacionfm.cl\/index.php?rest_route=%2Fwp%2Fv2%2Fmedia&parent=45763"}],"wp:term":[{"taxonomy":"category","embeddable":true,"href":"https:\/\/radiorevelacionfm.cl\/index.php?rest_route=%2Fwp%2Fv2%2Fcategories&post=45763"},{"taxonomy":"post_tag","embeddable":true,"href":"https:\/\/radiorevelacionfm.cl\/index.php?rest_route=%2Fwp%2Fv2%2Ftags&post=45763"}],"curies":[{"name":"wp","href":"https:\/\/api.w.org\/{rel}","templated":true}]}}