{"id":45760,"date":"2024-09-02T22:19:14","date_gmt":"2024-09-03T01:19:14","guid":{"rendered":"https:\/\/radiorevelacionfm.cl\/?p=45760"},"modified":"2024-09-02T22:19:14","modified_gmt":"2024-09-03T01:19:14","slug":"sernameg-y-fiscalia-lideran-mesa-regional-para-reforzar-coordinacion-por-casos-de-femicidio","status":"publish","type":"post","link":"https:\/\/radiorevelacionfm.cl\/?p=45760","title":{"rendered":"SernamEG y Fiscal\u00eda lideran mesa regional para reforzar coordinaci\u00f3n por casos de femicidio"},"content":{"rendered":"<div class=\"flex_column av_one_full  flex_column_div av-zero-column-padding first  avia-builder-el-0  el_before_av_one_full  avia-builder-el-first  \" style='border-radius:0px; '><div  class='avia-image-container  av-styling-    avia-builder-el-1  avia-builder-el-no-sibling  avia-align-center '  itemprop=\"image\" itemscope=\"itemscope\" itemtype=\"https:\/\/schema.org\/ImageObject\"  ><div class='avia-image-container-inner'><div class='avia-image-overlay-wrap'><img decoding=\"async\" class='wp-image-45761 avia-img-lazy-loading-not-45761 avia_image' src=\"https:\/\/radiorevelacionfm.cl\/wp-content\/uploads\/2024\/09\/cif-1-1_optimized.jpeg\" alt='' title='cif-1-(1)_optimized' height=\"600\" width=\"800\"  itemprop=\"thumbnailUrl\" srcset=\"https:\/\/radiorevelacionfm.cl\/wp-content\/uploads\/2024\/09\/cif-1-1_optimized.jpeg 800w, https:\/\/radiorevelacionfm.cl\/wp-content\/uploads\/2024\/09\/cif-1-1_optimized-300x225.jpeg 300w, https:\/\/radiorevelacionfm.cl\/wp-content\/uploads\/2024\/09\/cif-1-1_optimized-768x576.jpeg 768w, https:\/\/radiorevelacionfm.cl\/wp-content\/uploads\/2024\/09\/cif-1-1_optimized-705x529.jpeg 705w, https:\/\/radiorevelacionfm.cl\/wp-content\/uploads\/2024\/09\/cif-1-1_optimized-450x338.jpeg 450w, https:\/\/radiorevelacionfm.cl\/wp-content\/uploads\/2024\/09\/cif-1-1_optimized-600x450.jpeg 600w\" sizes=\"(max-width: 800px) 100vw, 800px\" \/><\/div><\/div><\/div><\/div><div class=\"flex_column av_one_full  flex_column_div av-zero-column-padding first  avia-builder-el-2  el_after_av_one_full  el_before_av_one_full  column-top-margin\" style='border-radius:0px; '><section class=\"av_textblock_section \"  itemscope=\"itemscope\" itemtype=\"https:\/\/schema.org\/BlogPosting\" itemprop=\"blogPost\" ><div class='avia_textblock  '   itemprop=\"text\" ><p style=\"text-align: center;\"><strong><span style=\"font-size: 18pt;\">SernamEG y Fiscal\u00eda lideran mesa regional para reforzar coordinaci\u00f3n por casos de femicidio<\/span><\/strong><\/p>\n<div id=\"gtx-trans\" style=\"position: absolute; left: -50px; top: 4.31534px;\">\n<div class=\"gtx-trans-icon\"><\/div>\n<\/div>\n<\/div><\/section><\/div><div class=\"flex_column av_one_full  flex_column_div av-zero-column-padding first  avia-builder-el-4  el_after_av_one_full  el_before_av_hr  column-top-margin\" style='border-radius:0px; '><section class=\"av_textblock_section \"  itemscope=\"itemscope\" itemtype=\"https:\/\/schema.org\/BlogPosting\" itemprop=\"blogPost\" ><div class='avia_textblock  '   itemprop=\"text\" ><p dir=\"ltr\" style=\"text-align: justify;\">Con el objetivo de entregar a v\u00edctimas directas e indirectas de violencia extrema una respuesta oportuna, especializada, coordinada e integral por parte del Estado, se reunieron de manera extraordinaria en la Fiscal\u00eda Regional de Ays\u00e9n las principales autoridades de las instituciones que conforman el Circuito Intersectorial de Femicidios (CIF), instancia que articula el Servicio Nacional de la Mujer y la Equidad de G\u00e9nero (SernamEG) en todas las regiones del pa\u00eds.<\/p>\n<p dir=\"ltr\" style=\"text-align: justify;\">\u00abLogramos avanzar en una serie de acuerdos y compromisos para mejorar los procedimientos con respecto al levantamiento de informaci\u00f3n y toma de denuncias para poder lograr las condenas ejemplificadoras en esta materia\u00bb, explic\u00f3 la directora regional del SernamEG, Patricia Baeza Cabezas, quien se mostr\u00f3 preocupada por los casos que han sucedido en el territorio y que requieren de una mayor coordinaci\u00f3n entre las instituciones.<\/p>\n<p dir=\"ltr\" style=\"text-align: justify;\">A la reuni\u00f3n, en la que tambi\u00e9n se abordaron los casos de connotaci\u00f3n p\u00fablica de violencia contra las mujeres y de g\u00e9nero ocurridos en los \u00faltimos meses en la regi\u00f3n, fueron convocadas las autoridades de Fiscal\u00eda, Ministerio de la Mujer y la Equidad de G\u00e9nero, Seguridad P\u00fablica, Polic\u00eda de Investigaciones, Carabineros, Servicio M\u00e9dico Legal y Servicio de Protecci\u00f3n Especializada a la Ni\u00f1ez y Adolescencia. Adem\u00e1s, para esta ocasi\u00f3n desde SernamEG se decidi\u00f3 convocar tambi\u00e9n al director del Servicio de Salud Ays\u00e9n.<\/p>\n<p dir=\"ltr\" style=\"text-align: justify;\">Para el fiscal regional de Ays\u00e9n, Carlos Palma Guerra, estas instancias de coordinaci\u00f3n \u00abson de vital importancia\u00bb ya que es fundamental tener presente que \u00abla violencia intrafamiliar en la Regi\u00f3n de Ays\u00e9n es uno de los delitos m\u00e1s altos que tenemos, por eso es que nos hemos abocado desde siempre a combatirlo. Y, por otra parte, la conciencia de los distintos actores del sistema procesal penal es tan clara respecto a su importancia, que ha formado parte permanente en el Plan Regional sobre la Prevenci\u00f3n del Delito\u00bb.<\/p>\n<p dir=\"ltr\" style=\"text-align: justify;\">\u00abEstamos trabajando para combatirlo de manera multidisciplinaria, en los distintos lugares, en las distintas instituciones, para poder hacer retroceder este fen\u00f3meno y tener una comunidad m\u00e1s tranquila\u00bb, concluy\u00f3 el jefe regional del Ministerio P\u00fablico.<\/p>\n<p dir=\"ltr\" style=\"text-align: justify;\">Finalmente, el jefe de zona de Carabineros Ays\u00e9n, General Patricio Santos Poblete, asegur\u00f3 que de esta manera \u00abse coordinan todos los actores, para poder impulsar acciones, principalmente en protecci\u00f3n de las mujeres que habitan en la regi\u00f3n, para evitar hechos como los ocurridos hace unos a\u00f1os atr\u00e1s en la regi\u00f3n vuelvan a ocurrir (&#8230;) vamos a seguir trabajando para mejorar las acciones policiales y contribuir con ello a una persecuci\u00f3n penal eficaz\u00bb.<\/p>\n<div style=\"text-align: justify;\"><\/div>\n<\/div><\/section><\/div><div  style='height:50px' class='hr hr-invisible   avia-builder-el-6  el_after_av_one_full  el_before_av_social_share '><span class='hr-inner ' ><span class='hr-inner-style'><\/span><\/span><\/div><\/p>\n<div  class='av-social-sharing-box  avia-builder-el-7  el_after_av_hr  el_before_av_hr  '><div class='av-share-box'><h5 class='av-share-link-description av-no-toc '>Compartir esta noticia<\/h5><ul class='av-share-box-list noLightbox'><li class='av-share-link av-social-link-facebook' ><a target=\"_blank\" aria-label=\"Compartir en Facebook\" href='https:\/\/www.facebook.com\/sharer.php?u=https:\/\/radiorevelacionfm.cl\/?p=45760&#038;t=SernamEG%20y%20Fiscal%C3%ADa%20lideran%20mesa%20regional%20para%20reforzar%20coordinaci%C3%B3n%20por%20casos%20de%20femicidio' aria-hidden='false' data-av_icon='\ue8f3' data-av_iconfont='entypo-fontello' title='' data-avia-related-tooltip='Compartir en Facebook' rel=\"noopener\"><span class='avia_hidden_link_text'>Compartir en Facebook<\/span><\/a><\/li><li class='av-share-link av-social-link-twitter' ><a target=\"_blank\" aria-label=\"Compartir en Twitter\" href='https:\/\/twitter.com\/share?text=SernamEG%20y%20Fiscal%C3%ADa%20lideran%20mesa%20regional%20para%20reforzar%20coordinaci%C3%B3n%20por%20casos%20de%20femicidio&#038;url=https:\/\/radiorevelacionfm.cl\/?p=45760' aria-hidden='false' data-av_icon='\ue8f1' data-av_iconfont='entypo-fontello' title='' data-avia-related-tooltip='Compartir en Twitter' rel=\"noopener\"><span class='avia_hidden_link_text'>Compartir en Twitter<\/span><\/a><\/li><li class='av-share-link av-social-link-whatsapp' ><a target=\"_blank\" aria-label=\"Compartir en Whatsapp\" href='https:\/\/api.whatsapp.com\/send?text=https:\/\/radiorevelacionfm.cl\/?p=45760' aria-hidden='false' data-av_icon='\uf232' data-av_iconfont='entypo-fontello' title='' data-avia-related-tooltip='Compartir en Whatsapp' rel=\"noopener\"><span class='avia_hidden_link_text'>Compartir en Whatsapp<\/span><\/a><\/li><li class='av-share-link av-social-link-linkedin' ><a target=\"_blank\" aria-label=\"Compartir en LinkedIn\" href='https:\/\/linkedin.com\/shareArticle?mini=true&#038;title=SernamEG%20y%20Fiscal%C3%ADa%20lideran%20mesa%20regional%20para%20reforzar%20coordinaci%C3%B3n%20por%20casos%20de%20femicidio&#038;url=https:\/\/radiorevelacionfm.cl\/?p=45760' aria-hidden='false' data-av_icon='\ue8fc' data-av_iconfont='entypo-fontello' title='' data-avia-related-tooltip='Compartir en LinkedIn' rel=\"noopener\"><span class='avia_hidden_link_text'>Compartir en LinkedIn<\/span><\/a><\/li><li class='av-share-link av-social-link-mail' ><a  aria-label=\"Compartir por correo\" href='mailto:?subject=SernamEG%20y%20Fiscal%C3%ADa%20lideran%20mesa%20regional%20para%20reforzar%20coordinaci%C3%B3n%20por%20casos%20de%20femicidio&#038;body=https:\/\/radiorevelacionfm.cl\/?p=45760' aria-hidden='false' data-av_icon='\ue805' data-av_iconfont='entypo-fontello' title='' data-avia-related-tooltip='Compartir por correo'><span class='avia_hidden_link_text'>Compartir por correo<\/span><\/a><\/li><\/ul><\/div><\/div>\n<div  style='height:50px' class='hr hr-invisible   avia-builder-el-8  el_after_av_social_share  el_before_av_comments_list '><span class='hr-inner ' ><span class='hr-inner-style'><\/span><\/span><\/div>\n<div  class='av-buildercomment  av-blog-meta-html-info-disabled av-blog-meta-tag-disabled  '><\/div>\n","protected":false},"excerpt":{"rendered":"","protected":false},"author":1,"featured_media":45761,"comment_status":"open","ping_status":"open","sticky":false,"template":"","format":"standard","meta":{"footnotes":""},"categories":[38],"tags":[],"class_list":["post-45760","post","type-post","status-publish","format-standard","has-post-thumbnail","hentry","category-regional"],"jetpack_featured_media_url":"https:\/\/radiorevelacionfm.cl\/wp-content\/uploads\/2024\/09\/cif-1-1_optimized.jpeg","_links":{"self":[{"href":"https:\/\/radiorevelacionfm.cl\/index.php?rest_route=\/wp\/v2\/posts\/45760","targetHints":{"allow":["GET"]}}],"collection":[{"href":"https:\/\/radiorevelacionfm.cl\/index.php?rest_route=\/wp\/v2\/posts"}],"about":[{"href":"https:\/\/radiorevelacionfm.cl\/index.php?rest_route=\/wp\/v2\/types\/post"}],"author":[{"embeddable":true,"href":"https:\/\/radiorevelacionfm.cl\/index.php?rest_route=\/wp\/v2\/users\/1"}],"replies":[{"embeddable":true,"href":"https:\/\/radiorevelacionfm.cl\/index.php?rest_route=%2Fwp%2Fv2%2Fcomments&post=45760"}],"version-history":[{"count":1,"href":"https:\/\/radiorevelacionfm.cl\/index.php?rest_route=\/wp\/v2\/posts\/45760\/revisions"}],"predecessor-version":[{"id":45762,"href":"https:\/\/radiorevelacionfm.cl\/index.php?rest_route=\/wp\/v2\/posts\/45760\/revisions\/45762"}],"wp:featuredmedia":[{"embeddable":true,"href":"https:\/\/radiorevelacionfm.cl\/index.php?rest_route=\/wp\/v2\/media\/45761"}],"wp:attachment":[{"href":"https:\/\/radiorevelacionfm.cl\/index.php?rest_route=%2Fwp%2Fv2%2Fmedia&parent=45760"}],"wp:term":[{"taxonomy":"category","embeddable":true,"href":"https:\/\/radiorevelacionfm.cl\/index.php?rest_route=%2Fwp%2Fv2%2Fcategories&post=45760"},{"taxonomy":"post_tag","embeddable":true,"href":"https:\/\/radiorevelacionfm.cl\/index.php?rest_route=%2Fwp%2Fv2%2Ftags&post=45760"}],"curies":[{"name":"wp","href":"https:\/\/api.w.org\/{rel}","templated":true}]}}