{"id":45757,"date":"2024-09-02T16:02:15","date_gmt":"2024-09-02T19:02:15","guid":{"rendered":"https:\/\/radiorevelacionfm.cl\/?p=45757"},"modified":"2024-09-02T16:02:15","modified_gmt":"2024-09-02T19:02:15","slug":"con-inauguracion-de-una-nueva-sala-de-lactancia-culminan-actividades-del-mes-de-la-lactancia-materna","status":"publish","type":"post","link":"https:\/\/radiorevelacionfm.cl\/?p=45757","title":{"rendered":"Con inauguraci\u00f3n de una nueva sala de lactancia culminan actividades del \u201cMes de la Lactancia Materna\u201d"},"content":{"rendered":"<div class=\"flex_column av_one_full  flex_column_div av-zero-column-padding first  avia-builder-el-0  el_before_av_one_full  avia-builder-el-first  \" style='border-radius:0px; '><div  class='avia-image-container  av-styling-    avia-builder-el-1  avia-builder-el-no-sibling  avia-align-center '  itemprop=\"image\" itemscope=\"itemscope\" itemtype=\"https:\/\/schema.org\/ImageObject\"  ><div class='avia-image-container-inner'><div class='avia-image-overlay-wrap'><img decoding=\"async\" class='wp-image-45758 avia-img-lazy-loading-not-45758 avia_image' src=\"https:\/\/radiorevelacionfm.cl\/wp-content\/uploads\/2024\/09\/sala-lactancia-1-1_optimized.jpeg\" alt='' title='sala-lactancia--(1)-(1)_optimized' height=\"600\" width=\"865\"  itemprop=\"thumbnailUrl\" srcset=\"https:\/\/radiorevelacionfm.cl\/wp-content\/uploads\/2024\/09\/sala-lactancia-1-1_optimized.jpeg 865w, https:\/\/radiorevelacionfm.cl\/wp-content\/uploads\/2024\/09\/sala-lactancia-1-1_optimized-300x208.jpeg 300w, https:\/\/radiorevelacionfm.cl\/wp-content\/uploads\/2024\/09\/sala-lactancia-1-1_optimized-768x533.jpeg 768w, https:\/\/radiorevelacionfm.cl\/wp-content\/uploads\/2024\/09\/sala-lactancia-1-1_optimized-705x489.jpeg 705w, https:\/\/radiorevelacionfm.cl\/wp-content\/uploads\/2024\/09\/sala-lactancia-1-1_optimized-450x312.jpeg 450w, https:\/\/radiorevelacionfm.cl\/wp-content\/uploads\/2024\/09\/sala-lactancia-1-1_optimized-600x416.jpeg 600w\" sizes=\"(max-width: 865px) 100vw, 865px\" \/><\/div><\/div><\/div><\/div><div class=\"flex_column av_one_full  flex_column_div av-zero-column-padding first  avia-builder-el-2  el_after_av_one_full  el_before_av_one_full  column-top-margin\" style='border-radius:0px; '><section class=\"av_textblock_section \"  itemscope=\"itemscope\" itemtype=\"https:\/\/schema.org\/BlogPosting\" itemprop=\"blogPost\" ><div class='avia_textblock  '   itemprop=\"text\" ><p style=\"text-align: center;\"><span style=\"font-size: 18pt;\"><strong>Con inauguraci\u00f3n de una nueva sala de lactancia culminan actividades del \u201cMes de la Lactancia Materna\u201d<\/strong><\/span><\/p>\n<div id=\"gtx-trans\" style=\"position: absolute; left: -50px; top: 4.31534px;\">\n<div class=\"gtx-trans-icon\"><\/div>\n<\/div>\n<\/div><\/section><\/div><div class=\"flex_column av_one_full  flex_column_div av-zero-column-padding first  avia-builder-el-4  el_after_av_one_full  el_before_av_hr  column-top-margin\" style='border-radius:0px; '><section class=\"av_textblock_section \"  itemscope=\"itemscope\" itemtype=\"https:\/\/schema.org\/BlogPosting\" itemprop=\"blogPost\" ><div class='avia_textblock  '   itemprop=\"text\" ><p style=\"text-align: justify;\"><em>El nuevo espacio, abierto a toda la comunidad, se encuentra en el Servicio Nacional de Protecci\u00f3n Especializada a la Ni\u00f1ez y Adolescencia, ubicado en Carrera #257, sum\u00e1ndose a los 12 lugares de la regi\u00f3n acondicionados para este importante acto.<\/em><\/p>\n<p style=\"text-align: justify;\">Con la inauguraci\u00f3n de una nueva sala de lactancia ubicada en las dependencias del Servicio Nacional de Protecci\u00f3n Especializada a la Ni\u00f1ez y Adolescencia, ubicado en el quinto piso del Edificio NB (Carrera #257), se dio el cierre de las actividades realizadas en el marco del Mes de la Lactancia Materna, iniciativa que se celebra a nivel mundial y que tiene por objetivo visibilizar la importancia de este acto para el desarrollo integral de ni\u00f1as y ni\u00f1os.<\/p>\n<p style=\"text-align: justify;\">Apertura de salas y espacios de lactancia, certificaci\u00f3n a jardines infantiles, conversatorios y una feria pensada en la d\u00edada madre\/hijo, fueron parte de la nutrida agenda de actividades organizadas por el Comit\u00e9 de Lactancia Materna, instancia compuesta por servicios p\u00fablicos, sociedad civil y la academia.<\/p>\n<p style=\"text-align: justify;\">\u201cCerramos el mes de la Lactancia materna con la apertura de esta nueva sala, que es un hito tremendamente significativo, porque es una acci\u00f3n concreta a trav\u00e9s de las cuales nosotros resguardamos y entregamos los espacios para que las mujeres puedan amamantar libremente a sus ni\u00f1os y ni\u00f1as\u201d, sostuvo la Seremi de Salud Ays\u00e9n, Carmen Monsalve G\u00f3mez.<\/p>\n<p style=\"text-align: justify;\">La autoridad sanitaria destac\u00f3 el compromiso de instituciones p\u00fablicas y privadas en el aumento de salas y espacios de lactancia, contando actualmente con estas significativas instalaciones en las comunas de Coyhaique (09), Puerto Ays\u00e9n (2) y Cochrane (1).<\/p>\n<p style=\"text-align: justify;\">\u201cEsta es una herramienta significativa para la salud p\u00fablica, y por eso valoramos que muchas instituciones est\u00e9n sumadas a esta estrategia, y vamos a seguir avanzando para disponer de m\u00e1s lugares para las madres de la regi\u00f3n de Ays\u00e9n\u201d, agreg\u00f3 Carmen Monsalve G\u00f3mez.<\/p>\n<p style=\"text-align: justify;\">Por su parte, Javier Rodr\u00edguez, director regional del Servicio Nacional de Protecci\u00f3n Especializada a la Ni\u00f1ez y Adolescencia, destac\u00f3 que la nueva sala de lactancia de la instituci\u00f3n no s\u00f3lo beneficiar\u00e1 a las funcionarias y\/o personas que vayan a hacer un tr\u00e1mite a dicha entidad, sino tambi\u00e9n est\u00e1 abierta para todas las mujeres que visiten el c\u00e9ntrico edificio y necesiten un espacio tranquilo y seguro para amamantar.<\/p>\n<p style=\"text-align: justify;\">\u201cEste es un espacio privado, \u00edntimo y acogedor que necesitan tanto las madres como sus beb\u00e9s al momento de la lactancia. Agradecemos y felicitamos esta iniciativa de la Seremi de Salud, y esperamos que se replique no s\u00f3lo en servicios p\u00fablicos, sino tambi\u00e9n en la mayor cantidad de lugares, tales como comercio, restaurantes y turismo, ya que esto es parte del cumplimiento integral de las necesidades y respeto a los derechos de nuestros ni\u00f1os, ni\u00f1as y adolescentes\u201d, precis\u00f3 Javier Rodr\u00edguez.<\/p>\n<\/div><\/section><\/div><div  style='height:50px' class='hr hr-invisible   avia-builder-el-6  el_after_av_one_full  el_before_av_social_share '><span class='hr-inner ' ><span class='hr-inner-style'><\/span><\/span><\/div><\/p>\n<div  class='av-social-sharing-box  avia-builder-el-7  el_after_av_hr  el_before_av_hr  '><div class='av-share-box'><h5 class='av-share-link-description av-no-toc '>Compartir esta noticia<\/h5><ul class='av-share-box-list noLightbox'><li class='av-share-link av-social-link-facebook' ><a target=\"_blank\" aria-label=\"Compartir en Facebook\" href='https:\/\/www.facebook.com\/sharer.php?u=https:\/\/radiorevelacionfm.cl\/?p=45757&#038;t=Con%20inauguraci%C3%B3n%20de%20una%20nueva%20sala%20de%20lactancia%20culminan%20actividades%20del%20%E2%80%9CMes%20de%20la%20Lactancia%20Materna%E2%80%9D' aria-hidden='false' data-av_icon='\ue8f3' data-av_iconfont='entypo-fontello' title='' data-avia-related-tooltip='Compartir en Facebook' rel=\"noopener\"><span class='avia_hidden_link_text'>Compartir en Facebook<\/span><\/a><\/li><li class='av-share-link av-social-link-twitter' ><a target=\"_blank\" aria-label=\"Compartir en Twitter\" href='https:\/\/twitter.com\/share?text=Con%20inauguraci%C3%B3n%20de%20una%20nueva%20sala%20de%20lactancia%20culminan%20actividades%20del%20%E2%80%9CMes%20de%20la%20Lactancia%20Materna%E2%80%9D&#038;url=https:\/\/radiorevelacionfm.cl\/?p=45757' aria-hidden='false' data-av_icon='\ue8f1' data-av_iconfont='entypo-fontello' title='' data-avia-related-tooltip='Compartir en Twitter' rel=\"noopener\"><span class='avia_hidden_link_text'>Compartir en Twitter<\/span><\/a><\/li><li class='av-share-link av-social-link-whatsapp' ><a target=\"_blank\" aria-label=\"Compartir en Whatsapp\" href='https:\/\/api.whatsapp.com\/send?text=https:\/\/radiorevelacionfm.cl\/?p=45757' aria-hidden='false' data-av_icon='\uf232' data-av_iconfont='entypo-fontello' title='' data-avia-related-tooltip='Compartir en Whatsapp' rel=\"noopener\"><span class='avia_hidden_link_text'>Compartir en Whatsapp<\/span><\/a><\/li><li class='av-share-link av-social-link-linkedin' ><a target=\"_blank\" aria-label=\"Compartir en LinkedIn\" href='https:\/\/linkedin.com\/shareArticle?mini=true&#038;title=Con%20inauguraci%C3%B3n%20de%20una%20nueva%20sala%20de%20lactancia%20culminan%20actividades%20del%20%E2%80%9CMes%20de%20la%20Lactancia%20Materna%E2%80%9D&#038;url=https:\/\/radiorevelacionfm.cl\/?p=45757' aria-hidden='false' data-av_icon='\ue8fc' data-av_iconfont='entypo-fontello' title='' data-avia-related-tooltip='Compartir en LinkedIn' rel=\"noopener\"><span class='avia_hidden_link_text'>Compartir en LinkedIn<\/span><\/a><\/li><li class='av-share-link av-social-link-mail' ><a  aria-label=\"Compartir por correo\" href='mailto:?subject=Con%20inauguraci%C3%B3n%20de%20una%20nueva%20sala%20de%20lactancia%20culminan%20actividades%20del%20%E2%80%9CMes%20de%20la%20Lactancia%20Materna%E2%80%9D&#038;body=https:\/\/radiorevelacionfm.cl\/?p=45757' aria-hidden='false' data-av_icon='\ue805' data-av_iconfont='entypo-fontello' title='' data-avia-related-tooltip='Compartir por correo'><span class='avia_hidden_link_text'>Compartir por correo<\/span><\/a><\/li><\/ul><\/div><\/div>\n<div  style='height:50px' class='hr hr-invisible   avia-builder-el-8  el_after_av_social_share  el_before_av_comments_list '><span class='hr-inner ' ><span class='hr-inner-style'><\/span><\/span><\/div>\n<div  class='av-buildercomment  av-blog-meta-html-info-disabled av-blog-meta-tag-disabled  '><\/div>\n","protected":false},"excerpt":{"rendered":"","protected":false},"author":1,"featured_media":45758,"comment_status":"open","ping_status":"open","sticky":false,"template":"","format":"standard","meta":{"footnotes":""},"categories":[46],"tags":[],"class_list":["post-45757","post","type-post","status-publish","format-standard","has-post-thumbnail","hentry","category-salud"],"jetpack_featured_media_url":"https:\/\/radiorevelacionfm.cl\/wp-content\/uploads\/2024\/09\/sala-lactancia-1-1_optimized.jpeg","_links":{"self":[{"href":"https:\/\/radiorevelacionfm.cl\/index.php?rest_route=\/wp\/v2\/posts\/45757","targetHints":{"allow":["GET"]}}],"collection":[{"href":"https:\/\/radiorevelacionfm.cl\/index.php?rest_route=\/wp\/v2\/posts"}],"about":[{"href":"https:\/\/radiorevelacionfm.cl\/index.php?rest_route=\/wp\/v2\/types\/post"}],"author":[{"embeddable":true,"href":"https:\/\/radiorevelacionfm.cl\/index.php?rest_route=\/wp\/v2\/users\/1"}],"replies":[{"embeddable":true,"href":"https:\/\/radiorevelacionfm.cl\/index.php?rest_route=%2Fwp%2Fv2%2Fcomments&post=45757"}],"version-history":[{"count":1,"href":"https:\/\/radiorevelacionfm.cl\/index.php?rest_route=\/wp\/v2\/posts\/45757\/revisions"}],"predecessor-version":[{"id":45759,"href":"https:\/\/radiorevelacionfm.cl\/index.php?rest_route=\/wp\/v2\/posts\/45757\/revisions\/45759"}],"wp:featuredmedia":[{"embeddable":true,"href":"https:\/\/radiorevelacionfm.cl\/index.php?rest_route=\/wp\/v2\/media\/45758"}],"wp:attachment":[{"href":"https:\/\/radiorevelacionfm.cl\/index.php?rest_route=%2Fwp%2Fv2%2Fmedia&parent=45757"}],"wp:term":[{"taxonomy":"category","embeddable":true,"href":"https:\/\/radiorevelacionfm.cl\/index.php?rest_route=%2Fwp%2Fv2%2Fcategories&post=45757"},{"taxonomy":"post_tag","embeddable":true,"href":"https:\/\/radiorevelacionfm.cl\/index.php?rest_route=%2Fwp%2Fv2%2Ftags&post=45757"}],"curies":[{"name":"wp","href":"https:\/\/api.w.org\/{rel}","templated":true}]}}