{"id":45754,"date":"2024-09-02T12:31:00","date_gmt":"2024-09-02T15:31:00","guid":{"rendered":"https:\/\/radiorevelacionfm.cl\/?p=45754"},"modified":"2024-09-02T12:31:00","modified_gmt":"2024-09-02T15:31:00","slug":"comunidad-aysenina-solicita-a-medio-ambiente-declarar-humedal-urbano-las-ranas","status":"publish","type":"post","link":"https:\/\/radiorevelacionfm.cl\/?p=45754","title":{"rendered":"Comunidad aysenina solicita a Medio Ambiente declarar humedal urbano \u00abLas Ranas\u00bb"},"content":{"rendered":"<div class=\"flex_column av_one_full  flex_column_div av-zero-column-padding first  avia-builder-el-0  el_before_av_one_full  avia-builder-el-first  \" style='border-radius:0px; '><div  class='avia-image-container  av-styling-    avia-builder-el-1  avia-builder-el-no-sibling  avia-align-center '  itemprop=\"image\" itemscope=\"itemscope\" itemtype=\"https:\/\/schema.org\/ImageObject\"  ><div class='avia-image-container-inner'><div class='avia-image-overlay-wrap'><img decoding=\"async\" class='wp-image-45755 avia-img-lazy-loading-not-45755 avia_image' src=\"https:\/\/radiorevelacionfm.cl\/wp-content\/uploads\/2024\/09\/solicitud-humedal-2-1_optimized-1.jpg\" alt='' title='solicitud-humedal-2-(1)_optimized (1)' height=\"600\" width=\"1066\"  itemprop=\"thumbnailUrl\" srcset=\"https:\/\/radiorevelacionfm.cl\/wp-content\/uploads\/2024\/09\/solicitud-humedal-2-1_optimized-1.jpg 1066w, https:\/\/radiorevelacionfm.cl\/wp-content\/uploads\/2024\/09\/solicitud-humedal-2-1_optimized-1-300x169.jpg 300w, https:\/\/radiorevelacionfm.cl\/wp-content\/uploads\/2024\/09\/solicitud-humedal-2-1_optimized-1-1030x580.jpg 1030w, https:\/\/radiorevelacionfm.cl\/wp-content\/uploads\/2024\/09\/solicitud-humedal-2-1_optimized-1-768x432.jpg 768w, https:\/\/radiorevelacionfm.cl\/wp-content\/uploads\/2024\/09\/solicitud-humedal-2-1_optimized-1-705x397.jpg 705w, https:\/\/radiorevelacionfm.cl\/wp-content\/uploads\/2024\/09\/solicitud-humedal-2-1_optimized-1-450x253.jpg 450w, https:\/\/radiorevelacionfm.cl\/wp-content\/uploads\/2024\/09\/solicitud-humedal-2-1_optimized-1-600x338.jpg 600w\" sizes=\"(max-width: 1066px) 100vw, 1066px\" \/><\/div><\/div><\/div><\/div><div class=\"flex_column av_one_full  flex_column_div av-zero-column-padding first  avia-builder-el-2  el_after_av_one_full  el_before_av_one_full  column-top-margin\" style='border-radius:0px; '><section class=\"av_textblock_section \"  itemscope=\"itemscope\" itemtype=\"https:\/\/schema.org\/BlogPosting\" itemprop=\"blogPost\" ><div class='avia_textblock  '   itemprop=\"text\" ><p style=\"text-align: center;\"><strong><span style=\"font-size: 18pt;\">Comunidad aysenina solicita a Medio Ambiente declarar humedal urbano \u00abLas Ranas\u00bb <\/span><\/strong><\/p>\n<div id=\"gtx-trans\" style=\"position: absolute; left: -50px; top: 4.31534px;\">\n<div class=\"gtx-trans-icon\"><\/div>\n<\/div>\n<\/div><\/section><\/div><div class=\"flex_column av_one_full  flex_column_div av-zero-column-padding first  avia-builder-el-4  el_after_av_one_full  el_before_av_hr  column-top-margin\" style='border-radius:0px; '><section class=\"av_textblock_section \"  itemscope=\"itemscope\" itemtype=\"https:\/\/schema.org\/BlogPosting\" itemprop=\"blogPost\" ><div class='avia_textblock  '   itemprop=\"text\" ><p style=\"text-align: justify;\">Hasta costanera de calle Condell llegaron ni\u00f1os y ni\u00f1as de la escuela Poetisa Gabriela Mistral, integrantes del Comit\u00e9 Comunal Ambiental, el Alcalde Julio Uribe y parte del equipo de Daoma, con el fin de entregar al Seremi de Medio Ambiente, Yoal D\u00edaz, los antecedentes que buscan declarar el humedal urbano \u201cLas Ranas\u201d en Puerto Ays\u00e9n.<\/p>\n<p style=\"text-align: justify;\">Los documentos van dirigidos a la Ministra de Medio Ambiente, Maisa Rojas. Tal como lo dio a conocer la m\u00e1xima autoridad de la comuna de Ays\u00e9n.<\/p>\n<p style=\"text-align: justify;\">\u201cUn d\u00eda hist\u00f3rico para la comuna, hicimos entrega un documento dirigido a la Ministra de Medio Ambiente, Maisa Rojas, para poder declarar un humedal urbano. Esto, se debo a un llamado de las diferentes organizaciones medioambientales y en un trabajo conjunto se han logrado estos frutos. Adem\u00e1s, agradecer a nuestra Direcci\u00f3n de Aseo Ornato y Medio Ambiente del Municipio, quienes se han llevado la pega dura de poder llegar a esta instancia\u201d, se\u00f1al\u00f3 el Alcalde, Julio Uribe.<\/p>\n<p style=\"text-align: justify;\">Junto con recibir cordialmente cada uno de los documentos, el Seremi de Medio Ambiente, Yoal D\u00edaz, asegur\u00f3 la tramitaci\u00f3n del requerimiento e hizo un llamado a cuidar el humedal urbano.<\/p>\n<p style=\"text-align: justify;\">\u201cLo importante es que, mientras ocurre este camino el humedal sigue estando ac\u00e1, as\u00ed es que, hay que cuidarlo, hay que visitarlo, hay que informarse, hay que aprender, porque es un espacio que vamos a proteger, pero tiene que todos los d\u00edas ser protegido. Tenemos un trabajo con el Comit\u00e9 Comunal Ambiental, con el departamento de medio ambiente del Municipio y por supuesto desde la Seremi de Medio Ambiente, vamos a estar ac\u00e1 a disposici\u00f3n de seguir trabajando en conjunto\u201d.<\/p>\n<p style=\"text-align: justify;\">El director de Daoma en la Municipalidad de Ays\u00e9n, Jorge Hurtado, puso en valor el trabajo de quienes est\u00e1n hoy en la oficina de medio ambiente y reforz\u00f3 el llamado a la comunidad a cuidar el humedal de calle Condell.<\/p>\n<p style=\"text-align: justify;\">\u201cLa verdad es que, me saco el sombrero con el personal que cuento en la unidad de medio ambiente, es un equipo bastante afiatado y esto fue un trabajo de largo aliento para lograr un bonito objetivo. El llamado a todas las personas a concientizar en el cuidado al medio ambiente, as\u00ed es que, vamos por mas, esto est\u00e1 reci\u00e9n empezando\u201d.<\/p>\n<p style=\"text-align: justify;\">Por su parte, la coordinadora de la certificaci\u00f3n ambiental municipal, Marcela Matus, relev\u00f3 el importante trabajo realizado con el Comit\u00e9 Comunal Ambiental, quienes a trav\u00e9s de diversas organizaciones contribuyeron con antecedentes, estudios e informaci\u00f3n para requerir que se declare el humedal urbano \u201clas Ranas\u201d. En definitiva, fue un gran trabajo de muchas personas, recalc\u00f3.<\/p>\n<p style=\"text-align: justify;\">Francisca Bahamonde, de \u201cAyciencia\u201d, valor\u00f3 llegar a esta instancia, manifestando que, \u201csurgi\u00f3 de la iniciativa ciudadana, lo que le da un valor hist\u00f3rico muy lindo. Que haya conversado la sociedad civil con las instituciones y que de ese dialogo haya salido esto, yo creo que, cuando lo tengamos vamos a celebrar, no lo haremos antes. Pero, creo que es un precedente para trabajar juntos, creo que ese es el futuro, que la misma comunidad se empodere de solicitar cosas que creemos que son beneficiosas para todos\u201d.<\/p>\n<p style=\"text-align: justify;\">En tanto, el profesor y educador ambiental de la escuela poetisa Gabriela Mistral, Andr\u00e9s Andrade, mencion\u00f3 que, \u201clo m\u00e1s importante es darnos cuenta en el lugar donde estamos habitando, esa cercan\u00eda, esa conexi\u00f3n con la naturaleza, es el motor que a nosotros como seres humanos nos debe encantar, llenar nuestro corazoncito y sentir el ambiente, porque eso es vida y esa vida hay que protegerla, hay que cuidarla y por sobre todo amarla\u201d.<\/p>\n<p style=\"text-align: justify;\">En la oportunidad, el Seremi de Medio Ambiente, Yoal D\u00edaz, tambi\u00e9n hizo entrega al Alcalde de Ays\u00e9n, Julio Uribe, el diploma que reconoce al Municipio de Ays\u00e9n, el avance a Nivel Intermedio en el Sistema de Certificaci\u00f3n Ambiental Municipal (SCAM).<\/p>\n<\/div><\/section><\/div><div  style='height:50px' class='hr hr-invisible   avia-builder-el-6  el_after_av_one_full  el_before_av_social_share '><span class='hr-inner ' ><span class='hr-inner-style'><\/span><\/span><\/div><\/p>\n<div  class='av-social-sharing-box  avia-builder-el-7  el_after_av_hr  el_before_av_hr  '><div class='av-share-box'><h5 class='av-share-link-description av-no-toc '>Compartir esta noticia<\/h5><ul class='av-share-box-list noLightbox'><li class='av-share-link av-social-link-facebook' ><a target=\"_blank\" aria-label=\"Compartir en Facebook\" href='https:\/\/www.facebook.com\/sharer.php?u=https:\/\/radiorevelacionfm.cl\/?p=45754&#038;t=Comunidad%20aysenina%20solicita%20a%20Medio%20Ambiente%20declarar%20humedal%20urbano%20%C2%ABLas%20Ranas%C2%BB' aria-hidden='false' data-av_icon='\ue8f3' data-av_iconfont='entypo-fontello' title='' data-avia-related-tooltip='Compartir en Facebook' rel=\"noopener\"><span class='avia_hidden_link_text'>Compartir en Facebook<\/span><\/a><\/li><li class='av-share-link av-social-link-twitter' ><a target=\"_blank\" aria-label=\"Compartir en Twitter\" href='https:\/\/twitter.com\/share?text=Comunidad%20aysenina%20solicita%20a%20Medio%20Ambiente%20declarar%20humedal%20urbano%20%C2%ABLas%20Ranas%C2%BB&#038;url=https:\/\/radiorevelacionfm.cl\/?p=45754' aria-hidden='false' data-av_icon='\ue8f1' data-av_iconfont='entypo-fontello' title='' data-avia-related-tooltip='Compartir en Twitter' rel=\"noopener\"><span class='avia_hidden_link_text'>Compartir en Twitter<\/span><\/a><\/li><li class='av-share-link av-social-link-whatsapp' ><a target=\"_blank\" aria-label=\"Compartir en Whatsapp\" href='https:\/\/api.whatsapp.com\/send?text=https:\/\/radiorevelacionfm.cl\/?p=45754' aria-hidden='false' data-av_icon='\uf232' data-av_iconfont='entypo-fontello' title='' data-avia-related-tooltip='Compartir en Whatsapp' rel=\"noopener\"><span class='avia_hidden_link_text'>Compartir en Whatsapp<\/span><\/a><\/li><li class='av-share-link av-social-link-linkedin' ><a target=\"_blank\" aria-label=\"Compartir en LinkedIn\" href='https:\/\/linkedin.com\/shareArticle?mini=true&#038;title=Comunidad%20aysenina%20solicita%20a%20Medio%20Ambiente%20declarar%20humedal%20urbano%20%C2%ABLas%20Ranas%C2%BB&#038;url=https:\/\/radiorevelacionfm.cl\/?p=45754' aria-hidden='false' data-av_icon='\ue8fc' data-av_iconfont='entypo-fontello' title='' data-avia-related-tooltip='Compartir en LinkedIn' rel=\"noopener\"><span class='avia_hidden_link_text'>Compartir en LinkedIn<\/span><\/a><\/li><li class='av-share-link av-social-link-mail' ><a  aria-label=\"Compartir por correo\" href='mailto:?subject=Comunidad%20aysenina%20solicita%20a%20Medio%20Ambiente%20declarar%20humedal%20urbano%20%C2%ABLas%20Ranas%C2%BB&#038;body=https:\/\/radiorevelacionfm.cl\/?p=45754' aria-hidden='false' data-av_icon='\ue805' data-av_iconfont='entypo-fontello' title='' data-avia-related-tooltip='Compartir por correo'><span class='avia_hidden_link_text'>Compartir por correo<\/span><\/a><\/li><\/ul><\/div><\/div>\n<div  style='height:50px' class='hr hr-invisible   avia-builder-el-8  el_after_av_social_share  el_before_av_comments_list '><span class='hr-inner ' ><span class='hr-inner-style'><\/span><\/span><\/div>\n<div  class='av-buildercomment  av-blog-meta-html-info-disabled av-blog-meta-tag-disabled  '><\/div>\n","protected":false},"excerpt":{"rendered":"","protected":false},"author":1,"featured_media":45755,"comment_status":"open","ping_status":"open","sticky":false,"template":"","format":"standard","meta":{"footnotes":""},"categories":[39],"tags":[],"class_list":["post-45754","post","type-post","status-publish","format-standard","has-post-thumbnail","hentry","category-medio-ambiente"],"jetpack_featured_media_url":"https:\/\/radiorevelacionfm.cl\/wp-content\/uploads\/2024\/09\/solicitud-humedal-2-1_optimized-1.jpg","_links":{"self":[{"href":"https:\/\/radiorevelacionfm.cl\/index.php?rest_route=\/wp\/v2\/posts\/45754","targetHints":{"allow":["GET"]}}],"collection":[{"href":"https:\/\/radiorevelacionfm.cl\/index.php?rest_route=\/wp\/v2\/posts"}],"about":[{"href":"https:\/\/radiorevelacionfm.cl\/index.php?rest_route=\/wp\/v2\/types\/post"}],"author":[{"embeddable":true,"href":"https:\/\/radiorevelacionfm.cl\/index.php?rest_route=\/wp\/v2\/users\/1"}],"replies":[{"embeddable":true,"href":"https:\/\/radiorevelacionfm.cl\/index.php?rest_route=%2Fwp%2Fv2%2Fcomments&post=45754"}],"version-history":[{"count":1,"href":"https:\/\/radiorevelacionfm.cl\/index.php?rest_route=\/wp\/v2\/posts\/45754\/revisions"}],"predecessor-version":[{"id":45756,"href":"https:\/\/radiorevelacionfm.cl\/index.php?rest_route=\/wp\/v2\/posts\/45754\/revisions\/45756"}],"wp:featuredmedia":[{"embeddable":true,"href":"https:\/\/radiorevelacionfm.cl\/index.php?rest_route=\/wp\/v2\/media\/45755"}],"wp:attachment":[{"href":"https:\/\/radiorevelacionfm.cl\/index.php?rest_route=%2Fwp%2Fv2%2Fmedia&parent=45754"}],"wp:term":[{"taxonomy":"category","embeddable":true,"href":"https:\/\/radiorevelacionfm.cl\/index.php?rest_route=%2Fwp%2Fv2%2Fcategories&post=45754"},{"taxonomy":"post_tag","embeddable":true,"href":"https:\/\/radiorevelacionfm.cl\/index.php?rest_route=%2Fwp%2Fv2%2Ftags&post=45754"}],"curies":[{"name":"wp","href":"https:\/\/api.w.org\/{rel}","templated":true}]}}