{"id":45751,"date":"2024-09-02T17:03:21","date_gmt":"2024-09-02T20:03:21","guid":{"rendered":"https:\/\/radiorevelacionfm.cl\/?p=45751"},"modified":"2024-09-02T17:03:21","modified_gmt":"2024-09-02T20:03:21","slug":"actores-publicos-y-privados-participaron-de-dialogo-y-taller-para-fomentar-la-innovacion-en-aysen","status":"publish","type":"post","link":"https:\/\/radiorevelacionfm.cl\/?p=45751","title":{"rendered":"Actores p\u00fablicos y privados participaron de di\u00e1logo y taller para fomentar la innovaci\u00f3n en Ays\u00e9n"},"content":{"rendered":"<div class=\"flex_column av_one_full  flex_column_div av-zero-column-padding first  avia-builder-el-0  el_before_av_one_full  avia-builder-el-first  \" style='border-radius:0px; '><div  class='avia-image-container  av-styling-    avia-builder-el-1  avia-builder-el-no-sibling  avia-align-center '  itemprop=\"image\" itemscope=\"itemscope\" itemtype=\"https:\/\/schema.org\/ImageObject\"  ><div class='avia-image-container-inner'><div class='avia-image-overlay-wrap'><img decoding=\"async\" class='wp-image-45752 avia-img-lazy-loading-not-45752 avia_image' src=\"https:\/\/radiorevelacionfm.cl\/wp-content\/uploads\/2024\/09\/5-98-1-1.jpg\" alt='' title='5 (98) (1) (1)' height=\"600\" width=\"1285\"  itemprop=\"thumbnailUrl\" srcset=\"https:\/\/radiorevelacionfm.cl\/wp-content\/uploads\/2024\/09\/5-98-1-1.jpg 1285w, https:\/\/radiorevelacionfm.cl\/wp-content\/uploads\/2024\/09\/5-98-1-1-300x140.jpg 300w, https:\/\/radiorevelacionfm.cl\/wp-content\/uploads\/2024\/09\/5-98-1-1-1030x481.jpg 1030w, https:\/\/radiorevelacionfm.cl\/wp-content\/uploads\/2024\/09\/5-98-1-1-768x359.jpg 768w, https:\/\/radiorevelacionfm.cl\/wp-content\/uploads\/2024\/09\/5-98-1-1-705x329.jpg 705w, https:\/\/radiorevelacionfm.cl\/wp-content\/uploads\/2024\/09\/5-98-1-1-450x210.jpg 450w, https:\/\/radiorevelacionfm.cl\/wp-content\/uploads\/2024\/09\/5-98-1-1-600x280.jpg 600w\" sizes=\"(max-width: 1285px) 100vw, 1285px\" \/><\/div><\/div><\/div><\/div><div class=\"flex_column av_one_full  flex_column_div av-zero-column-padding first  avia-builder-el-2  el_after_av_one_full  el_before_av_one_full  column-top-margin\" style='border-radius:0px; '><section class=\"av_textblock_section \"  itemscope=\"itemscope\" itemtype=\"https:\/\/schema.org\/BlogPosting\" itemprop=\"blogPost\" ><div class='avia_textblock  '   itemprop=\"text\" ><p style=\"text-align: center;\"><span style=\"font-size: 18pt;\"><strong>Actores p\u00fablicos y privados participaron de di\u00e1logo y taller para fomentar la innovaci\u00f3n en Ays\u00e9n<\/strong><\/span><\/p>\n<div id=\"gtx-trans\" style=\"position: absolute; left: -50px; top: 4.31534px;\">\n<div class=\"gtx-trans-icon\"><\/div>\n<\/div>\n<\/div><\/section><\/div><div class=\"flex_column av_one_full  flex_column_div av-zero-column-padding first  avia-builder-el-4  el_after_av_one_full  el_before_av_hr  column-top-margin\" style='border-radius:0px; '><section class=\"av_textblock_section \"  itemscope=\"itemscope\" itemtype=\"https:\/\/schema.org\/BlogPosting\" itemprop=\"blogPost\" ><div class='avia_textblock  '   itemprop=\"text\" ><p style=\"text-align: justify;\"><em>El evento \u201cTenemos que Innovar\u201d es una iniciativa de la C\u00e1mara Chilena de la<\/em> <em>Construcci\u00f3n a trav\u00e9s de la gerencia de Sostenibilidad e Innovaci\u00f3n del gremio.<\/em><\/p>\n<p style=\"text-align: justify;\">Con la presencia de actores p\u00fablicos y privados se desarroll\u00f3 en Coyhaique, la primera versi\u00f3n del \u201cTenemos que Innovar\u201d. Una iniciativa de la C\u00e1mara Chilena de la Construcci\u00f3n y su gerencia de Sostenibilidad e Innovaci\u00f3n, que promueve el di\u00e1logo local para generar redes y lazos en torno a esta tem\u00e1tica.<\/p>\n<p style=\"text-align: justify;\">La actividad, encabezada por el presidente de la CChC Coyhaique, Pablo Carrasco, y que cont\u00f3 con la participaci\u00f3n de Jos\u00e9 Ignacio D\u00edaz, representante del NODO de Innovaci\u00f3n de la CChC, comenz\u00f3 con la presentaci\u00f3n del proyecto que lidera la empresa Ays\u00e9n Recircular, quienes toman las boyas de poliestireno expandido de la industria acu\u00edcola, para transformarlas en paneles prefabricados para la construcci\u00f3n. Una historia que los asistentes pudieron conocer a trav\u00e9s de Fernando Soto-Aguilar, propietario de la empresa y quien valor\u00f3 que la regi\u00f3n sea sede de este tipo de instancias.<\/p>\n<p style=\"text-align: justify;\">\u201cLa innovaci\u00f3n parte por compartir conocimiento, generar redes con otros. No es un proceso que se haga solo, sino que tiene que haber m\u00e1s instancias colaborativas en estos procesos. Entonces el hecho de que est\u00e9 la academia, empresas privadas, Corfo por la parte p\u00fablica, la C\u00e1mara como gremio, ayuda mucho para sacar ideas y gestar temas de innovaci\u00f3n\u201d, se\u00f1al\u00f3.<\/p>\n<p style=\"text-align: justify;\">Esta instancia es una iniciativa de la CChC, quienes, desde hace a\u00f1os, est\u00e1n fomentando la inclusi\u00f3n de pr\u00e1cticas sostenibles e innovadoras en el rubro de la construcci\u00f3n, entendiendo que ambos conceptos requieren de articulaci\u00f3n entre diversos actores, tal como lo relev\u00f3 Pablo Carrasco, presidente del gremio de los constructores en la regi\u00f3n de Ays\u00e9n.<\/p>\n<p style=\"text-align: justify;\">\u201cLa innovaci\u00f3n es amplia y hay muchas maneras de abordarla, a trav\u00e9s del gobierno, de las empresas, generando las conversaciones y el di\u00e1logo\u201d, indic\u00f3 el dirigente gremial, agregando que \u201ca trav\u00e9s de este taller queremos hacer la invitaci\u00f3n a generar para la regi\u00f3n, a largo plazo, una visi\u00f3n que sea completa, que integre a todos los actores\u201d, finaliz\u00f3.<\/p>\n<p style=\"text-align: justify;\">Tambi\u00e9n hubo un conversatorio, del que participaron, adem\u00e1s de las CChC Coyhaique, representantes de la academia a trav\u00e9s del docente de Inacap, Alfredo \u00c1valos; el sector p\u00fablico representado por el director regional de Corfo, Humberto Mar\u00edn; y la peque\u00f1a empresa a trav\u00e9s del arquitecto Fernando S\u00e1nchez, de Plataforma Ays\u00e9n, quienes entregaron su visi\u00f3n sobre la innovaci\u00f3n y c\u00f3mo se puede potenciar su desarrollo en el territorio regional.<\/p>\n<p style=\"text-align: justify;\">El encuentro finaliz\u00f3 con un taller pr\u00e1ctico, donde los asistentes tuvieron el desaf\u00edo, desde sus \u00e1mbitos de acci\u00f3n, de proponer redes locales que fomenten la innovaci\u00f3n. Trabajo que fue valorado positivamente desde Corfo, organismo estatal que cuenta con l\u00edneas de financiamiento en este \u00e1mbito.<\/p>\n<p style=\"text-align: justify;\">\u201cTrabajamos el tema de la innovaci\u00f3n con una metodolog\u00eda bastante participativa, generando ideas y generando lazos conectores. Me qued\u00e9 con la impresi\u00f3n cierta, de que nosotros vamos a tener que seguir trabajando, porque la regi\u00f3n de Ays\u00e9n requiere precisamente gestionar la innovaci\u00f3n\u201d, explic\u00f3 el director regional de Corfo, Humberto Mar\u00edn.<\/p>\n<p style=\"text-align: justify;\">De esta manera finaliz\u00f3 \u201cTenemos que Innovar Coyhaique\u201d, una iniciativa que busca abrir el di\u00e1logo en torno a la innovaci\u00f3n y su aplicaci\u00f3n en las acciones que se generan en Ays\u00e9n, para luego, a trav\u00e9s de herramientas p\u00fablicas y privadas, comenzar a desarrollar iniciativas que perfeccionen y mejoren los procesos que se aplican en diversos \u00e1mbitos de acci\u00f3n, pero por, sobre todo, en el ecosistema econ\u00f3mico y de desarrollo local.<\/p>\n<\/div><\/section><\/div><div  style='height:50px' class='hr hr-invisible   avia-builder-el-6  el_after_av_one_full  el_before_av_social_share '><span class='hr-inner ' ><span class='hr-inner-style'><\/span><\/span><\/div><\/p>\n<div  class='av-social-sharing-box  avia-builder-el-7  el_after_av_hr  el_before_av_hr  '><div class='av-share-box'><h5 class='av-share-link-description av-no-toc '>Compartir esta noticia<\/h5><ul class='av-share-box-list noLightbox'><li class='av-share-link av-social-link-facebook' ><a target=\"_blank\" aria-label=\"Compartir en Facebook\" href='https:\/\/www.facebook.com\/sharer.php?u=https:\/\/radiorevelacionfm.cl\/?p=45751&#038;t=Actores%20p%C3%BAblicos%20y%20privados%20participaron%20de%20di%C3%A1logo%20y%20taller%20para%20fomentar%20la%20innovaci%C3%B3n%20en%20Ays%C3%A9n' aria-hidden='false' data-av_icon='\ue8f3' data-av_iconfont='entypo-fontello' title='' data-avia-related-tooltip='Compartir en Facebook' rel=\"noopener\"><span class='avia_hidden_link_text'>Compartir en Facebook<\/span><\/a><\/li><li class='av-share-link av-social-link-twitter' ><a target=\"_blank\" aria-label=\"Compartir en Twitter\" href='https:\/\/twitter.com\/share?text=Actores%20p%C3%BAblicos%20y%20privados%20participaron%20de%20di%C3%A1logo%20y%20taller%20para%20fomentar%20la%20innovaci%C3%B3n%20en%20Ays%C3%A9n&#038;url=https:\/\/radiorevelacionfm.cl\/?p=45751' aria-hidden='false' data-av_icon='\ue8f1' data-av_iconfont='entypo-fontello' title='' data-avia-related-tooltip='Compartir en Twitter' rel=\"noopener\"><span class='avia_hidden_link_text'>Compartir en Twitter<\/span><\/a><\/li><li class='av-share-link av-social-link-whatsapp' ><a target=\"_blank\" aria-label=\"Compartir en Whatsapp\" href='https:\/\/api.whatsapp.com\/send?text=https:\/\/radiorevelacionfm.cl\/?p=45751' aria-hidden='false' data-av_icon='\uf232' data-av_iconfont='entypo-fontello' title='' data-avia-related-tooltip='Compartir en Whatsapp' rel=\"noopener\"><span class='avia_hidden_link_text'>Compartir en Whatsapp<\/span><\/a><\/li><li class='av-share-link av-social-link-linkedin' ><a target=\"_blank\" aria-label=\"Compartir en LinkedIn\" href='https:\/\/linkedin.com\/shareArticle?mini=true&#038;title=Actores%20p%C3%BAblicos%20y%20privados%20participaron%20de%20di%C3%A1logo%20y%20taller%20para%20fomentar%20la%20innovaci%C3%B3n%20en%20Ays%C3%A9n&#038;url=https:\/\/radiorevelacionfm.cl\/?p=45751' aria-hidden='false' data-av_icon='\ue8fc' data-av_iconfont='entypo-fontello' title='' data-avia-related-tooltip='Compartir en LinkedIn' rel=\"noopener\"><span class='avia_hidden_link_text'>Compartir en LinkedIn<\/span><\/a><\/li><li class='av-share-link av-social-link-mail' ><a  aria-label=\"Compartir por correo\" href='mailto:?subject=Actores%20p%C3%BAblicos%20y%20privados%20participaron%20de%20di%C3%A1logo%20y%20taller%20para%20fomentar%20la%20innovaci%C3%B3n%20en%20Ays%C3%A9n&#038;body=https:\/\/radiorevelacionfm.cl\/?p=45751' aria-hidden='false' data-av_icon='\ue805' data-av_iconfont='entypo-fontello' title='' data-avia-related-tooltip='Compartir por correo'><span class='avia_hidden_link_text'>Compartir por correo<\/span><\/a><\/li><\/ul><\/div><\/div>\n<div  style='height:50px' class='hr hr-invisible   avia-builder-el-8  el_after_av_social_share  el_before_av_comments_list '><span class='hr-inner ' ><span class='hr-inner-style'><\/span><\/span><\/div>\n<div  class='av-buildercomment  av-blog-meta-html-info-disabled av-blog-meta-tag-disabled  '><\/div>\n","protected":false},"excerpt":{"rendered":"","protected":false},"author":1,"featured_media":45752,"comment_status":"open","ping_status":"open","sticky":false,"template":"","format":"standard","meta":{"footnotes":""},"categories":[38],"tags":[],"class_list":["post-45751","post","type-post","status-publish","format-standard","has-post-thumbnail","hentry","category-regional"],"jetpack_featured_media_url":"https:\/\/radiorevelacionfm.cl\/wp-content\/uploads\/2024\/09\/5-98-1-1.jpg","_links":{"self":[{"href":"https:\/\/radiorevelacionfm.cl\/index.php?rest_route=\/wp\/v2\/posts\/45751","targetHints":{"allow":["GET"]}}],"collection":[{"href":"https:\/\/radiorevelacionfm.cl\/index.php?rest_route=\/wp\/v2\/posts"}],"about":[{"href":"https:\/\/radiorevelacionfm.cl\/index.php?rest_route=\/wp\/v2\/types\/post"}],"author":[{"embeddable":true,"href":"https:\/\/radiorevelacionfm.cl\/index.php?rest_route=\/wp\/v2\/users\/1"}],"replies":[{"embeddable":true,"href":"https:\/\/radiorevelacionfm.cl\/index.php?rest_route=%2Fwp%2Fv2%2Fcomments&post=45751"}],"version-history":[{"count":1,"href":"https:\/\/radiorevelacionfm.cl\/index.php?rest_route=\/wp\/v2\/posts\/45751\/revisions"}],"predecessor-version":[{"id":45753,"href":"https:\/\/radiorevelacionfm.cl\/index.php?rest_route=\/wp\/v2\/posts\/45751\/revisions\/45753"}],"wp:featuredmedia":[{"embeddable":true,"href":"https:\/\/radiorevelacionfm.cl\/index.php?rest_route=\/wp\/v2\/media\/45752"}],"wp:attachment":[{"href":"https:\/\/radiorevelacionfm.cl\/index.php?rest_route=%2Fwp%2Fv2%2Fmedia&parent=45751"}],"wp:term":[{"taxonomy":"category","embeddable":true,"href":"https:\/\/radiorevelacionfm.cl\/index.php?rest_route=%2Fwp%2Fv2%2Fcategories&post=45751"},{"taxonomy":"post_tag","embeddable":true,"href":"https:\/\/radiorevelacionfm.cl\/index.php?rest_route=%2Fwp%2Fv2%2Ftags&post=45751"}],"curies":[{"name":"wp","href":"https:\/\/api.w.org\/{rel}","templated":true}]}}