{"id":4575,"date":"2021-05-27T11:56:27","date_gmt":"2021-05-27T14:56:27","guid":{"rendered":"https:\/\/radiorevelacionfm.cl\/?p=4575"},"modified":"2021-05-27T11:56:27","modified_gmt":"2021-05-27T14:56:27","slug":"ximena-ordenes-sobre-anuncio-presidencial-costo-un-ano-para-que-la-moneda-hablara-de-un-ife-universal-ahora-hay-que-comprobarlo","status":"publish","type":"post","link":"https:\/\/radiorevelacionfm.cl\/?p=4575","title":{"rendered":"Ximena \u00d3rdenes sobre anuncio presidencial \u00abCost\u00f3 un a\u00f1o para que la moneda hablara de un IFE Universal ahora hay que comprobarlo\u00bb"},"content":{"rendered":"<div class=\"flex_column av_one_full  flex_column_div av-zero-column-padding first  avia-builder-el-0  el_before_av_one_full  avia-builder-el-first  \" style='border-radius:0px; '><div  class='avia-image-container  av-styling-    avia-builder-el-1  avia-builder-el-no-sibling  avia-align-center '  itemprop=\"image\" itemscope=\"itemscope\" itemtype=\"https:\/\/schema.org\/ImageObject\"  ><div class='avia-image-container-inner'><div class='avia-image-overlay-wrap'><img decoding=\"async\" class='wp-image-4576 avia-img-lazy-loading-not-4576 avia_image' src=\"https:\/\/radiorevelacionfm.cl\/wp-content\/uploads\/2021\/05\/Fotos-medios-02-1-1.jpeg\" alt='' title='Fotos medios 02 (1) (1)' height=\"600\" width=\"901\"  itemprop=\"thumbnailUrl\" srcset=\"https:\/\/radiorevelacionfm.cl\/wp-content\/uploads\/2021\/05\/Fotos-medios-02-1-1.jpeg 901w, https:\/\/radiorevelacionfm.cl\/wp-content\/uploads\/2021\/05\/Fotos-medios-02-1-1-300x200.jpeg 300w, https:\/\/radiorevelacionfm.cl\/wp-content\/uploads\/2021\/05\/Fotos-medios-02-1-1-768x511.jpeg 768w, https:\/\/radiorevelacionfm.cl\/wp-content\/uploads\/2021\/05\/Fotos-medios-02-1-1-705x469.jpeg 705w, https:\/\/radiorevelacionfm.cl\/wp-content\/uploads\/2021\/05\/Fotos-medios-02-1-1-600x400.jpeg 600w\" sizes=\"(max-width: 901px) 100vw, 901px\" \/><\/div><\/div><\/div><\/div><div class=\"flex_column av_one_full  flex_column_div av-zero-column-padding first  avia-builder-el-2  el_after_av_one_full  el_before_av_one_full  column-top-margin\" style='border-radius:0px; '><section class=\"av_textblock_section \"  itemscope=\"itemscope\" itemtype=\"https:\/\/schema.org\/BlogPosting\" itemprop=\"blogPost\" ><div class='avia_textblock  '   itemprop=\"text\" ><p style=\"text-align: center;\"><strong><span style=\"font-size: 18pt;\">Ximena \u00d3rdenes sobre anuncio presidencial \u00abCost\u00f3 un a\u00f1o para que la moneda hablara de un IFE Universal ahora hay que comprobarlo\u00bb<\/span><\/strong><\/p>\n<div id=\"gtx-trans\" style=\"position: absolute; left: -50px; top: 4.31534px;\">\n<div class=\"gtx-trans-icon\"><\/div>\n<\/div>\n<\/div><\/section><\/div><div class=\"flex_column av_one_full  flex_column_div av-zero-column-padding first  avia-builder-el-4  el_after_av_one_full  el_before_av_hr  column-top-margin\" style='border-radius:0px; '><section class=\"av_textblock_section \"  itemscope=\"itemscope\" itemtype=\"https:\/\/schema.org\/BlogPosting\" itemprop=\"blogPost\" ><div class='avia_textblock  '   itemprop=\"text\" ><p class=\"v1MsoNormal\" style=\"text-align: justify;\">Con mesura se tom\u00f3 la senadora por Ays\u00e9n, Ximena \u00d3rdenes Neira, los anuncios hechos por el mandatario anoche. A su juicio, \u00abes necesario analizar lo propuesto por La Moneda, en nuestra perspectiva es que nadie quede fuera, una situaci\u00f3n que ya ha ocurrido anteriormente\u00bb, sostuvo.<\/p>\n<p class=\"v1MsoNormal\" style=\"text-align: justify;\">Con casi un mes de retraso, luego de recibir los \u00abm\u00ednimos comunes\u00bb de la oposici\u00f3n, La Moneda respondi\u00f3 con su propuesta, la cual incorpora una extensi\u00f3n del IFE al total de las familias que est\u00e1n en el Registro Social de Hogares y un fondo de US$2.000 millones para las Pymes. Una propuesta que \u00abser\u00e1 analizada en detalle\u00bb, adelant\u00f3 la senadora Ximena \u00d3rdenes.<\/p>\n<p class=\"v1MsoNormal\" style=\"text-align: justify;\">Seg\u00fan la parlamentaria los anuncios gubernamentales \u00abhay que revisarlos en detalle, porque el papel aguanta mucho, ya estamos acostumbrados a la letra chica y de las propuestas a la realidad ha existido una gran distancia y desconexi\u00f3n por parte de este Gobierno con las demandas ciudadanas y de las Pymes\u00bb.<\/p>\n<p class=\"v1MsoNormal\" style=\"text-align: justify;\">Al momento de analizar el anunci\u00f3 del IFE hecho por el Presidente, la senadora \u00d3rdenes indic\u00f3: \u00abPrimero hay que leer el proyecto para comprobar si la universalidad que asegur\u00f3 el mandatario se cumple. Segundo, lamento que los montos informados sean inferiores a los propuestos por la oposici\u00f3n. Nosotros propusimos una Renta B\u00e1sica Universal de $229.061 para una persona y que llegaba a $604.495 para un hogar de cuatro personas. Mientras que La Moneda para el mismo rango familiar propone $177 mil y $464 mil respectivamente\u00bb.<\/p>\n<p class=\"v1MsoNormal\" style=\"text-align: justify;\">En esta l\u00ednea, la senadora \u00d3rdenes lament\u00f3 que el documento \u00abm\u00ednimos comunes\u00bb entregado por los parlamentarios de la oposici\u00f3n a La Moneda, hace casi un mes, no haya sido considerado en el anuncio presidencial.<\/p>\n<p class=\"v1MsoNormal\" style=\"text-align: justify;\">\u00abNuestros &#8216;m\u00ednimos comunes&#8217; es un documento responsable lo trabajamos con gremios, expertos y de la sociedad civil, con propuestas de beneficios en materia social, sanitaria universal, y adem\u00e1s, con el detalle de d\u00f3nde sacar los recursos para ir en ayuda de la familias y especialmente de las Pymes. Por su parte, al escuchar y leer los anuncios del Gobierno queda la sensaci\u00f3n de no leyeron nuestra propuesta\u00bb.<\/p>\n<p class=\"v1MsoNormal\" style=\"text-align: justify;\">Finalmente, la senadora independiente asegur\u00f3 no entender los llamados a di\u00e1logo del La Moneda y recalc\u00f3: \u00abNo se entiende cuando el Gobierno, sus ministros nos llaman a dialogar para superar la crisis, pero al momento de demostrar este di\u00e1logo sencillamente el Presidente parece no escuchar\u00bb.<\/p>\n<\/div><\/section><\/div><div  style='height:50px' class='hr hr-invisible   avia-builder-el-6  el_after_av_one_full  el_before_av_social_share '><span class='hr-inner ' ><span class='hr-inner-style'><\/span><\/span><\/div><\/p>\n<div  class='av-social-sharing-box  avia-builder-el-7  el_after_av_hr  el_before_av_hr  '><div class='av-share-box'><h5 class='av-share-link-description av-no-toc '>Compartir esta noticia<\/h5><ul class='av-share-box-list noLightbox'><li class='av-share-link av-social-link-facebook' ><a target=\"_blank\" aria-label=\"Compartir en Facebook\" href='https:\/\/www.facebook.com\/sharer.php?u=https:\/\/radiorevelacionfm.cl\/?p=4575&#038;t=Ximena%20%C3%93rdenes%20sobre%20anuncio%20presidencial%20%C2%ABCost%C3%B3%20un%20a%C3%B1o%20para%20que%20la%20moneda%20hablara%20de%20un%20IFE%20Universal%20ahora%20hay%20que%20comprobarlo%C2%BB' aria-hidden='false' data-av_icon='\ue8f3' data-av_iconfont='entypo-fontello' title='' data-avia-related-tooltip='Compartir en Facebook' rel=\"noopener\"><span class='avia_hidden_link_text'>Compartir en Facebook<\/span><\/a><\/li><li class='av-share-link av-social-link-twitter' ><a target=\"_blank\" aria-label=\"Compartir en Twitter\" href='https:\/\/twitter.com\/share?text=Ximena%20%C3%93rdenes%20sobre%20anuncio%20presidencial%20%C2%ABCost%C3%B3%20un%20a%C3%B1o%20para%20que%20la%20moneda%20hablara%20de%20un%20IFE%20Universal%20ahora%20hay%20que%20comprobarlo%C2%BB&#038;url=https:\/\/radiorevelacionfm.cl\/?p=4575' aria-hidden='false' data-av_icon='\ue8f1' data-av_iconfont='entypo-fontello' title='' data-avia-related-tooltip='Compartir en Twitter' rel=\"noopener\"><span class='avia_hidden_link_text'>Compartir en Twitter<\/span><\/a><\/li><li class='av-share-link av-social-link-whatsapp' ><a target=\"_blank\" aria-label=\"Compartir en Whatsapp\" href='https:\/\/api.whatsapp.com\/send?text=https:\/\/radiorevelacionfm.cl\/?p=4575' aria-hidden='false' data-av_icon='\uf232' data-av_iconfont='entypo-fontello' title='' data-avia-related-tooltip='Compartir en Whatsapp' rel=\"noopener\"><span class='avia_hidden_link_text'>Compartir en Whatsapp<\/span><\/a><\/li><li class='av-share-link av-social-link-linkedin' ><a target=\"_blank\" aria-label=\"Compartir en LinkedIn\" href='https:\/\/linkedin.com\/shareArticle?mini=true&#038;title=Ximena%20%C3%93rdenes%20sobre%20anuncio%20presidencial%20%C2%ABCost%C3%B3%20un%20a%C3%B1o%20para%20que%20la%20moneda%20hablara%20de%20un%20IFE%20Universal%20ahora%20hay%20que%20comprobarlo%C2%BB&#038;url=https:\/\/radiorevelacionfm.cl\/?p=4575' aria-hidden='false' data-av_icon='\ue8fc' data-av_iconfont='entypo-fontello' title='' data-avia-related-tooltip='Compartir en LinkedIn' rel=\"noopener\"><span class='avia_hidden_link_text'>Compartir en LinkedIn<\/span><\/a><\/li><li class='av-share-link av-social-link-mail' ><a  aria-label=\"Compartir por correo\" href='mailto:?subject=Ximena%20%C3%93rdenes%20sobre%20anuncio%20presidencial%20%C2%ABCost%C3%B3%20un%20a%C3%B1o%20para%20que%20la%20moneda%20hablara%20de%20un%20IFE%20Universal%20ahora%20hay%20que%20comprobarlo%C2%BB&#038;body=https:\/\/radiorevelacionfm.cl\/?p=4575' aria-hidden='false' data-av_icon='\ue805' data-av_iconfont='entypo-fontello' title='' data-avia-related-tooltip='Compartir por correo'><span class='avia_hidden_link_text'>Compartir por correo<\/span><\/a><\/li><\/ul><\/div><\/div>\n<div  style='height:50px' class='hr hr-invisible   avia-builder-el-8  el_after_av_social_share  el_before_av_comments_list '><span class='hr-inner ' ><span class='hr-inner-style'><\/span><\/span><\/div>\n<div  class='av-buildercomment  av-blog-meta-html-info-disabled av-blog-meta-tag-disabled  '><\/div>\n","protected":false},"excerpt":{"rendered":"","protected":false},"author":1,"featured_media":4576,"comment_status":"open","ping_status":"open","sticky":false,"template":"","format":"standard","meta":{"footnotes":""},"categories":[35],"tags":[],"class_list":["post-4575","post","type-post","status-publish","format-standard","has-post-thumbnail","hentry","category-politica"],"jetpack_featured_media_url":"https:\/\/radiorevelacionfm.cl\/wp-content\/uploads\/2021\/05\/Fotos-medios-02-1-1.jpeg","_links":{"self":[{"href":"https:\/\/radiorevelacionfm.cl\/index.php?rest_route=\/wp\/v2\/posts\/4575","targetHints":{"allow":["GET"]}}],"collection":[{"href":"https:\/\/radiorevelacionfm.cl\/index.php?rest_route=\/wp\/v2\/posts"}],"about":[{"href":"https:\/\/radiorevelacionfm.cl\/index.php?rest_route=\/wp\/v2\/types\/post"}],"author":[{"embeddable":true,"href":"https:\/\/radiorevelacionfm.cl\/index.php?rest_route=\/wp\/v2\/users\/1"}],"replies":[{"embeddable":true,"href":"https:\/\/radiorevelacionfm.cl\/index.php?rest_route=%2Fwp%2Fv2%2Fcomments&post=4575"}],"version-history":[{"count":1,"href":"https:\/\/radiorevelacionfm.cl\/index.php?rest_route=\/wp\/v2\/posts\/4575\/revisions"}],"predecessor-version":[{"id":4577,"href":"https:\/\/radiorevelacionfm.cl\/index.php?rest_route=\/wp\/v2\/posts\/4575\/revisions\/4577"}],"wp:featuredmedia":[{"embeddable":true,"href":"https:\/\/radiorevelacionfm.cl\/index.php?rest_route=\/wp\/v2\/media\/4576"}],"wp:attachment":[{"href":"https:\/\/radiorevelacionfm.cl\/index.php?rest_route=%2Fwp%2Fv2%2Fmedia&parent=4575"}],"wp:term":[{"taxonomy":"category","embeddable":true,"href":"https:\/\/radiorevelacionfm.cl\/index.php?rest_route=%2Fwp%2Fv2%2Fcategories&post=4575"},{"taxonomy":"post_tag","embeddable":true,"href":"https:\/\/radiorevelacionfm.cl\/index.php?rest_route=%2Fwp%2Fv2%2Ftags&post=4575"}],"curies":[{"name":"wp","href":"https:\/\/api.w.org\/{rel}","templated":true}]}}