{"id":45748,"date":"2024-09-02T13:15:38","date_gmt":"2024-09-02T16:15:38","guid":{"rendered":"https:\/\/radiorevelacionfm.cl\/?p=45748"},"modified":"2024-09-02T13:15:38","modified_gmt":"2024-09-02T16:15:38","slug":"en-coyhaique-difunden-proyecto-de-ley-ferias-libres-reconociendo-y-fortaleciendo-el-rubro","status":"publish","type":"post","link":"https:\/\/radiorevelacionfm.cl\/?p=45748","title":{"rendered":"En Coyhaique difunden Proyecto de Ley Ferias Libres, reconociendo y fortaleciendo el rubro\u00a0"},"content":{"rendered":"<div class=\"flex_column av_one_full  flex_column_div av-zero-column-padding first  avia-builder-el-0  el_before_av_one_full  avia-builder-el-first  \" style='border-radius:0px; '><div  class='avia-image-container  av-styling-    avia-builder-el-1  avia-builder-el-no-sibling  avia-align-center '  itemprop=\"image\" itemscope=\"itemscope\" itemtype=\"https:\/\/schema.org\/ImageObject\"  ><div class='avia-image-container-inner'><div class='avia-image-overlay-wrap'><img decoding=\"async\" class='wp-image-45749 avia-img-lazy-loading-not-45749 avia_image' src=\"https:\/\/radiorevelacionfm.cl\/wp-content\/uploads\/2024\/09\/feria-vds-1-1_optimized-1.jpg\" alt='' title='feria-vds-(1)-(1)_optimized (1)' height=\"600\" width=\"900\"  itemprop=\"thumbnailUrl\" srcset=\"https:\/\/radiorevelacionfm.cl\/wp-content\/uploads\/2024\/09\/feria-vds-1-1_optimized-1.jpg 900w, https:\/\/radiorevelacionfm.cl\/wp-content\/uploads\/2024\/09\/feria-vds-1-1_optimized-1-300x200.jpg 300w, https:\/\/radiorevelacionfm.cl\/wp-content\/uploads\/2024\/09\/feria-vds-1-1_optimized-1-768x512.jpg 768w, https:\/\/radiorevelacionfm.cl\/wp-content\/uploads\/2024\/09\/feria-vds-1-1_optimized-1-705x470.jpg 705w, https:\/\/radiorevelacionfm.cl\/wp-content\/uploads\/2024\/09\/feria-vds-1-1_optimized-1-450x300.jpg 450w, https:\/\/radiorevelacionfm.cl\/wp-content\/uploads\/2024\/09\/feria-vds-1-1_optimized-1-600x400.jpg 600w\" sizes=\"(max-width: 900px) 100vw, 900px\" \/><\/div><\/div><\/div><\/div><div class=\"flex_column av_one_full  flex_column_div av-zero-column-padding first  avia-builder-el-2  el_after_av_one_full  el_before_av_one_full  column-top-margin\" style='border-radius:0px; '><section class=\"av_textblock_section \"  itemscope=\"itemscope\" itemtype=\"https:\/\/schema.org\/BlogPosting\" itemprop=\"blogPost\" ><div class='avia_textblock  '   itemprop=\"text\" ><p style=\"text-align: center;\"><strong><span style=\"font-size: 18pt;\">En Coyhaique difunden Proyecto de Ley Ferias Libres, reconociendo y fortaleciendo el rubro\u00a0<\/span><\/strong><\/p>\n<div id=\"gtx-trans\" style=\"position: absolute; left: -50px; top: 4.31534px;\">\n<div class=\"gtx-trans-icon\"><\/div>\n<\/div>\n<\/div><\/section><\/div><div class=\"flex_column av_one_full  flex_column_div av-zero-column-padding first  avia-builder-el-4  el_after_av_one_full  el_before_av_hr  column-top-margin\" style='border-radius:0px; '><section class=\"av_textblock_section \"  itemscope=\"itemscope\" itemtype=\"https:\/\/schema.org\/BlogPosting\" itemprop=\"blogPost\" ><div class='avia_textblock  '   itemprop=\"text\" ><p style=\"text-align: justify;\"><em>Las ferias libres son fundamentales para la econom\u00eda popular chilena, abasteciendo hist\u00f3ricamente a las familias del pa\u00eds con productos m\u00e1s baratos, frescos y saludables. Sin embargo, hasta el momento no cuentan con un marco jur\u00eddico que las proteja y reconozca el aporte que hacen en la sociedad. En raz\u00f3n de lo anterior el Gobierno y asociaciones de ferias libres, firmaron un acuerdo para la creaci\u00f3n del Proyecto de Ley de Ferias Libres, el que reconocer\u00e1 y fortalecer\u00e1 el rubro en nuestro pa\u00eds.<\/em><\/p>\n<p style=\"text-align: justify;\">El Ministerio de Econom\u00eda, Fomento y Turismo, en conjunto con la Confederaci\u00f3n Gremial Nacional de Organizaci\u00f3n de Ferias Libres (ASOF); la Federaci\u00f3n Nacional de Sindicatos de Ferias Libres (FETRACOM); y la Coordinadora de Ferias Libres; firmaron un acuerdo para la creaci\u00f3n de un proyecto de ley que reconoce y fortalece a las Ferias Libres de Chile. La iniciativa establece como objetivo principal la regulaci\u00f3n, el reconocimiento jur\u00eddico, fomento y desarrollo de las Ferias Libres en el pa\u00eds. Esto, fundamentado en que, esta actividad, es esencial para la alimentaci\u00f3n y el desarrollo local. De esta manera, el proyecto busca proporcionar estabilidad y continuidad a su desarrollo, incorporando mayores oportunidades econ\u00f3micas para los feriantes y mejores ferias para Chile.<\/p>\n<p style=\"text-align: justify;\">En ese contexto el Seremi de Econom\u00eda, Fomento y Turismo de la Regi\u00f3n de Ays\u00e9n; Felipe Rojas Pizarro, junto a la presidenta del Sindicato de Feria V\u00edctor Domingo Silva; Marta Soto Ru\u00edz, difundieron los alcances de esta iniciativa que es el resultado de un proceso participativo con diversos actores del rubro, el que se extendi\u00f3 por m\u00e1s de 1 a\u00f1o. El Seremi de Econom\u00eda, puntualiz\u00f3 que: \u201cEste proyecto reconoce la importancia econ\u00f3mica de las diversas actividades que se realizan en las ferias de nuestro pa\u00eds, aqu\u00ed hay historia y futuro, potencialidad de diversificar la actividad econ\u00f3mica, promoci\u00f3n de una alimentaci\u00f3n m\u00e1s saludable y seguridad alimentaria. Sabemos que esta iniciativa dar\u00e1 garant\u00edas a trav\u00e9s de un marco regulatorio y un proyecto com\u00fan, de manera tal de poder proyectar su actividad, a trav\u00e9s de capacitaci\u00f3n, acceso a instrumentos de fomento productivo, entre otros elementos positivos que est\u00e1n dentro de este proyecto de ley\u201d.<\/p>\n<p style=\"text-align: justify;\">Por su parte la presidenta del Sindicato de Feria V\u00edctor Domingo Silva, Marta Soto Ru\u00edz mencion\u00f3 que: \u201cEsta ha sido una importante conversaci\u00f3n que tenemos hace m\u00e1s de un a\u00f1o con diversas asociaciones y confederaciones nacionales. Esta ser\u00e1 la primera ley de ferias libres, que vendr\u00e1 a reconocer que somos un patrimonio nacional y dar\u00e1 el realce que merece un trabajo de tantos a\u00f1os, ya que generamos econom\u00eda en nuestros territorios y comunas, llevando dinero a nuestras familias. Ahora vamos a conversar con nuestros diputados regionales para manifestar tambi\u00e9n nuestras intenciones para esta ley\u201d.<\/p>\n<p style=\"text-align: justify;\">En relaci\u00f3n al acuerdo alcanzado entre el Gobierno y las asociaciones nacionales, \u00e9ste se basa en la concreci\u00f3n de una serie de puntos espec\u00edficos. Entre ellos se encuentran la introducci\u00f3n de una definici\u00f3n formal de Ferias Libres; el establecimiento de una representaci\u00f3n para cada feria libre a trav\u00e9s de su participaci\u00f3n en una Asamblea General y un Comit\u00e9 de Representaci\u00f3n; la racionalizaci\u00f3n y establecimiento a la arbitrariedad en el manejo de permisos de uso precario en contextos de Ferias Libres, es decir, la formalizaci\u00f3n de la relaci\u00f3n entre municipios y ferias; el establecimiento de garant\u00edas para el reconocimiento de las Ferias Libres como una actividad de car\u00e1cter patrimonial y con una vinculaci\u00f3n familiar; la definici\u00f3n de un est\u00e1ndar m\u00ednimo de las ordenanzas municipales dirigidas a las Ferias Libres; y la creaci\u00f3n de un Registro Nacional de Ferias Libres.<\/p>\n<\/div><\/section><\/div><div  style='height:50px' class='hr hr-invisible   avia-builder-el-6  el_after_av_one_full  el_before_av_social_share '><span class='hr-inner ' ><span class='hr-inner-style'><\/span><\/span><\/div><\/p>\n<div  class='av-social-sharing-box  avia-builder-el-7  el_after_av_hr  el_before_av_hr  '><div class='av-share-box'><h5 class='av-share-link-description av-no-toc '>Compartir esta noticia<\/h5><ul class='av-share-box-list noLightbox'><li class='av-share-link av-social-link-facebook' ><a target=\"_blank\" aria-label=\"Compartir en Facebook\" href='https:\/\/www.facebook.com\/sharer.php?u=https:\/\/radiorevelacionfm.cl\/?p=45748&#038;t=En%20Coyhaique%20difunden%20Proyecto%20de%20Ley%20Ferias%20Libres%2C%20reconociendo%20y%20fortaleciendo%20el%20rubro%C2%A0' aria-hidden='false' data-av_icon='\ue8f3' data-av_iconfont='entypo-fontello' title='' data-avia-related-tooltip='Compartir en Facebook' rel=\"noopener\"><span class='avia_hidden_link_text'>Compartir en Facebook<\/span><\/a><\/li><li class='av-share-link av-social-link-twitter' ><a target=\"_blank\" aria-label=\"Compartir en Twitter\" href='https:\/\/twitter.com\/share?text=En%20Coyhaique%20difunden%20Proyecto%20de%20Ley%20Ferias%20Libres%2C%20reconociendo%20y%20fortaleciendo%20el%20rubro%C2%A0&#038;url=https:\/\/radiorevelacionfm.cl\/?p=45748' aria-hidden='false' data-av_icon='\ue8f1' data-av_iconfont='entypo-fontello' title='' data-avia-related-tooltip='Compartir en Twitter' rel=\"noopener\"><span class='avia_hidden_link_text'>Compartir en Twitter<\/span><\/a><\/li><li class='av-share-link av-social-link-whatsapp' ><a target=\"_blank\" aria-label=\"Compartir en Whatsapp\" href='https:\/\/api.whatsapp.com\/send?text=https:\/\/radiorevelacionfm.cl\/?p=45748' aria-hidden='false' data-av_icon='\uf232' data-av_iconfont='entypo-fontello' title='' data-avia-related-tooltip='Compartir en Whatsapp' rel=\"noopener\"><span class='avia_hidden_link_text'>Compartir en Whatsapp<\/span><\/a><\/li><li class='av-share-link av-social-link-linkedin' ><a target=\"_blank\" aria-label=\"Compartir en LinkedIn\" href='https:\/\/linkedin.com\/shareArticle?mini=true&#038;title=En%20Coyhaique%20difunden%20Proyecto%20de%20Ley%20Ferias%20Libres%2C%20reconociendo%20y%20fortaleciendo%20el%20rubro%C2%A0&#038;url=https:\/\/radiorevelacionfm.cl\/?p=45748' aria-hidden='false' data-av_icon='\ue8fc' data-av_iconfont='entypo-fontello' title='' data-avia-related-tooltip='Compartir en LinkedIn' rel=\"noopener\"><span class='avia_hidden_link_text'>Compartir en LinkedIn<\/span><\/a><\/li><li class='av-share-link av-social-link-mail' ><a  aria-label=\"Compartir por correo\" href='mailto:?subject=En%20Coyhaique%20difunden%20Proyecto%20de%20Ley%20Ferias%20Libres%2C%20reconociendo%20y%20fortaleciendo%20el%20rubro%C2%A0&#038;body=https:\/\/radiorevelacionfm.cl\/?p=45748' aria-hidden='false' data-av_icon='\ue805' data-av_iconfont='entypo-fontello' title='' data-avia-related-tooltip='Compartir por correo'><span class='avia_hidden_link_text'>Compartir por correo<\/span><\/a><\/li><\/ul><\/div><\/div>\n<div  style='height:50px' class='hr hr-invisible   avia-builder-el-8  el_after_av_social_share  el_before_av_comments_list '><span class='hr-inner ' ><span class='hr-inner-style'><\/span><\/span><\/div>\n<div  class='av-buildercomment  av-blog-meta-html-info-disabled av-blog-meta-tag-disabled  '><\/div>\n","protected":false},"excerpt":{"rendered":"","protected":false},"author":1,"featured_media":45749,"comment_status":"open","ping_status":"open","sticky":false,"template":"","format":"standard","meta":{"footnotes":""},"categories":[38],"tags":[],"class_list":["post-45748","post","type-post","status-publish","format-standard","has-post-thumbnail","hentry","category-regional"],"jetpack_featured_media_url":"https:\/\/radiorevelacionfm.cl\/wp-content\/uploads\/2024\/09\/feria-vds-1-1_optimized-1.jpg","_links":{"self":[{"href":"https:\/\/radiorevelacionfm.cl\/index.php?rest_route=\/wp\/v2\/posts\/45748","targetHints":{"allow":["GET"]}}],"collection":[{"href":"https:\/\/radiorevelacionfm.cl\/index.php?rest_route=\/wp\/v2\/posts"}],"about":[{"href":"https:\/\/radiorevelacionfm.cl\/index.php?rest_route=\/wp\/v2\/types\/post"}],"author":[{"embeddable":true,"href":"https:\/\/radiorevelacionfm.cl\/index.php?rest_route=\/wp\/v2\/users\/1"}],"replies":[{"embeddable":true,"href":"https:\/\/radiorevelacionfm.cl\/index.php?rest_route=%2Fwp%2Fv2%2Fcomments&post=45748"}],"version-history":[{"count":1,"href":"https:\/\/radiorevelacionfm.cl\/index.php?rest_route=\/wp\/v2\/posts\/45748\/revisions"}],"predecessor-version":[{"id":45750,"href":"https:\/\/radiorevelacionfm.cl\/index.php?rest_route=\/wp\/v2\/posts\/45748\/revisions\/45750"}],"wp:featuredmedia":[{"embeddable":true,"href":"https:\/\/radiorevelacionfm.cl\/index.php?rest_route=\/wp\/v2\/media\/45749"}],"wp:attachment":[{"href":"https:\/\/radiorevelacionfm.cl\/index.php?rest_route=%2Fwp%2Fv2%2Fmedia&parent=45748"}],"wp:term":[{"taxonomy":"category","embeddable":true,"href":"https:\/\/radiorevelacionfm.cl\/index.php?rest_route=%2Fwp%2Fv2%2Fcategories&post=45748"},{"taxonomy":"post_tag","embeddable":true,"href":"https:\/\/radiorevelacionfm.cl\/index.php?rest_route=%2Fwp%2Fv2%2Ftags&post=45748"}],"curies":[{"name":"wp","href":"https:\/\/api.w.org\/{rel}","templated":true}]}}