{"id":45745,"date":"2024-09-02T11:58:10","date_gmt":"2024-09-02T14:58:10","guid":{"rendered":"https:\/\/radiorevelacionfm.cl\/?p=45745"},"modified":"2024-09-02T11:58:10","modified_gmt":"2024-09-02T14:58:10","slug":"prochile-evaluo-desafios-de-micro-y-pequenas-empresas-exportadoras-en-aysen","status":"publish","type":"post","link":"https:\/\/radiorevelacionfm.cl\/?p=45745","title":{"rendered":"ProChile evalu\u00f3 desaf\u00edos de micro y peque\u00f1as empresas exportadoras en Ays\u00e9n"},"content":{"rendered":"<div class=\"flex_column av_one_full  flex_column_div av-zero-column-padding first  avia-builder-el-0  el_before_av_one_full  avia-builder-el-first  \" style='border-radius:0px; '><div  class='avia-image-container  av-styling-    avia-builder-el-1  avia-builder-el-no-sibling  avia-align-center '  itemprop=\"image\" itemscope=\"itemscope\" itemtype=\"https:\/\/schema.org\/ImageObject\"  ><div class='avia-image-container-inner'><div class='avia-image-overlay-wrap'><img decoding=\"async\" class='wp-image-45746 avia-img-lazy-loading-not-45746 avia_image' src=\"https:\/\/radiorevelacionfm.cl\/wp-content\/uploads\/2024\/09\/CRE-3-1-1.jpeg\" alt='' title='CRE 3 (1) (1)' height=\"600\" width=\"864\"  itemprop=\"thumbnailUrl\" srcset=\"https:\/\/radiorevelacionfm.cl\/wp-content\/uploads\/2024\/09\/CRE-3-1-1.jpeg 864w, https:\/\/radiorevelacionfm.cl\/wp-content\/uploads\/2024\/09\/CRE-3-1-1-300x208.jpeg 300w, https:\/\/radiorevelacionfm.cl\/wp-content\/uploads\/2024\/09\/CRE-3-1-1-768x533.jpeg 768w, https:\/\/radiorevelacionfm.cl\/wp-content\/uploads\/2024\/09\/CRE-3-1-1-705x490.jpeg 705w, https:\/\/radiorevelacionfm.cl\/wp-content\/uploads\/2024\/09\/CRE-3-1-1-450x313.jpeg 450w, https:\/\/radiorevelacionfm.cl\/wp-content\/uploads\/2024\/09\/CRE-3-1-1-600x417.jpeg 600w\" sizes=\"(max-width: 864px) 100vw, 864px\" \/><\/div><\/div><\/div><\/div><div class=\"flex_column av_one_full  flex_column_div av-zero-column-padding first  avia-builder-el-2  el_after_av_one_full  el_before_av_one_full  column-top-margin\" style='border-radius:0px; '><section class=\"av_textblock_section \"  itemscope=\"itemscope\" itemtype=\"https:\/\/schema.org\/BlogPosting\" itemprop=\"blogPost\" ><div class='avia_textblock  '   itemprop=\"text\" ><p style=\"text-align: center;\"><strong><span style=\"font-size: 18pt;\">ProChile evalu\u00f3 desaf\u00edos de micro y peque\u00f1as empresas exportadoras en Ays\u00e9n<\/span><\/strong><\/p>\n<div id=\"gtx-trans\" style=\"position: absolute; left: -50px; top: 4.31534px;\">\n<div class=\"gtx-trans-icon\"><\/div>\n<\/div>\n<\/div><\/section><\/div><div class=\"flex_column av_one_full  flex_column_div av-zero-column-padding first  avia-builder-el-4  el_after_av_one_full  el_before_av_hr  column-top-margin\" style='border-radius:0px; '><section class=\"av_textblock_section \"  itemscope=\"itemscope\" itemtype=\"https:\/\/schema.org\/BlogPosting\" itemprop=\"blogPost\" ><div class='avia_textblock  '   itemprop=\"text\" ><p style=\"text-align: justify;\"><em>En Coyhaique se realiz\u00f3 el Encuentro Regional Exportador, para conocer la situaci\u00f3n en que se encuentran las empresas dedicadas al comercio exterior.<\/em><\/p>\n<p style=\"text-align: justify;\">El director regional de ProChile en Ays\u00e9n, Jaime Poblete, expres\u00f3 que la instituci\u00f3n evalu\u00f3 junto con representantes de empresas locales la realidad de las micro y peque\u00f1as exportadoras de la regi\u00f3n, con el objeto de ajustar los programas y herramientas que tiene la instituci\u00f3n para promover las ventas de productos y servicios al exterior.<\/p>\n<p style=\"text-align: justify;\">\u201cDurante esta semana desarrollamos el Consejo Regional Exportador de Ays\u00e9n, en que a trav\u00e9s de una conversaci\u00f3n recopilamos las experiencias de estas empresas, especialmente por las dificultades que tienen para producir y exportar, desde una zona extrema del pa\u00eds\u201d, explic\u00f3 Poblete,<\/p>\n<p style=\"text-align: justify;\">En el encuentro participaron representantes de tres empresas locales: Suryuis (jugos y concentrados de frutas), Cervecer\u00eda Dolbek y Vodka Kawesqar. Los asistentes aportaron valiosas perspectivas sobre el futuro de la regi\u00f3n, destacando los desaf\u00edos de producci\u00f3n y las complejidades log\u00edsticas y de posicionamiento que enfrentan desde la regi\u00f3n de Ays\u00e9n.<\/p>\n<p style=\"text-align: justify;\">El encuentro revel\u00f3 que uno de los principales obst\u00e1culos para el sector exportador de Ays\u00e9n es el bajo posicionamiento de la Patagonia chilena en el mercado internacional. ProChile enfatiz\u00f3 que mejorar este aspecto podr\u00eda ayudar a compensar los altos costos de energ\u00eda y log\u00edstica de la regi\u00f3n, permitiendo la venta de productos diferenciados de alto valor.<\/p>\n<p style=\"text-align: justify;\">Yuliyan Popov, representante de Vodka Kawesqar, subray\u00f3 la importancia de diferenciarse en ferias y promociones en el extranjero, se\u00f1alando que despu\u00e9s de la pandemia Chile disminuy\u00f3 su presencia y es crucial retomarla para posicionar la oferta nacional y regional.<\/p>\n<p style=\"text-align: justify;\">Como parte de sus esfuerzos para impulsar el sector, ProChile anunci\u00f3 que est\u00e1 organizando la visita de seis operadores tur\u00edsticos brasile\u00f1os a la regi\u00f3n, en colaboraci\u00f3n con Sernatur y la Oficina de ProChile en S\u00e3o Paulo.<\/p>\n<p style=\"text-align: justify;\">\u201cEste Consejo Regional Exportador demuestra el compromiso de ProChile con el desarrollo econ\u00f3mico de Ays\u00e9n, buscando soluciones innovadoras para superar los desaf\u00edos \u00fanicos que enfrenta esta regi\u00f3n patag\u00f3nica en su camino hacia la internacionalizaci\u00f3n\u201d, concluy\u00f3 Jaime Poblete.<\/p>\n<\/div><\/section><\/div><div  style='height:50px' class='hr hr-invisible   avia-builder-el-6  el_after_av_one_full  el_before_av_social_share '><span class='hr-inner ' ><span class='hr-inner-style'><\/span><\/span><\/div><\/p>\n<div  class='av-social-sharing-box  avia-builder-el-7  el_after_av_hr  el_before_av_hr  '><div class='av-share-box'><h5 class='av-share-link-description av-no-toc '>Compartir esta noticia<\/h5><ul class='av-share-box-list noLightbox'><li class='av-share-link av-social-link-facebook' ><a target=\"_blank\" aria-label=\"Compartir en Facebook\" href='https:\/\/www.facebook.com\/sharer.php?u=https:\/\/radiorevelacionfm.cl\/?p=45745&#038;t=ProChile%20evalu%C3%B3%20desaf%C3%ADos%20de%20micro%20y%20peque%C3%B1as%20empresas%20exportadoras%20en%20Ays%C3%A9n' aria-hidden='false' data-av_icon='\ue8f3' data-av_iconfont='entypo-fontello' title='' data-avia-related-tooltip='Compartir en Facebook' rel=\"noopener\"><span class='avia_hidden_link_text'>Compartir en Facebook<\/span><\/a><\/li><li class='av-share-link av-social-link-twitter' ><a target=\"_blank\" aria-label=\"Compartir en Twitter\" href='https:\/\/twitter.com\/share?text=ProChile%20evalu%C3%B3%20desaf%C3%ADos%20de%20micro%20y%20peque%C3%B1as%20empresas%20exportadoras%20en%20Ays%C3%A9n&#038;url=https:\/\/radiorevelacionfm.cl\/?p=45745' aria-hidden='false' data-av_icon='\ue8f1' data-av_iconfont='entypo-fontello' title='' data-avia-related-tooltip='Compartir en Twitter' rel=\"noopener\"><span class='avia_hidden_link_text'>Compartir en Twitter<\/span><\/a><\/li><li class='av-share-link av-social-link-whatsapp' ><a target=\"_blank\" aria-label=\"Compartir en Whatsapp\" href='https:\/\/api.whatsapp.com\/send?text=https:\/\/radiorevelacionfm.cl\/?p=45745' aria-hidden='false' data-av_icon='\uf232' data-av_iconfont='entypo-fontello' title='' data-avia-related-tooltip='Compartir en Whatsapp' rel=\"noopener\"><span class='avia_hidden_link_text'>Compartir en Whatsapp<\/span><\/a><\/li><li class='av-share-link av-social-link-linkedin' ><a target=\"_blank\" aria-label=\"Compartir en LinkedIn\" href='https:\/\/linkedin.com\/shareArticle?mini=true&#038;title=ProChile%20evalu%C3%B3%20desaf%C3%ADos%20de%20micro%20y%20peque%C3%B1as%20empresas%20exportadoras%20en%20Ays%C3%A9n&#038;url=https:\/\/radiorevelacionfm.cl\/?p=45745' aria-hidden='false' data-av_icon='\ue8fc' data-av_iconfont='entypo-fontello' title='' data-avia-related-tooltip='Compartir en LinkedIn' rel=\"noopener\"><span class='avia_hidden_link_text'>Compartir en LinkedIn<\/span><\/a><\/li><li class='av-share-link av-social-link-mail' ><a  aria-label=\"Compartir por correo\" href='mailto:?subject=ProChile%20evalu%C3%B3%20desaf%C3%ADos%20de%20micro%20y%20peque%C3%B1as%20empresas%20exportadoras%20en%20Ays%C3%A9n&#038;body=https:\/\/radiorevelacionfm.cl\/?p=45745' aria-hidden='false' data-av_icon='\ue805' data-av_iconfont='entypo-fontello' title='' data-avia-related-tooltip='Compartir por correo'><span class='avia_hidden_link_text'>Compartir por correo<\/span><\/a><\/li><\/ul><\/div><\/div>\n<div  style='height:50px' class='hr hr-invisible   avia-builder-el-8  el_after_av_social_share  el_before_av_comments_list '><span class='hr-inner ' ><span class='hr-inner-style'><\/span><\/span><\/div>\n<div  class='av-buildercomment  av-blog-meta-html-info-disabled av-blog-meta-tag-disabled  '><\/div>\n","protected":false},"excerpt":{"rendered":"","protected":false},"author":1,"featured_media":45746,"comment_status":"open","ping_status":"open","sticky":false,"template":"","format":"standard","meta":{"footnotes":""},"categories":[38],"tags":[],"class_list":["post-45745","post","type-post","status-publish","format-standard","has-post-thumbnail","hentry","category-regional"],"jetpack_featured_media_url":"https:\/\/radiorevelacionfm.cl\/wp-content\/uploads\/2024\/09\/CRE-3-1-1.jpeg","_links":{"self":[{"href":"https:\/\/radiorevelacionfm.cl\/index.php?rest_route=\/wp\/v2\/posts\/45745","targetHints":{"allow":["GET"]}}],"collection":[{"href":"https:\/\/radiorevelacionfm.cl\/index.php?rest_route=\/wp\/v2\/posts"}],"about":[{"href":"https:\/\/radiorevelacionfm.cl\/index.php?rest_route=\/wp\/v2\/types\/post"}],"author":[{"embeddable":true,"href":"https:\/\/radiorevelacionfm.cl\/index.php?rest_route=\/wp\/v2\/users\/1"}],"replies":[{"embeddable":true,"href":"https:\/\/radiorevelacionfm.cl\/index.php?rest_route=%2Fwp%2Fv2%2Fcomments&post=45745"}],"version-history":[{"count":1,"href":"https:\/\/radiorevelacionfm.cl\/index.php?rest_route=\/wp\/v2\/posts\/45745\/revisions"}],"predecessor-version":[{"id":45747,"href":"https:\/\/radiorevelacionfm.cl\/index.php?rest_route=\/wp\/v2\/posts\/45745\/revisions\/45747"}],"wp:featuredmedia":[{"embeddable":true,"href":"https:\/\/radiorevelacionfm.cl\/index.php?rest_route=\/wp\/v2\/media\/45746"}],"wp:attachment":[{"href":"https:\/\/radiorevelacionfm.cl\/index.php?rest_route=%2Fwp%2Fv2%2Fmedia&parent=45745"}],"wp:term":[{"taxonomy":"category","embeddable":true,"href":"https:\/\/radiorevelacionfm.cl\/index.php?rest_route=%2Fwp%2Fv2%2Fcategories&post=45745"},{"taxonomy":"post_tag","embeddable":true,"href":"https:\/\/radiorevelacionfm.cl\/index.php?rest_route=%2Fwp%2Fv2%2Ftags&post=45745"}],"curies":[{"name":"wp","href":"https:\/\/api.w.org\/{rel}","templated":true}]}}