{"id":45742,"date":"2024-09-02T09:45:53","date_gmt":"2024-09-02T12:45:53","guid":{"rendered":"https:\/\/radiorevelacionfm.cl\/?p=45742"},"modified":"2024-09-02T11:46:50","modified_gmt":"2024-09-02T14:46:50","slug":"seguidilla-de-sismos-en-el-volcan-cay-en-la-region-de-aysen-se-han-detectado-al-menos-48-sismos-en-las-ultimas-horas","status":"publish","type":"post","link":"https:\/\/radiorevelacionfm.cl\/?p=45742","title":{"rendered":"Seguidilla de sismos en el Volc\u00e1n Cay en la Regi\u00f3n de Ays\u00e9n, se han detectado al menos 48 sismos en las \u00faltimas horas"},"content":{"rendered":"<div class=\"flex_column av_one_full  flex_column_div av-zero-column-padding first  avia-builder-el-0  el_before_av_one_full  avia-builder-el-first  \" style='border-radius:0px; '><div  class='avia-image-container  av-styling-    avia-builder-el-1  avia-builder-el-no-sibling  avia-align-center '  itemprop=\"image\" itemscope=\"itemscope\" itemtype=\"https:\/\/schema.org\/ImageObject\"  ><div class='avia-image-container-inner'><div class='avia-image-overlay-wrap'><img decoding=\"async\" class='wp-image-45743 avia-img-lazy-loading-not-45743 avia_image' src=\"https:\/\/radiorevelacionfm.cl\/wp-content\/uploads\/2024\/09\/Volcan-Cay-1.jpg\" alt='' title='Volcan Cay (1)' height=\"605\" width=\"800\"  itemprop=\"thumbnailUrl\" srcset=\"https:\/\/radiorevelacionfm.cl\/wp-content\/uploads\/2024\/09\/Volcan-Cay-1.jpg 800w, https:\/\/radiorevelacionfm.cl\/wp-content\/uploads\/2024\/09\/Volcan-Cay-1-300x227.jpg 300w, https:\/\/radiorevelacionfm.cl\/wp-content\/uploads\/2024\/09\/Volcan-Cay-1-768x581.jpg 768w, https:\/\/radiorevelacionfm.cl\/wp-content\/uploads\/2024\/09\/Volcan-Cay-1-705x533.jpg 705w, https:\/\/radiorevelacionfm.cl\/wp-content\/uploads\/2024\/09\/Volcan-Cay-1-450x340.jpg 450w, https:\/\/radiorevelacionfm.cl\/wp-content\/uploads\/2024\/09\/Volcan-Cay-1-600x454.jpg 600w\" sizes=\"(max-width: 800px) 100vw, 800px\" \/><\/div><\/div><\/div><\/div><div class=\"flex_column av_one_full  flex_column_div av-zero-column-padding first  avia-builder-el-2  el_after_av_one_full  el_before_av_one_full  column-top-margin\" style='border-radius:0px; '><section class=\"av_textblock_section \"  itemscope=\"itemscope\" itemtype=\"https:\/\/schema.org\/BlogPosting\" itemprop=\"blogPost\" ><div class='avia_textblock  '   itemprop=\"text\" ><p style=\"text-align: center;\"><strong><span style=\"font-size: 18pt;\">Seguidilla de sismos en el Volc\u00e1n Cay en la Regi\u00f3n de Ays\u00e9n, se han detectado al menos 48 sismos en las \u00faltimas horas<\/span><\/strong><\/p>\n<div id=\"gtx-trans\" style=\"position: absolute; left: -50px; top: 4.31534px;\">\n<div class=\"gtx-trans-icon\"><\/div>\n<\/div>\n<\/div><\/section><\/div><div class=\"flex_column av_one_full  flex_column_div av-zero-column-padding first  avia-builder-el-4  el_after_av_one_full  el_before_av_hr  column-top-margin\" style='border-radius:0px; '><section class=\"av_textblock_section \"  itemscope=\"itemscope\" itemtype=\"https:\/\/schema.org\/BlogPosting\" itemprop=\"blogPost\" ><div class='avia_textblock  '   itemprop=\"text\" ><p style=\"text-align: justify;\">En la jornada del 01 de septiembre, se han detectado se\u00f1ales s\u00edsmicas en las estaciones de monitoreo de la red sismol\u00f3gica nacional en la regi\u00f3n de Ays\u00e9n, el Departamento de Analistas de RedGeoChile ha contabilizado al menos 48 sismos* a partir de las 06:47 HCL, lo que ingresa en la categor\u00eda de enjambre s\u00edsmico.<\/p>\n<p style=\"text-align: justify;\">El evento de mayor magnitud fue de 2.6 MLv a las 08:13:59 HCL. Seg\u00fan los c\u00e1lculos realizados por nuestros analistas, el origen del evento se localiza a 3 kil\u00f3metros al norte del volc\u00e1n Cay, un cuerpo volc\u00e1nico activo, que debido a su proximidad, se clasifican estos sismos de origen volcano-tect\u00f3nico (VT), y a una profundidad de 4 kil\u00f3metros.<\/p>\n<p style=\"text-align: justify;\">Asimismo, se registr\u00f3 un evento s\u00edsmico de caracter\u00edsticas similares a las 11:32:21 HCL tambi\u00e9n de magnitud de 2.6 MLv en las inmediaciones del macizo antes mencionado.<\/p>\n<p style=\"text-align: justify;\">La cantidad de sismos detectados puede ser en realidad un n\u00famero mayor. Esta cifra es tomada en base a una estaci\u00f3n sismol\u00f3gica que se ubica a unos 46 km. de distancia. Por lo que una estaci\u00f3n m\u00e1s local podr\u00eda registrar muchos m\u00e1s sismos de los vistos.<\/p>\n<p style=\"text-align: justify;\">A la emisi\u00f3n de este reporte contin\u00faa la ocurrencia de eventos s\u00edsmicos aunque de manera m\u00e1s espor\u00e1dica y de menor frecuencia en comparaci\u00f3n a horas de esta ma\u00f1ana.<\/p>\n<p style=\"text-align: justify;\">Cabe destacar que no existen reportes de percepci\u00f3n asociadas a este fen\u00f3meno.<\/p>\n<p style=\"text-align: justify;\">Tampoco se han reportado REAV que indiquen alguna anormalidad en el volc\u00e1n. Mantiene alerta t\u00e9cnica en nivel VERDE.<\/p>\n<p style=\"text-align: justify;\">Es importante se\u00f1alar que nuestro equipo mantendr\u00e1 en an\u00e1lisis esta situaci\u00f3n e informar\u00e1 cualquier novedad desde el punto de vista sismol\u00f3gico, inform\u00f3 RedGeoChile.<\/p>\n<\/div><\/section><\/div><div  style='height:50px' class='hr hr-invisible   avia-builder-el-6  el_after_av_one_full  el_before_av_social_share '><span class='hr-inner ' ><span class='hr-inner-style'><\/span><\/span><\/div><\/p>\n<div  class='av-social-sharing-box  avia-builder-el-7  el_after_av_hr  el_before_av_hr  '><div class='av-share-box'><h5 class='av-share-link-description av-no-toc '>Compartir esta noticia<\/h5><ul class='av-share-box-list noLightbox'><li class='av-share-link av-social-link-facebook' ><a target=\"_blank\" aria-label=\"Compartir en Facebook\" href='https:\/\/www.facebook.com\/sharer.php?u=https:\/\/radiorevelacionfm.cl\/?p=45742&#038;t=Seguidilla%20de%20sismos%20en%20el%20Volc%C3%A1n%20Cay%20en%20la%20Regi%C3%B3n%20de%20Ays%C3%A9n%2C%20se%20han%20detectado%20al%20menos%2048%20sismos%20en%20las%20%C3%BAltimas%20horas' aria-hidden='false' data-av_icon='\ue8f3' data-av_iconfont='entypo-fontello' title='' data-avia-related-tooltip='Compartir en Facebook' rel=\"noopener\"><span class='avia_hidden_link_text'>Compartir en Facebook<\/span><\/a><\/li><li class='av-share-link av-social-link-twitter' ><a target=\"_blank\" aria-label=\"Compartir en Twitter\" href='https:\/\/twitter.com\/share?text=Seguidilla%20de%20sismos%20en%20el%20Volc%C3%A1n%20Cay%20en%20la%20Regi%C3%B3n%20de%20Ays%C3%A9n%2C%20se%20han%20detectado%20al%20menos%2048%20sismos%20en%20las%20%C3%BAltimas%20horas&#038;url=https:\/\/radiorevelacionfm.cl\/?p=45742' aria-hidden='false' data-av_icon='\ue8f1' data-av_iconfont='entypo-fontello' title='' data-avia-related-tooltip='Compartir en Twitter' rel=\"noopener\"><span class='avia_hidden_link_text'>Compartir en Twitter<\/span><\/a><\/li><li class='av-share-link av-social-link-whatsapp' ><a target=\"_blank\" aria-label=\"Compartir en Whatsapp\" href='https:\/\/api.whatsapp.com\/send?text=https:\/\/radiorevelacionfm.cl\/?p=45742' aria-hidden='false' data-av_icon='\uf232' data-av_iconfont='entypo-fontello' title='' data-avia-related-tooltip='Compartir en Whatsapp' rel=\"noopener\"><span class='avia_hidden_link_text'>Compartir en Whatsapp<\/span><\/a><\/li><li class='av-share-link av-social-link-linkedin' ><a target=\"_blank\" aria-label=\"Compartir en LinkedIn\" href='https:\/\/linkedin.com\/shareArticle?mini=true&#038;title=Seguidilla%20de%20sismos%20en%20el%20Volc%C3%A1n%20Cay%20en%20la%20Regi%C3%B3n%20de%20Ays%C3%A9n%2C%20se%20han%20detectado%20al%20menos%2048%20sismos%20en%20las%20%C3%BAltimas%20horas&#038;url=https:\/\/radiorevelacionfm.cl\/?p=45742' aria-hidden='false' data-av_icon='\ue8fc' data-av_iconfont='entypo-fontello' title='' data-avia-related-tooltip='Compartir en LinkedIn' rel=\"noopener\"><span class='avia_hidden_link_text'>Compartir en LinkedIn<\/span><\/a><\/li><li class='av-share-link av-social-link-mail' ><a  aria-label=\"Compartir por correo\" href='mailto:?subject=Seguidilla%20de%20sismos%20en%20el%20Volc%C3%A1n%20Cay%20en%20la%20Regi%C3%B3n%20de%20Ays%C3%A9n%2C%20se%20han%20detectado%20al%20menos%2048%20sismos%20en%20las%20%C3%BAltimas%20horas&#038;body=https:\/\/radiorevelacionfm.cl\/?p=45742' aria-hidden='false' data-av_icon='\ue805' data-av_iconfont='entypo-fontello' title='' data-avia-related-tooltip='Compartir por correo'><span class='avia_hidden_link_text'>Compartir por correo<\/span><\/a><\/li><\/ul><\/div><\/div>\n<div  style='height:50px' class='hr hr-invisible   avia-builder-el-8  el_after_av_social_share  el_before_av_comments_list '><span class='hr-inner ' ><span class='hr-inner-style'><\/span><\/span><\/div>\n<div  class='av-buildercomment  av-blog-meta-html-info-disabled av-blog-meta-tag-disabled  '><\/div>\n","protected":false},"excerpt":{"rendered":"","protected":false},"author":1,"featured_media":45743,"comment_status":"open","ping_status":"open","sticky":false,"template":"","format":"standard","meta":{"footnotes":""},"categories":[38],"tags":[],"class_list":["post-45742","post","type-post","status-publish","format-standard","has-post-thumbnail","hentry","category-regional"],"jetpack_featured_media_url":"https:\/\/radiorevelacionfm.cl\/wp-content\/uploads\/2024\/09\/Volcan-Cay-1.jpg","_links":{"self":[{"href":"https:\/\/radiorevelacionfm.cl\/index.php?rest_route=\/wp\/v2\/posts\/45742","targetHints":{"allow":["GET"]}}],"collection":[{"href":"https:\/\/radiorevelacionfm.cl\/index.php?rest_route=\/wp\/v2\/posts"}],"about":[{"href":"https:\/\/radiorevelacionfm.cl\/index.php?rest_route=\/wp\/v2\/types\/post"}],"author":[{"embeddable":true,"href":"https:\/\/radiorevelacionfm.cl\/index.php?rest_route=\/wp\/v2\/users\/1"}],"replies":[{"embeddable":true,"href":"https:\/\/radiorevelacionfm.cl\/index.php?rest_route=%2Fwp%2Fv2%2Fcomments&post=45742"}],"version-history":[{"count":1,"href":"https:\/\/radiorevelacionfm.cl\/index.php?rest_route=\/wp\/v2\/posts\/45742\/revisions"}],"predecessor-version":[{"id":45744,"href":"https:\/\/radiorevelacionfm.cl\/index.php?rest_route=\/wp\/v2\/posts\/45742\/revisions\/45744"}],"wp:featuredmedia":[{"embeddable":true,"href":"https:\/\/radiorevelacionfm.cl\/index.php?rest_route=\/wp\/v2\/media\/45743"}],"wp:attachment":[{"href":"https:\/\/radiorevelacionfm.cl\/index.php?rest_route=%2Fwp%2Fv2%2Fmedia&parent=45742"}],"wp:term":[{"taxonomy":"category","embeddable":true,"href":"https:\/\/radiorevelacionfm.cl\/index.php?rest_route=%2Fwp%2Fv2%2Fcategories&post=45742"},{"taxonomy":"post_tag","embeddable":true,"href":"https:\/\/radiorevelacionfm.cl\/index.php?rest_route=%2Fwp%2Fv2%2Ftags&post=45742"}],"curies":[{"name":"wp","href":"https:\/\/api.w.org\/{rel}","templated":true}]}}