{"id":45738,"date":"2024-09-01T21:06:52","date_gmt":"2024-09-02T00:06:52","guid":{"rendered":"https:\/\/radiorevelacionfm.cl\/?p=45738"},"modified":"2024-09-01T21:18:42","modified_gmt":"2024-09-02T00:18:42","slug":"expopatagonia-en-santiago-15-000-personas-la-visitaron-y-mas-de-30-millones-se-registraron-en-ventas","status":"publish","type":"post","link":"https:\/\/radiorevelacionfm.cl\/?p=45738","title":{"rendered":"ExpoPatagonia en Santiago: 15.000 personas la visitaron y m\u00e1s de $30 millones se registraron en ventas"},"content":{"rendered":"<div class=\"flex_column av_one_full  flex_column_div av-zero-column-padding first  avia-builder-el-0  el_before_av_one_full  avia-builder-el-first  \" style='border-radius:0px; '><div  class='avia-image-container  av-styling-    avia-builder-el-1  avia-builder-el-no-sibling  avia-align-center '  itemprop=\"image\" itemscope=\"itemscope\" itemtype=\"https:\/\/schema.org\/ImageObject\"  ><div class='avia-image-container-inner'><div class='avia-image-overlay-wrap'><img decoding=\"async\" class='wp-image-45739 avia-img-lazy-loading-not-45739 avia_image' src=\"https:\/\/radiorevelacionfm.cl\/wp-content\/uploads\/2024\/09\/expo02-1_optimized.jpeg\" alt='' title='expo02-(1)_optimized' height=\"600\" width=\"939\"  itemprop=\"thumbnailUrl\" srcset=\"https:\/\/radiorevelacionfm.cl\/wp-content\/uploads\/2024\/09\/expo02-1_optimized.jpeg 939w, https:\/\/radiorevelacionfm.cl\/wp-content\/uploads\/2024\/09\/expo02-1_optimized-300x192.jpeg 300w, https:\/\/radiorevelacionfm.cl\/wp-content\/uploads\/2024\/09\/expo02-1_optimized-768x491.jpeg 768w, https:\/\/radiorevelacionfm.cl\/wp-content\/uploads\/2024\/09\/expo02-1_optimized-705x450.jpeg 705w, https:\/\/radiorevelacionfm.cl\/wp-content\/uploads\/2024\/09\/expo02-1_optimized-450x288.jpeg 450w, https:\/\/radiorevelacionfm.cl\/wp-content\/uploads\/2024\/09\/expo02-1_optimized-600x383.jpeg 600w\" sizes=\"(max-width: 939px) 100vw, 939px\" \/><\/div><\/div><\/div><\/div>\n<div class=\"flex_column av_one_full  flex_column_div av-zero-column-padding first  avia-builder-el-2  el_after_av_one_full  el_before_av_one_full  column-top-margin\" style='border-radius:0px; '><section class=\"av_textblock_section \"  itemscope=\"itemscope\" itemtype=\"https:\/\/schema.org\/BlogPosting\" itemprop=\"blogPost\" ><div class='avia_textblock  '   itemprop=\"text\" ><p style=\"text-align: center;\"><span style=\"font-size: 18pt;\"><b>ExpoPatagonia en Santiago: 15.000 personas la visitaron y m\u00e1s de $30 millones se registraron en ventas<\/b><\/span><\/p>\n<div id=\"gtx-trans\" style=\"position: absolute; left: -50px; top: 4.31534px;\">\n<div class=\"gtx-trans-icon\"><\/div>\n<\/div>\n<\/div><\/section><\/div>\n<div class=\"flex_column av_one_full  flex_column_div av-zero-column-padding first  avia-builder-el-4  el_after_av_one_full  el_before_av_hr  column-top-margin\" style='border-radius:0px; '><section class=\"av_textblock_section \"  itemscope=\"itemscope\" itemtype=\"https:\/\/schema.org\/BlogPosting\" itemprop=\"blogPost\" ><div class='avia_textblock  '   itemprop=\"text\" ><p style=\"text-align: justify;\"><em>Entre el 30 de agosto y este 1 de septiembre la Expo Patagonia 2024 organizada por el Municipio de Coyhaique marc\u00f3 el panorama del fin de semana en la capital regional tras alianza con Falabella y Mall Plaza.<\/em><\/p>\n<p style=\"text-align: justify;\">Con el objetivo de promover la ExpoPatagonia 2024 e invitar a los capitalinos a disfrutar del destino Coyhaique, as\u00ed como tambi\u00e9n de los productos elaborados por artesanos y sabores patag\u00f3nicos se desarroll\u00f3 la Expo Patagonia en Falabella del Mall Alto Las Condes, feria que cont\u00f3 con m\u00e1s de 20 expositores de destacadas marcas locales, y embajadores del mundo de la gastronom\u00eda, bebestibles y artesan\u00eda.<\/p>\n<p style=\"text-align: justify;\">Este hist\u00f3rico hito que se realiz\u00f3 en la tienda de Falabella que m\u00e1s ventas registra en nuestro pa\u00eds, se transform\u00f3 en una oportunidad \u00fanica para quienes la visitaron en la que pudieron degustar cervezas artesanales o vodka premium, probar el famoso salm\u00f3n ahumado o alguna de las mermeladas de frutos org\u00e1nicos, que son un emblema de la regi\u00f3n. Asimismo, el p\u00fablico pudo comprar productos de cosm\u00e9tica natural, artesan\u00edas hechas en madera, tejidos e incluso accesorios para el hogar u oficina.<\/p>\n<p style=\"text-align: justify;\">Tras el evento, el alcalde de Coyhaique, Carlos Gatica Villegas, manifest\u00f3 que \u201csiempre hemos tratado de poder generar actividades y oportunidades que nos vayan dando el posicionamiento que se merece nuestra capital regional. Aqu\u00ed, hemos brindado una oportunidad a nuestros emprendedores, a nuestra gente, de poder mostrar lo mejor de nuestra tierra, pero tambi\u00e9n posicionar el destino Coyhaique, el coraz\u00f3n de la Patagonia Chilena\u201d.<\/p>\n<p style=\"text-align: justify;\">\u201cQui\u00e9n pensar\u00eda que, alg\u00fan emprendedor de Coyhaique iba a poder estar vendiendo sus productos en una de las tiendas m\u00e1s grandes de nuestro pa\u00eds, esto es hacer historia con ellos. Y lo hicimos en conjunto al Gobierno Regional, que nos ha apoyado enormemente, tambi\u00e9n el gobierno central y SERNATUR, adem\u00e1s de la direcci\u00f3n nacional de INDAP, con quienes hemos hecho una alianza. Estamos tambi\u00e9n con nuestros concejales trabajando para generar las oportunidades que se merece nuestra gente, si a ellos le va bien, a nosotros tambi\u00e9n, generamos trabajo, desarrollamos el territorio y fomentamos el turismo, logr\u00e1ndose tambi\u00e9n aumentar los ingresos territoriales al municipio, por tanto, agradecemos a Falabella por esta exitosa alianza lograda y que esperamos se pueda continuar\u201d.<\/p>\n<p style=\"text-align: justify;\">En tanto, la gerenta de Falabella Alto Las Condes, Pamela Mu\u00f1oz \u201cpara nosotros ha sido un placer tener a todos los expositores ac\u00e1, es la primera vez que podemos tener estos productos y ponerlos a disposici\u00f3n de nuestros clientes, les ha ido muy bien a los expositores y los clientes se han visto maravillados, hemos registrado una alta afluencia de p\u00fablico, esto ha sido algo diferente para nosotros como tienda y dado el \u00e9xito, hemos dejado nuestras puertas abiertas para cuando quieran regresar, estamos felices de haberles recibido\u201d.<\/p>\n<p style=\"text-align: justify;\">Sobre la experiencia, Katherine Gallardo del emprendimiento Recuerda Ays\u00e9n que forma parte de la A.G. Arte Patagonia, expres\u00f3 que \u201cha sido maravilloso y una experiencia enriquecedora para todos nosotros, poder traer a la capital nuestros productos de artesan\u00eda es espectacular, esperamos que esto contin\u00fae para que puedan venir m\u00e1s emprendedores en una pr\u00f3xima oportunidad, agradecemos al alcalde y Municipio por lograr esta instancia\u201d.<\/p>\n<p style=\"text-align: justify;\">Otra de las emprendedoras que fueron parte de ExpoPatagonia en Santiago, fue Elizabeth Barkla de Fundo Panguilemu, coment\u00f3 que \u201cestamos sumamente agradecidos de esta oportunidad para poder presentar productos como los nuestros que son de carne regenerativa, ha sido un evento de mucha producci\u00f3n y que ha logrado hacernos f\u00e1cil difundirnos, generar ventas y compartir con nuevos clientes, as\u00ed es que agradecidos del Municipio y el GORE Ays\u00e9n por hacernos parte\u201d.<\/p>\n<p style=\"text-align: justify;\">Cabe destacar, que fueron parte de esta primera versi\u00f3n de ExpoPatagonia en Santiago; Patagonia Nuestra, Vodka Kaweskar, Suryuis, Pampa y Fiordo, Valle Huemules, Buen Punto, D\u2019olbeck, IARU, Fundo Panguilemu, Koikon, Sawa, La Rural, La oveja veloz, Bitter Onok, Miel Koraiken, Mara, Creaciones Corteza, La Pajarera, Ciruelillo y A.G. Arte Patagonia que llev\u00f3 productos de 60 artesanos locales.<\/p>\n<\/div><\/section><\/div><div  style='height:50px' class='hr hr-invisible   avia-builder-el-6  el_after_av_one_full  el_before_av_social_share '><span class='hr-inner ' ><span class='hr-inner-style'><\/span><\/span><\/div><\/p>\n<div  class='av-social-sharing-box  avia-builder-el-7  el_after_av_hr  el_before_av_hr  '><div class='av-share-box'><h5 class='av-share-link-description av-no-toc '>Compartir esta noticia<\/h5><ul class='av-share-box-list noLightbox'><li class='av-share-link av-social-link-facebook' ><a target=\"_blank\" aria-label=\"Compartir en Facebook\" href='https:\/\/www.facebook.com\/sharer.php?u=https:\/\/radiorevelacionfm.cl\/?p=45738&#038;t=ExpoPatagonia%20en%20Santiago%3A%2015.000%20personas%20la%20visitaron%20y%20m%C3%A1s%20de%20%2430%20millones%20se%20registraron%20en%20ventas' aria-hidden='false' data-av_icon='\ue8f3' data-av_iconfont='entypo-fontello' title='' data-avia-related-tooltip='Compartir en Facebook' rel=\"noopener\"><span class='avia_hidden_link_text'>Compartir en Facebook<\/span><\/a><\/li><li class='av-share-link av-social-link-twitter' ><a target=\"_blank\" aria-label=\"Compartir en Twitter\" href='https:\/\/twitter.com\/share?text=ExpoPatagonia%20en%20Santiago%3A%2015.000%20personas%20la%20visitaron%20y%20m%C3%A1s%20de%20%2430%20millones%20se%20registraron%20en%20ventas&#038;url=https:\/\/radiorevelacionfm.cl\/?p=45738' aria-hidden='false' data-av_icon='\ue8f1' data-av_iconfont='entypo-fontello' title='' data-avia-related-tooltip='Compartir en Twitter' rel=\"noopener\"><span class='avia_hidden_link_text'>Compartir en Twitter<\/span><\/a><\/li><li class='av-share-link av-social-link-whatsapp' ><a target=\"_blank\" aria-label=\"Compartir en Whatsapp\" href='https:\/\/api.whatsapp.com\/send?text=https:\/\/radiorevelacionfm.cl\/?p=45738' aria-hidden='false' data-av_icon='\uf232' data-av_iconfont='entypo-fontello' title='' data-avia-related-tooltip='Compartir en Whatsapp' rel=\"noopener\"><span class='avia_hidden_link_text'>Compartir en Whatsapp<\/span><\/a><\/li><li class='av-share-link av-social-link-linkedin' ><a target=\"_blank\" aria-label=\"Compartir en LinkedIn\" href='https:\/\/linkedin.com\/shareArticle?mini=true&#038;title=ExpoPatagonia%20en%20Santiago%3A%2015.000%20personas%20la%20visitaron%20y%20m%C3%A1s%20de%20%2430%20millones%20se%20registraron%20en%20ventas&#038;url=https:\/\/radiorevelacionfm.cl\/?p=45738' aria-hidden='false' data-av_icon='\ue8fc' data-av_iconfont='entypo-fontello' title='' data-avia-related-tooltip='Compartir en LinkedIn' rel=\"noopener\"><span class='avia_hidden_link_text'>Compartir en LinkedIn<\/span><\/a><\/li><li class='av-share-link av-social-link-mail' ><a  aria-label=\"Compartir por correo\" href='mailto:?subject=ExpoPatagonia%20en%20Santiago%3A%2015.000%20personas%20la%20visitaron%20y%20m%C3%A1s%20de%20%2430%20millones%20se%20registraron%20en%20ventas&#038;body=https:\/\/radiorevelacionfm.cl\/?p=45738' aria-hidden='false' data-av_icon='\ue805' data-av_iconfont='entypo-fontello' title='' data-avia-related-tooltip='Compartir por correo'><span class='avia_hidden_link_text'>Compartir por correo<\/span><\/a><\/li><\/ul><\/div><\/div>\n<div  style='height:50px' class='hr hr-invisible   avia-builder-el-8  el_after_av_social_share  el_before_av_comments_list '><span class='hr-inner ' ><span class='hr-inner-style'><\/span><\/span><\/div>\n<div  class='av-buildercomment  av-blog-meta-html-info-disabled av-blog-meta-tag-disabled  '><\/div>\n","protected":false},"excerpt":{"rendered":"","protected":false},"author":1,"featured_media":45739,"comment_status":"open","ping_status":"open","sticky":false,"template":"","format":"standard","meta":{"footnotes":""},"categories":[38],"tags":[],"class_list":["post-45738","post","type-post","status-publish","format-standard","has-post-thumbnail","hentry","category-regional"],"jetpack_featured_media_url":"https:\/\/radiorevelacionfm.cl\/wp-content\/uploads\/2024\/09\/expo02-1_optimized.jpeg","_links":{"self":[{"href":"https:\/\/radiorevelacionfm.cl\/index.php?rest_route=\/wp\/v2\/posts\/45738","targetHints":{"allow":["GET"]}}],"collection":[{"href":"https:\/\/radiorevelacionfm.cl\/index.php?rest_route=\/wp\/v2\/posts"}],"about":[{"href":"https:\/\/radiorevelacionfm.cl\/index.php?rest_route=\/wp\/v2\/types\/post"}],"author":[{"embeddable":true,"href":"https:\/\/radiorevelacionfm.cl\/index.php?rest_route=\/wp\/v2\/users\/1"}],"replies":[{"embeddable":true,"href":"https:\/\/radiorevelacionfm.cl\/index.php?rest_route=%2Fwp%2Fv2%2Fcomments&post=45738"}],"version-history":[{"count":2,"href":"https:\/\/radiorevelacionfm.cl\/index.php?rest_route=\/wp\/v2\/posts\/45738\/revisions"}],"predecessor-version":[{"id":45741,"href":"https:\/\/radiorevelacionfm.cl\/index.php?rest_route=\/wp\/v2\/posts\/45738\/revisions\/45741"}],"wp:featuredmedia":[{"embeddable":true,"href":"https:\/\/radiorevelacionfm.cl\/index.php?rest_route=\/wp\/v2\/media\/45739"}],"wp:attachment":[{"href":"https:\/\/radiorevelacionfm.cl\/index.php?rest_route=%2Fwp%2Fv2%2Fmedia&parent=45738"}],"wp:term":[{"taxonomy":"category","embeddable":true,"href":"https:\/\/radiorevelacionfm.cl\/index.php?rest_route=%2Fwp%2Fv2%2Fcategories&post=45738"},{"taxonomy":"post_tag","embeddable":true,"href":"https:\/\/radiorevelacionfm.cl\/index.php?rest_route=%2Fwp%2Fv2%2Ftags&post=45738"}],"curies":[{"name":"wp","href":"https:\/\/api.w.org\/{rel}","templated":true}]}}