{"id":45732,"date":"2024-09-01T17:49:57","date_gmt":"2024-09-01T20:49:57","guid":{"rendered":"https:\/\/radiorevelacionfm.cl\/?p=45732"},"modified":"2024-09-01T17:49:57","modified_gmt":"2024-09-01T20:49:57","slug":"uaysen-invita-a-jovenes-y-establecimientos-educativos-a-su-jornada-puertas-abiertas-de-admision","status":"publish","type":"post","link":"https:\/\/radiorevelacionfm.cl\/?p=45732","title":{"rendered":"UAys\u00e9n invita a j\u00f3venes y establecimientos educativos a su Jornada Puertas Abiertas de Admisi\u00f3n"},"content":{"rendered":"<div class=\"flex_column av_one_full  flex_column_div av-zero-column-padding first  avia-builder-el-0  el_before_av_one_full  avia-builder-el-first  \" style='border-radius:0px; '><div  class='avia-image-container  av-styling-    avia-builder-el-1  avia-builder-el-no-sibling  avia-align-center '  itemprop=\"image\" itemscope=\"itemscope\" itemtype=\"https:\/\/schema.org\/ImageObject\"  ><div class='avia-image-container-inner'><div class='avia-image-overlay-wrap'><img decoding=\"async\" class='wp-image-45733 avia-img-lazy-loading-not-45733 avia_image' src=\"https:\/\/radiorevelacionfm.cl\/wp-content\/uploads\/2024\/09\/DSC01260-1-1.jpg\" alt='' title='DSC01260 (1) (1)' height=\"600\" width=\"900\"  itemprop=\"thumbnailUrl\" srcset=\"https:\/\/radiorevelacionfm.cl\/wp-content\/uploads\/2024\/09\/DSC01260-1-1.jpg 900w, https:\/\/radiorevelacionfm.cl\/wp-content\/uploads\/2024\/09\/DSC01260-1-1-300x200.jpg 300w, https:\/\/radiorevelacionfm.cl\/wp-content\/uploads\/2024\/09\/DSC01260-1-1-768x512.jpg 768w, https:\/\/radiorevelacionfm.cl\/wp-content\/uploads\/2024\/09\/DSC01260-1-1-705x470.jpg 705w, https:\/\/radiorevelacionfm.cl\/wp-content\/uploads\/2024\/09\/DSC01260-1-1-450x300.jpg 450w, https:\/\/radiorevelacionfm.cl\/wp-content\/uploads\/2024\/09\/DSC01260-1-1-600x400.jpg 600w\" sizes=\"(max-width: 900px) 100vw, 900px\" \/><\/div><\/div><\/div><\/div><div class=\"flex_column av_one_full  flex_column_div av-zero-column-padding first  avia-builder-el-2  el_after_av_one_full  el_before_av_one_full  column-top-margin\" style='border-radius:0px; '><section class=\"av_textblock_section \"  itemscope=\"itemscope\" itemtype=\"https:\/\/schema.org\/BlogPosting\" itemprop=\"blogPost\" ><div class='avia_textblock  '   itemprop=\"text\" ><p style=\"text-align: center;\"><strong><span style=\"font-size: 18pt;\">UAys\u00e9n invita a j\u00f3venes y establecimientos educativos a su Jornada Puertas Abiertas de Admisi\u00f3n\u00a0<\/span><\/strong><\/p>\n<div id=\"gtx-trans\" style=\"position: absolute; left: -50px; top: 4.31534px;\">\n<div class=\"gtx-trans-icon\"><\/div>\n<\/div>\n<\/div><\/section><\/div><div class=\"flex_column av_one_full  flex_column_div av-zero-column-padding first  avia-builder-el-4  el_after_av_one_full  el_before_av_hr  column-top-margin\" style='border-radius:0px; '><section class=\"av_textblock_section \"  itemscope=\"itemscope\" itemtype=\"https:\/\/schema.org\/BlogPosting\" itemprop=\"blogPost\" ><div class='avia_textblock  '   itemprop=\"text\" ><p dir=\"ltr\" style=\"text-align: justify;\"><em>La casa de estudios estatal y regional abrir\u00e1 las dependencias del Campus Lillo, ubicado en calle Eusebio Lillo 667, el mi\u00e9rcoles 4 de septiembre con la finalidad de informar sobre su oferta de pregrado, becas y beneficios.<\/em><\/p>\n<p dir=\"ltr\" style=\"text-align: justify;\">De cara al proceso de admisi\u00f3n 2025 que se avecina, la Universidad de Ays\u00e9n realizar\u00e1 en el Campus Lillo ubicado en el sector c\u00e9ntrico de Coyhaique, su ya tradicional Jornada Puertas Abiertas de Admisi\u00f3n el mi\u00e9rcoles 4 de septiembre de 09:00 a 17:00 horas. La mencionada actividad, tiene por finalidad entregar informaci\u00f3n pertinente para que los j\u00f3venes de la regi\u00f3n puedan acceder a la educaci\u00f3n superior adem\u00e1s de difundir la oferta de pregrado, v\u00edas de acceso y las becas y beneficios que brinda la Universidad de Ays\u00e9n, entre otros aspectos.<\/p>\n<p dir=\"ltr\" style=\"text-align: justify;\">Seg\u00fan lo informado por Juan Pablo Prieto Cox, administrador provisional de la UAys\u00e9n, la actividad, se encuentra dirigida a estudiantes de ense\u00f1anza media, egresados, padres y apoderados y delegaciones de establecimientos educacionales. A su vez, la autoridad universitaria se\u00f1ala que el Campus Lillo contar\u00e1 con stands por carreras que imparte la casa de estudios estatal, informaci\u00f3n sobre becas, beneficios con los que cuenta la Universidad de Ays\u00e9n, sus dependencias como laboratorios y salas de clases\u00a0 y el equipamiento,\u00a0 adem\u00e1s de las v\u00edas de acceso para ingresar a formarse en la UAys\u00e9n.<\/p>\n<p dir=\"ltr\" style=\"text-align: justify;\">Al respecto, Juan Pablo Prieto Cox, realiza la invitaci\u00f3n a los j\u00f3venes y comunidades educativas para que asistan a esta importante actividad. \u00abBueno, este mi\u00e9rcoles 4 de septiembre invitamos a todos los j\u00f3venes de la regi\u00f3n a las Puertas Abiertas de la Universidad\u00a0 de Ays\u00e9n, que se realizar\u00e1 durante todo el d\u00eda, de las 9 hasta las 5 de la tarde, en nuestras instalaciones en el Campus Lillo para que conozcan las carreras, los beneficios, los procesos de admisi\u00f3n que llevamos adelante y puedan interactuar con los profesores y profesoras de la Universidad de manera que conozcan la oferta acad\u00e9mica que tenemos para el a\u00f1o 2025, se incorporen tambi\u00e9n a las tareas y a la actividad que desarrollamos como Universidad de Ays\u00e9n, los esperamos en nuestro campus Lillo este 4 de septiembre\u00bb, enfatiz\u00f3.<\/p>\n<p dir=\"ltr\" style=\"text-align: justify;\">Cabe se\u00f1alar que los establecimientos educacionales que se quieran acercar con sus delegaciones o individualmente pueden inscribirse en el sitio web de la universidad\u00a0<a href=\"http:\/\/www.uaysen.cl\/\" target=\"_blank\" rel=\"noopener noreferrer\">www.uaysen.cl<\/a>\u00a0o escribiendo directamente al mail a\u00a0<a href=\"mailto:admision@uaysen.cl\" rel=\"noreferrer\">admision@uaysen.cl<\/a><\/p>\n<\/div><\/section><\/div><div  style='height:50px' class='hr hr-invisible   avia-builder-el-6  el_after_av_one_full  el_before_av_social_share '><span class='hr-inner ' ><span class='hr-inner-style'><\/span><\/span><\/div><\/p>\n<div  class='av-social-sharing-box  avia-builder-el-7  el_after_av_hr  el_before_av_hr  '><div class='av-share-box'><h5 class='av-share-link-description av-no-toc '>Compartir esta noticia<\/h5><ul class='av-share-box-list noLightbox'><li class='av-share-link av-social-link-facebook' ><a target=\"_blank\" aria-label=\"Compartir en Facebook\" href='https:\/\/www.facebook.com\/sharer.php?u=https:\/\/radiorevelacionfm.cl\/?p=45732&#038;t=UAys%C3%A9n%20invita%20a%20j%C3%B3venes%20y%20establecimientos%20educativos%20a%20su%20Jornada%20Puertas%20Abiertas%20de%20Admisi%C3%B3n' aria-hidden='false' data-av_icon='\ue8f3' data-av_iconfont='entypo-fontello' title='' data-avia-related-tooltip='Compartir en Facebook' rel=\"noopener\"><span class='avia_hidden_link_text'>Compartir en Facebook<\/span><\/a><\/li><li class='av-share-link av-social-link-twitter' ><a target=\"_blank\" aria-label=\"Compartir en Twitter\" href='https:\/\/twitter.com\/share?text=UAys%C3%A9n%20invita%20a%20j%C3%B3venes%20y%20establecimientos%20educativos%20a%20su%20Jornada%20Puertas%20Abiertas%20de%20Admisi%C3%B3n&#038;url=https:\/\/radiorevelacionfm.cl\/?p=45732' aria-hidden='false' data-av_icon='\ue8f1' data-av_iconfont='entypo-fontello' title='' data-avia-related-tooltip='Compartir en Twitter' rel=\"noopener\"><span class='avia_hidden_link_text'>Compartir en Twitter<\/span><\/a><\/li><li class='av-share-link av-social-link-whatsapp' ><a target=\"_blank\" aria-label=\"Compartir en Whatsapp\" href='https:\/\/api.whatsapp.com\/send?text=https:\/\/radiorevelacionfm.cl\/?p=45732' aria-hidden='false' data-av_icon='\uf232' data-av_iconfont='entypo-fontello' title='' data-avia-related-tooltip='Compartir en Whatsapp' rel=\"noopener\"><span class='avia_hidden_link_text'>Compartir en Whatsapp<\/span><\/a><\/li><li class='av-share-link av-social-link-linkedin' ><a target=\"_blank\" aria-label=\"Compartir en LinkedIn\" href='https:\/\/linkedin.com\/shareArticle?mini=true&#038;title=UAys%C3%A9n%20invita%20a%20j%C3%B3venes%20y%20establecimientos%20educativos%20a%20su%20Jornada%20Puertas%20Abiertas%20de%20Admisi%C3%B3n&#038;url=https:\/\/radiorevelacionfm.cl\/?p=45732' aria-hidden='false' data-av_icon='\ue8fc' data-av_iconfont='entypo-fontello' title='' data-avia-related-tooltip='Compartir en LinkedIn' rel=\"noopener\"><span class='avia_hidden_link_text'>Compartir en LinkedIn<\/span><\/a><\/li><li class='av-share-link av-social-link-mail' ><a  aria-label=\"Compartir por correo\" href='mailto:?subject=UAys%C3%A9n%20invita%20a%20j%C3%B3venes%20y%20establecimientos%20educativos%20a%20su%20Jornada%20Puertas%20Abiertas%20de%20Admisi%C3%B3n&#038;body=https:\/\/radiorevelacionfm.cl\/?p=45732' aria-hidden='false' data-av_icon='\ue805' data-av_iconfont='entypo-fontello' title='' data-avia-related-tooltip='Compartir por correo'><span class='avia_hidden_link_text'>Compartir por correo<\/span><\/a><\/li><\/ul><\/div><\/div>\n<div  style='height:50px' class='hr hr-invisible   avia-builder-el-8  el_after_av_social_share  el_before_av_comments_list '><span class='hr-inner ' ><span class='hr-inner-style'><\/span><\/span><\/div>\n<div  class='av-buildercomment  av-blog-meta-html-info-disabled av-blog-meta-tag-disabled  '><\/div>\n","protected":false},"excerpt":{"rendered":"","protected":false},"author":1,"featured_media":45733,"comment_status":"open","ping_status":"open","sticky":false,"template":"","format":"standard","meta":{"footnotes":""},"categories":[49],"tags":[],"class_list":["post-45732","post","type-post","status-publish","format-standard","has-post-thumbnail","hentry","category-educacion"],"jetpack_featured_media_url":"https:\/\/radiorevelacionfm.cl\/wp-content\/uploads\/2024\/09\/DSC01260-1-1.jpg","_links":{"self":[{"href":"https:\/\/radiorevelacionfm.cl\/index.php?rest_route=\/wp\/v2\/posts\/45732","targetHints":{"allow":["GET"]}}],"collection":[{"href":"https:\/\/radiorevelacionfm.cl\/index.php?rest_route=\/wp\/v2\/posts"}],"about":[{"href":"https:\/\/radiorevelacionfm.cl\/index.php?rest_route=\/wp\/v2\/types\/post"}],"author":[{"embeddable":true,"href":"https:\/\/radiorevelacionfm.cl\/index.php?rest_route=\/wp\/v2\/users\/1"}],"replies":[{"embeddable":true,"href":"https:\/\/radiorevelacionfm.cl\/index.php?rest_route=%2Fwp%2Fv2%2Fcomments&post=45732"}],"version-history":[{"count":1,"href":"https:\/\/radiorevelacionfm.cl\/index.php?rest_route=\/wp\/v2\/posts\/45732\/revisions"}],"predecessor-version":[{"id":45734,"href":"https:\/\/radiorevelacionfm.cl\/index.php?rest_route=\/wp\/v2\/posts\/45732\/revisions\/45734"}],"wp:featuredmedia":[{"embeddable":true,"href":"https:\/\/radiorevelacionfm.cl\/index.php?rest_route=\/wp\/v2\/media\/45733"}],"wp:attachment":[{"href":"https:\/\/radiorevelacionfm.cl\/index.php?rest_route=%2Fwp%2Fv2%2Fmedia&parent=45732"}],"wp:term":[{"taxonomy":"category","embeddable":true,"href":"https:\/\/radiorevelacionfm.cl\/index.php?rest_route=%2Fwp%2Fv2%2Fcategories&post=45732"},{"taxonomy":"post_tag","embeddable":true,"href":"https:\/\/radiorevelacionfm.cl\/index.php?rest_route=%2Fwp%2Fv2%2Ftags&post=45732"}],"curies":[{"name":"wp","href":"https:\/\/api.w.org\/{rel}","templated":true}]}}