{"id":4573,"date":"2021-05-27T10:39:16","date_gmt":"2021-05-27T13:39:16","guid":{"rendered":"https:\/\/radiorevelacionfm.cl\/?p=4573"},"modified":"2021-05-27T10:39:16","modified_gmt":"2021-05-27T13:39:16","slug":"tribunal-ambiental-de-valdivia-rechazo-medida-cautelar-en-reclamacion-por-central-los-maquis","status":"publish","type":"post","link":"https:\/\/radiorevelacionfm.cl\/?p=4573","title":{"rendered":"Tribunal Ambiental de Valdivia rechaz\u00f3 medida cautelar en reclamaci\u00f3n por Central Los Maquis"},"content":{"rendered":"<div class=\"flex_column av_one_full  flex_column_div av-zero-column-padding first  avia-builder-el-0  el_before_av_one_full  avia-builder-el-first  \" style='border-radius:0px; '><div  class='avia-image-container  av-styling-    avia-builder-el-1  avia-builder-el-no-sibling  avia-align-center '  itemprop=\"image\" itemscope=\"itemscope\" itemtype=\"https:\/\/schema.org\/ImageObject\"  ><div class='avia-image-container-inner'><div class='avia-image-overlay-wrap'><img decoding=\"async\" class='wp-image-4206 avia-img-lazy-loading-not-4206 avia_image' src=\"https:\/\/radiorevelacionfm.cl\/wp-content\/uploads\/2021\/05\/Central_LosMaquis-1-1.jpg\" alt='' title='Central_LosMaquis (1) (1)' height=\"600\" width=\"900\"  itemprop=\"thumbnailUrl\" srcset=\"https:\/\/radiorevelacionfm.cl\/wp-content\/uploads\/2021\/05\/Central_LosMaquis-1-1.jpg 900w, https:\/\/radiorevelacionfm.cl\/wp-content\/uploads\/2021\/05\/Central_LosMaquis-1-1-300x200.jpg 300w, https:\/\/radiorevelacionfm.cl\/wp-content\/uploads\/2021\/05\/Central_LosMaquis-1-1-768x512.jpg 768w, https:\/\/radiorevelacionfm.cl\/wp-content\/uploads\/2021\/05\/Central_LosMaquis-1-1-705x470.jpg 705w, https:\/\/radiorevelacionfm.cl\/wp-content\/uploads\/2021\/05\/Central_LosMaquis-1-1-600x400.jpg 600w\" sizes=\"(max-width: 900px) 100vw, 900px\" \/><\/div><\/div><\/div><\/div><div class=\"flex_column av_one_full  flex_column_div av-zero-column-padding first  avia-builder-el-2  el_after_av_one_full  el_before_av_one_full  column-top-margin\" style='border-radius:0px; '><section class=\"av_textblock_section \"  itemscope=\"itemscope\" itemtype=\"https:\/\/schema.org\/BlogPosting\" itemprop=\"blogPost\" ><div class='avia_textblock  '   itemprop=\"text\" ><p style=\"text-align: center;\"><strong><span style=\"font-size: 18pt;\">Tribunal Ambiental de Valdivia rechaz\u00f3 medida cautelar en reclamaci\u00f3n por Central Los Maquis<\/span><\/strong><\/p>\n<div id=\"gtx-trans\" style=\"position: absolute; left: -50px; top: 4.31534px;\">\n<div class=\"gtx-trans-icon\"><\/div>\n<\/div>\n<\/div><\/section><\/div><div class=\"flex_column av_one_full  flex_column_div av-zero-column-padding first  avia-builder-el-4  el_after_av_one_full  el_before_av_hr  column-top-margin\" style='border-radius:0px; '><section class=\"av_textblock_section \"  itemscope=\"itemscope\" itemtype=\"https:\/\/schema.org\/BlogPosting\" itemprop=\"blogPost\" ><div class='avia_textblock  '   itemprop=\"text\" ><p dir=\"ltr\" style=\"text-align: justify;\">El Tribunal Ambiental de Valdivia, con jurisdicci\u00f3n desde \u00d1uble a Magallanes, rechaz\u00f3 la medida cautelar solicitada por los reclamantes en la causa R-44-2020, quienes pidieron la paralizaci\u00f3n de las faenas constructivas del proyecto \u201cRehabilitaci\u00f3n central hidroel\u00e9ctrica Los Maquis\u201d, mientras se resuelve el fondo de la controversia.<\/p>\n<p dir=\"ltr\" style=\"text-align: justify;\">De acuerdo a la resoluci\u00f3n notificada este jueves, los antecedentes presentados por los reclamantes no permiten configurar los requisitos m\u00ednimos exigidos para dictar una medida cautelar.<\/p>\n<p dir=\"ltr\" style=\"text-align: justify;\">El Tribunal analiz\u00f3 los antecedentes presentados por las partes y lo informado por la Superintendencia del Medio Ambiente relativo a una actividad de inspecci\u00f3n por nuevas denuncias contra el proyecto.<\/p>\n<p dir=\"ltr\" style=\"text-align: justify;\">De esta manera, el Tribunal\u00a0 detall\u00f3 las conclusiones por las que no se configurar\u00eda la necesidad de cautela: \u201c(1) que el titular retir\u00f3 el material p\u00e9treo ca\u00eddo que form\u00f3 el cono de deyecci\u00f3n, hecho fundante de la medida cautelar; (2) que resulta posible determinar de manera provisional que los impactos que se acusan en la solicitud (ruido, material particulado, afectaci\u00f3n a la cascada, r\u00edo y pozones, impactos visuales, etc.) derivan principalmente de la fase de construcci\u00f3n del proyecto y sus obras provisorias, en la cual si bien se verificar\u00e1 la mayor intervenci\u00f3n del proyecto, tiene una duraci\u00f3n acotada de acuerdo a lo expuesto por la SMA\u201d.<\/p>\n<p dir=\"ltr\" style=\"text-align: justify;\">Seg\u00fan la resoluci\u00f3n, \u201cen el caso particular del mejoramiento del camino en el sector de la bocatoma, si el objetivo principal de las obras que se aprecian en los videos es la rehabilitaci\u00f3n y mejoramiento de la huella, para su posterior uso en las obras civiles requeridas por el proyecto; entonces es posible concluir que cualquier labor tendiente a mejorar el camino hacia la bocatoma, correctamente ejecutada, tendr\u00e1 como consecuencia evitar la p\u00e9rdida de fracciones gruesas, junto con la disminuci\u00f3n de la erosi\u00f3n, previniendo as\u00ed la ca\u00edda de material t\u00e9rreo y p\u00e9treo a los pozones aleda\u00f1os que pudiesen afectar tanto las dimensiones como el trazado natural del cauce\u201d.<\/p>\n<p dir=\"ltr\" style=\"text-align: justify;\">\u201cLo anterior implica que la paralizaci\u00f3n de las obras dejar\u00eda al medio ambiente expuesto a un da\u00f1o mayor al que se pretende evitar, de manera que no resulta posible estimar que las medidas solicitadas -que en los hechos implican la paralizaci\u00f3n total del proyecto- sean id\u00f3neas para los fines de protecci\u00f3n ambiental que se pretenden\u201d, concluy\u00f3 la resoluci\u00f3n.<\/p>\n<p dir=\"ltr\" style=\"text-align: justify;\">Finalmente, el Tribunal rechaz\u00f3 los argumentos que ya hab\u00edan sido desestimados de acuerdo a la resoluci\u00f3n de uno de febrero 2021, que rechaz\u00f3 una solicitud de medida cautelar de los reclamantes de enero de este a\u00f1o.<\/p>\n<\/div><\/section><\/div><div  style='height:50px' class='hr hr-invisible   avia-builder-el-6  el_after_av_one_full  el_before_av_social_share '><span class='hr-inner ' ><span class='hr-inner-style'><\/span><\/span><\/div><\/p>\n<div  class='av-social-sharing-box  avia-builder-el-7  el_after_av_hr  el_before_av_hr  '><div class='av-share-box'><h5 class='av-share-link-description av-no-toc '>Compartir esta noticia<\/h5><ul class='av-share-box-list noLightbox'><li class='av-share-link av-social-link-facebook' ><a target=\"_blank\" aria-label=\"Compartir en Facebook\" href='https:\/\/www.facebook.com\/sharer.php?u=https:\/\/radiorevelacionfm.cl\/?p=4573&#038;t=Tribunal%20Ambiental%20de%20Valdivia%20rechaz%C3%B3%20medida%20cautelar%20en%20reclamaci%C3%B3n%20por%20Central%20Los%20Maquis' aria-hidden='false' data-av_icon='\ue8f3' data-av_iconfont='entypo-fontello' title='' data-avia-related-tooltip='Compartir en Facebook' rel=\"noopener\"><span class='avia_hidden_link_text'>Compartir en Facebook<\/span><\/a><\/li><li class='av-share-link av-social-link-twitter' ><a target=\"_blank\" aria-label=\"Compartir en Twitter\" href='https:\/\/twitter.com\/share?text=Tribunal%20Ambiental%20de%20Valdivia%20rechaz%C3%B3%20medida%20cautelar%20en%20reclamaci%C3%B3n%20por%20Central%20Los%20Maquis&#038;url=https:\/\/radiorevelacionfm.cl\/?p=4573' aria-hidden='false' data-av_icon='\ue8f1' data-av_iconfont='entypo-fontello' title='' data-avia-related-tooltip='Compartir en Twitter' rel=\"noopener\"><span class='avia_hidden_link_text'>Compartir en Twitter<\/span><\/a><\/li><li class='av-share-link av-social-link-whatsapp' ><a target=\"_blank\" aria-label=\"Compartir en Whatsapp\" href='https:\/\/api.whatsapp.com\/send?text=https:\/\/radiorevelacionfm.cl\/?p=4573' aria-hidden='false' data-av_icon='\uf232' data-av_iconfont='entypo-fontello' title='' data-avia-related-tooltip='Compartir en Whatsapp' rel=\"noopener\"><span class='avia_hidden_link_text'>Compartir en Whatsapp<\/span><\/a><\/li><li class='av-share-link av-social-link-linkedin' ><a target=\"_blank\" aria-label=\"Compartir en LinkedIn\" href='https:\/\/linkedin.com\/shareArticle?mini=true&#038;title=Tribunal%20Ambiental%20de%20Valdivia%20rechaz%C3%B3%20medida%20cautelar%20en%20reclamaci%C3%B3n%20por%20Central%20Los%20Maquis&#038;url=https:\/\/radiorevelacionfm.cl\/?p=4573' aria-hidden='false' data-av_icon='\ue8fc' data-av_iconfont='entypo-fontello' title='' data-avia-related-tooltip='Compartir en LinkedIn' rel=\"noopener\"><span class='avia_hidden_link_text'>Compartir en LinkedIn<\/span><\/a><\/li><li class='av-share-link av-social-link-mail' ><a  aria-label=\"Compartir por correo\" href='mailto:?subject=Tribunal%20Ambiental%20de%20Valdivia%20rechaz%C3%B3%20medida%20cautelar%20en%20reclamaci%C3%B3n%20por%20Central%20Los%20Maquis&#038;body=https:\/\/radiorevelacionfm.cl\/?p=4573' aria-hidden='false' data-av_icon='\ue805' data-av_iconfont='entypo-fontello' title='' data-avia-related-tooltip='Compartir por correo'><span class='avia_hidden_link_text'>Compartir por correo<\/span><\/a><\/li><\/ul><\/div><\/div>\n<div  style='height:50px' class='hr hr-invisible   avia-builder-el-8  el_after_av_social_share  el_before_av_comments_list '><span class='hr-inner ' ><span class='hr-inner-style'><\/span><\/span><\/div>\n<div  class='av-buildercomment  av-blog-meta-html-info-disabled av-blog-meta-tag-disabled  '><\/div>\n","protected":false},"excerpt":{"rendered":"","protected":false},"author":1,"featured_media":4206,"comment_status":"open","ping_status":"open","sticky":false,"template":"","format":"standard","meta":{"footnotes":""},"categories":[39],"tags":[],"class_list":["post-4573","post","type-post","status-publish","format-standard","has-post-thumbnail","hentry","category-medio-ambiente"],"jetpack_featured_media_url":"https:\/\/radiorevelacionfm.cl\/wp-content\/uploads\/2021\/05\/Central_LosMaquis-1-1.jpg","_links":{"self":[{"href":"https:\/\/radiorevelacionfm.cl\/index.php?rest_route=\/wp\/v2\/posts\/4573","targetHints":{"allow":["GET"]}}],"collection":[{"href":"https:\/\/radiorevelacionfm.cl\/index.php?rest_route=\/wp\/v2\/posts"}],"about":[{"href":"https:\/\/radiorevelacionfm.cl\/index.php?rest_route=\/wp\/v2\/types\/post"}],"author":[{"embeddable":true,"href":"https:\/\/radiorevelacionfm.cl\/index.php?rest_route=\/wp\/v2\/users\/1"}],"replies":[{"embeddable":true,"href":"https:\/\/radiorevelacionfm.cl\/index.php?rest_route=%2Fwp%2Fv2%2Fcomments&post=4573"}],"version-history":[{"count":1,"href":"https:\/\/radiorevelacionfm.cl\/index.php?rest_route=\/wp\/v2\/posts\/4573\/revisions"}],"predecessor-version":[{"id":4574,"href":"https:\/\/radiorevelacionfm.cl\/index.php?rest_route=\/wp\/v2\/posts\/4573\/revisions\/4574"}],"wp:featuredmedia":[{"embeddable":true,"href":"https:\/\/radiorevelacionfm.cl\/index.php?rest_route=\/wp\/v2\/media\/4206"}],"wp:attachment":[{"href":"https:\/\/radiorevelacionfm.cl\/index.php?rest_route=%2Fwp%2Fv2%2Fmedia&parent=4573"}],"wp:term":[{"taxonomy":"category","embeddable":true,"href":"https:\/\/radiorevelacionfm.cl\/index.php?rest_route=%2Fwp%2Fv2%2Fcategories&post=4573"},{"taxonomy":"post_tag","embeddable":true,"href":"https:\/\/radiorevelacionfm.cl\/index.php?rest_route=%2Fwp%2Fv2%2Ftags&post=4573"}],"curies":[{"name":"wp","href":"https:\/\/api.w.org\/{rel}","templated":true}]}}