{"id":45729,"date":"2024-09-01T16:41:56","date_gmt":"2024-09-01T19:41:56","guid":{"rendered":"https:\/\/radiorevelacionfm.cl\/?p=45729"},"modified":"2024-09-01T16:41:56","modified_gmt":"2024-09-01T19:41:56","slug":"en-cierre-del-mes-de-las-juventudes-reconocen-a-jovenes-lideresas-en-coyhaique","status":"publish","type":"post","link":"https:\/\/radiorevelacionfm.cl\/?p=45729","title":{"rendered":"En cierre del Mes de las Juventudes reconocen a j\u00f3venes lideresas en Coyhaique"},"content":{"rendered":"<div class=\"flex_column av_one_full  flex_column_div av-zero-column-padding first  avia-builder-el-0  el_before_av_one_full  avia-builder-el-first  \" style='border-radius:0px; '><div  class='avia-image-container  av-styling-    avia-builder-el-1  avia-builder-el-no-sibling  avia-align-center '  itemprop=\"image\" itemscope=\"itemscope\" itemtype=\"https:\/\/schema.org\/ImageObject\"  ><div class='avia-image-container-inner'><div class='avia-image-overlay-wrap'><img decoding=\"async\" class='wp-image-45730 avia-img-lazy-loading-not-45730 avia_image' src=\"https:\/\/radiorevelacionfm.cl\/wp-content\/uploads\/2024\/09\/IMG_5410-1-1.jpg\" alt='' title='IMG_5410 (1) (1)' height=\"600\" width=\"924\"  itemprop=\"thumbnailUrl\" srcset=\"https:\/\/radiorevelacionfm.cl\/wp-content\/uploads\/2024\/09\/IMG_5410-1-1.jpg 924w, https:\/\/radiorevelacionfm.cl\/wp-content\/uploads\/2024\/09\/IMG_5410-1-1-300x195.jpg 300w, https:\/\/radiorevelacionfm.cl\/wp-content\/uploads\/2024\/09\/IMG_5410-1-1-768x499.jpg 768w, https:\/\/radiorevelacionfm.cl\/wp-content\/uploads\/2024\/09\/IMG_5410-1-1-705x458.jpg 705w, https:\/\/radiorevelacionfm.cl\/wp-content\/uploads\/2024\/09\/IMG_5410-1-1-450x292.jpg 450w, https:\/\/radiorevelacionfm.cl\/wp-content\/uploads\/2024\/09\/IMG_5410-1-1-600x390.jpg 600w\" sizes=\"(max-width: 924px) 100vw, 924px\" \/><\/div><\/div><\/div><\/div><div class=\"flex_column av_one_full  flex_column_div av-zero-column-padding first  avia-builder-el-2  el_after_av_one_full  el_before_av_one_full  column-top-margin\" style='border-radius:0px; '><section class=\"av_textblock_section \"  itemscope=\"itemscope\" itemtype=\"https:\/\/schema.org\/BlogPosting\" itemprop=\"blogPost\" ><div class='avia_textblock  '   itemprop=\"text\" ><p style=\"text-align: center;\"><strong><span style=\"font-size: 18pt;\">En cierre del Mes de las Juventudes reconocen a j\u00f3venes lideresas en Coyhaique <\/span><\/strong><\/p>\n<div id=\"gtx-trans\" style=\"position: absolute; left: -50px; top: 4.31534px;\">\n<div class=\"gtx-trans-icon\"><\/div>\n<\/div>\n<\/div><\/section><\/div><div class=\"flex_column av_one_full  flex_column_div av-zero-column-padding first  avia-builder-el-4  el_after_av_one_full  el_before_av_hr  column-top-margin\" style='border-radius:0px; '><section class=\"av_textblock_section \"  itemscope=\"itemscope\" itemtype=\"https:\/\/schema.org\/BlogPosting\" itemprop=\"blogPost\" ><div class='avia_textblock  '   itemprop=\"text\" ><p style=\"text-align: justify;\">Las juventudes sin duda son parte importante de la construcci\u00f3n social con que Chile impulsa el desarrollo en sus diversos \u00e1mbitos. Movilizados por el \u00edmpetu, la innovaci\u00f3n y especialmente, las ganas de ser parte de los diversos espacios ciudadanos. Bien lo saben la tres j\u00f3venes lideresas, coyhaiquinas, que fueron reconocidas por INJUV y la Seremi de la Mujer y la Equidad de G\u00e9nero, hace algunos d\u00edas.<\/p>\n<p style=\"text-align: justify;\">Se trata de Catalina Vera Vera, emprendedora y madre de 26 a\u00f1os, due\u00f1a de \u201c&#8217;Cocoro D N&#8217;\u201d, usuaria del programa \u201cJuntas Crecemos\u201d de Prodemu, que con su emprendimiento ha logrado sacar adelante a sus hijo e hija. Tambi\u00e9n fue reconocida Florencia Sol\u00eds Garc\u00eda de 16 a\u00f1os, voluntaria cultural y apasionada de las Ciencias Sociales, quien desde su pasi\u00f3n por la cultura ha impulsado la promoci\u00f3n de la historia del litoral de Ays\u00e9n, que a su juicio, est\u00e1 al debe en la retina del colectivo ciudadano regional.<\/p>\n<p style=\"text-align: justify;\">Y finalmente, Krishna Estroz Vargas (Kika), de 18 a\u00f1os, defensora de las disidencias de g\u00e9nero del Centro General de Estudiantes del Liceo T\u00e9cnico Profesional Juan Pablo II, sin duda una l\u00edder innata que ha impulsado la justicia y el reconocimientos de las diversidades sexogen\u00e9ricas en la regi\u00f3n de Ays\u00e9n. \u201cMe siento muy orgullosa de este logro, pero tambi\u00e9n muy bendecida, porque las instituciones tambi\u00e9n nos est\u00e1n reconociendo por todo lo que hemos hecho\u201d, indic\u00f3.<\/p>\n<p style=\"text-align: justify;\">Tres j\u00f3venes que recibieron este reconocimiento, en un encuentro realizado en dependencias de INJUV, junto a su director, Camilo Trivi\u00f1o Urtubia, y la Seremi de la Mujer y la Equidad de G\u00e9nero, Andrea M\u00e9ndez Valenzuela, que contempl\u00f3 la correspondiente entrega de diplomas, adem\u00e1s de consejos de l\u00edderes ligados a sus \u00e1mbitos de desempe\u00f1o, como por ejemplo: Gonzalo Marf\u00e1n, Ex Director de la Red Pro Emprendimiento de Ays\u00e9n,\u00a0 Cecilia Barril, actriz integrante de la Compa\u00f1\u00eda de Teatro Huevo e Israel Cort\u00e9s, representante de la ONG Diversa Patagonia.<\/p>\n<p style=\"text-align: justify;\">\u201cComo Ministerio de la Mujer y la Equidad de G\u00e9nero, sabemos la importancia de ir potenciando nuevos liderazgos y para eso, uno de los pasos es\u00a0 reconocer las trayectorias juveniles. En este encuentro, hemos podido reconocer a trav\u00e9s del relato de las j\u00f3venes, que claramente hemos avanzado como sociedad. Sin embargo, siguen existiendo brechas y barreras que impiden el acceso pleno a todos los derechos, tanto de las juventudes como de las mujeres de nuestra regi\u00f3n y el pa\u00eds.\u201d, indic\u00f3 la Seremi de la Mujer y la Equidad de G\u00e9nero, Andrea M\u00e9ndez Valenzuela.<\/p>\n<p style=\"text-align: justify;\">Y es que el liderazgo juvenil ha tenido un rol fundamental para el Gobierno del Presidente Gabriel Boric Font, sin ir m\u00e1s lejos, varios de sus ministros, subsecretarios, y directores de servicio, incluso en nuestra regi\u00f3n, traen incorporada la experiencia del trabajo voluntario y social. Ejemplo de aquello, queda demostrado con la experiencia de la Ministra de la Mujer y la Equidad de G\u00e9nero, Antonia Orellana, quien es parte de la Red de L\u00edderes J\u00f3venes y, que desde hace varios a\u00f1os, ha logrado desarrollar su vocaci\u00f3n en la lucha por la erradicaci\u00f3n de la violencia de g\u00e9nero.<\/p>\n<p style=\"text-align: justify;\">Ejemplos que toman nuestras lideresas j\u00f3venes coyhaiquinas, como Catalina Vera, joven emprendedora: Estoy muy agradecida de este reconocimiento, sobre todo porque me reconocen como joven, madre y trabajadora\u201d<\/p>\n<p style=\"text-align: justify;\">Una instancia, que tambi\u00e9n destac\u00f3 por el intercambio de experiencias, a trav\u00e9s de sus historias, visiones y luchas, que han sabido liderar a sus cortos a\u00f1os entre sus pares. \u201cValoramos enormemente la instancia que tuvimos junto a las j\u00f3venes lideresas de la regi\u00f3n, donde pudimos ver las diferentes \u00e1reas en que se desenvuelven y las luchas que han llevado adelante desde las diversidades, emprendimiento y cultura\u201d, concluy\u00f3 Camilo Trivi\u00f1o Urtubia, director regional de INJUV Ays\u00e9n.<\/p>\n<p style=\"text-align: justify;\">Sin duda, una inspiradora instancia que motiva, impulsa y sobre todo, permite reconocer p\u00fablicamente el liderazgo de j\u00f3venes mujeres de la regi\u00f3n, que desde los objetivos estrat\u00e9gicos del Gobierno de Chile, se espera se traduzca a corto plazo, en mayor participaci\u00f3n paritaria para las juventudes en los diversos \u00e1mbitos de desarrollo social, mayor empoderamiento econ\u00f3mico y autonom\u00eda.<\/p>\n<\/div><\/section><\/div><div  style='height:50px' class='hr hr-invisible   avia-builder-el-6  el_after_av_one_full  el_before_av_social_share '><span class='hr-inner ' ><span class='hr-inner-style'><\/span><\/span><\/div><\/p>\n<div  class='av-social-sharing-box  avia-builder-el-7  el_after_av_hr  el_before_av_hr  '><div class='av-share-box'><h5 class='av-share-link-description av-no-toc '>Compartir esta noticia<\/h5><ul class='av-share-box-list noLightbox'><li class='av-share-link av-social-link-facebook' ><a target=\"_blank\" aria-label=\"Compartir en Facebook\" href='https:\/\/www.facebook.com\/sharer.php?u=https:\/\/radiorevelacionfm.cl\/?p=45729&#038;t=En%20cierre%20del%20Mes%20de%20las%20Juventudes%20reconocen%20a%20j%C3%B3venes%20lideresas%20en%20Coyhaique' aria-hidden='false' data-av_icon='\ue8f3' data-av_iconfont='entypo-fontello' title='' data-avia-related-tooltip='Compartir en Facebook' rel=\"noopener\"><span class='avia_hidden_link_text'>Compartir en Facebook<\/span><\/a><\/li><li class='av-share-link av-social-link-twitter' ><a target=\"_blank\" aria-label=\"Compartir en Twitter\" href='https:\/\/twitter.com\/share?text=En%20cierre%20del%20Mes%20de%20las%20Juventudes%20reconocen%20a%20j%C3%B3venes%20lideresas%20en%20Coyhaique&#038;url=https:\/\/radiorevelacionfm.cl\/?p=45729' aria-hidden='false' data-av_icon='\ue8f1' data-av_iconfont='entypo-fontello' title='' data-avia-related-tooltip='Compartir en Twitter' rel=\"noopener\"><span class='avia_hidden_link_text'>Compartir en Twitter<\/span><\/a><\/li><li class='av-share-link av-social-link-whatsapp' ><a target=\"_blank\" aria-label=\"Compartir en Whatsapp\" href='https:\/\/api.whatsapp.com\/send?text=https:\/\/radiorevelacionfm.cl\/?p=45729' aria-hidden='false' data-av_icon='\uf232' data-av_iconfont='entypo-fontello' title='' data-avia-related-tooltip='Compartir en Whatsapp' rel=\"noopener\"><span class='avia_hidden_link_text'>Compartir en Whatsapp<\/span><\/a><\/li><li class='av-share-link av-social-link-linkedin' ><a target=\"_blank\" aria-label=\"Compartir en LinkedIn\" href='https:\/\/linkedin.com\/shareArticle?mini=true&#038;title=En%20cierre%20del%20Mes%20de%20las%20Juventudes%20reconocen%20a%20j%C3%B3venes%20lideresas%20en%20Coyhaique&#038;url=https:\/\/radiorevelacionfm.cl\/?p=45729' aria-hidden='false' data-av_icon='\ue8fc' data-av_iconfont='entypo-fontello' title='' data-avia-related-tooltip='Compartir en LinkedIn' rel=\"noopener\"><span class='avia_hidden_link_text'>Compartir en LinkedIn<\/span><\/a><\/li><li class='av-share-link av-social-link-mail' ><a  aria-label=\"Compartir por correo\" href='mailto:?subject=En%20cierre%20del%20Mes%20de%20las%20Juventudes%20reconocen%20a%20j%C3%B3venes%20lideresas%20en%20Coyhaique&#038;body=https:\/\/radiorevelacionfm.cl\/?p=45729' aria-hidden='false' data-av_icon='\ue805' data-av_iconfont='entypo-fontello' title='' data-avia-related-tooltip='Compartir por correo'><span class='avia_hidden_link_text'>Compartir por correo<\/span><\/a><\/li><\/ul><\/div><\/div>\n<div  style='height:50px' class='hr hr-invisible   avia-builder-el-8  el_after_av_social_share  el_before_av_comments_list '><span class='hr-inner ' ><span class='hr-inner-style'><\/span><\/span><\/div>\n<div  class='av-buildercomment  av-blog-meta-html-info-disabled av-blog-meta-tag-disabled  '><\/div>\n","protected":false},"excerpt":{"rendered":"","protected":false},"author":1,"featured_media":45730,"comment_status":"open","ping_status":"open","sticky":false,"template":"","format":"standard","meta":{"footnotes":""},"categories":[38],"tags":[],"class_list":["post-45729","post","type-post","status-publish","format-standard","has-post-thumbnail","hentry","category-regional"],"jetpack_featured_media_url":"https:\/\/radiorevelacionfm.cl\/wp-content\/uploads\/2024\/09\/IMG_5410-1-1.jpg","_links":{"self":[{"href":"https:\/\/radiorevelacionfm.cl\/index.php?rest_route=\/wp\/v2\/posts\/45729","targetHints":{"allow":["GET"]}}],"collection":[{"href":"https:\/\/radiorevelacionfm.cl\/index.php?rest_route=\/wp\/v2\/posts"}],"about":[{"href":"https:\/\/radiorevelacionfm.cl\/index.php?rest_route=\/wp\/v2\/types\/post"}],"author":[{"embeddable":true,"href":"https:\/\/radiorevelacionfm.cl\/index.php?rest_route=\/wp\/v2\/users\/1"}],"replies":[{"embeddable":true,"href":"https:\/\/radiorevelacionfm.cl\/index.php?rest_route=%2Fwp%2Fv2%2Fcomments&post=45729"}],"version-history":[{"count":1,"href":"https:\/\/radiorevelacionfm.cl\/index.php?rest_route=\/wp\/v2\/posts\/45729\/revisions"}],"predecessor-version":[{"id":45731,"href":"https:\/\/radiorevelacionfm.cl\/index.php?rest_route=\/wp\/v2\/posts\/45729\/revisions\/45731"}],"wp:featuredmedia":[{"embeddable":true,"href":"https:\/\/radiorevelacionfm.cl\/index.php?rest_route=\/wp\/v2\/media\/45730"}],"wp:attachment":[{"href":"https:\/\/radiorevelacionfm.cl\/index.php?rest_route=%2Fwp%2Fv2%2Fmedia&parent=45729"}],"wp:term":[{"taxonomy":"category","embeddable":true,"href":"https:\/\/radiorevelacionfm.cl\/index.php?rest_route=%2Fwp%2Fv2%2Fcategories&post=45729"},{"taxonomy":"post_tag","embeddable":true,"href":"https:\/\/radiorevelacionfm.cl\/index.php?rest_route=%2Fwp%2Fv2%2Ftags&post=45729"}],"curies":[{"name":"wp","href":"https:\/\/api.w.org\/{rel}","templated":true}]}}