{"id":45726,"date":"2024-09-01T22:38:43","date_gmt":"2024-09-02T01:38:43","guid":{"rendered":"https:\/\/radiorevelacionfm.cl\/?p=45726"},"modified":"2024-09-01T22:38:43","modified_gmt":"2024-09-02T01:38:43","slug":"en-coyhaique-conmemoraron-los-10-anos-del-programa-de-acceso-a-la-educacion-superior-pace","status":"publish","type":"post","link":"https:\/\/radiorevelacionfm.cl\/?p=45726","title":{"rendered":"En Coyhaique conmemoraron los 10 a\u00f1os del Programa de Acceso a la Educaci\u00f3n Superior (PACE)"},"content":{"rendered":"<div class=\"flex_column av_one_full  flex_column_div av-zero-column-padding first  avia-builder-el-0  el_before_av_one_full  avia-builder-el-first  \" style='border-radius:0px; '><div  class='avia-image-container  av-styling-    avia-builder-el-1  avia-builder-el-no-sibling  avia-align-center '  itemprop=\"image\" itemscope=\"itemscope\" itemtype=\"https:\/\/schema.org\/ImageObject\"  ><div class='avia-image-container-inner'><div class='avia-image-overlay-wrap'><img decoding=\"async\" class='wp-image-45727 avia-img-lazy-loading-not-45727 avia_image' src=\"https:\/\/radiorevelacionfm.cl\/wp-content\/uploads\/2024\/09\/pace-equipos-1-1.jpg\" alt='' title='pace equipos (1) (1)' height=\"600\" width=\"899\"  itemprop=\"thumbnailUrl\" srcset=\"https:\/\/radiorevelacionfm.cl\/wp-content\/uploads\/2024\/09\/pace-equipos-1-1.jpg 899w, https:\/\/radiorevelacionfm.cl\/wp-content\/uploads\/2024\/09\/pace-equipos-1-1-300x200.jpg 300w, https:\/\/radiorevelacionfm.cl\/wp-content\/uploads\/2024\/09\/pace-equipos-1-1-768x513.jpg 768w, https:\/\/radiorevelacionfm.cl\/wp-content\/uploads\/2024\/09\/pace-equipos-1-1-705x471.jpg 705w, https:\/\/radiorevelacionfm.cl\/wp-content\/uploads\/2024\/09\/pace-equipos-1-1-450x300.jpg 450w, https:\/\/radiorevelacionfm.cl\/wp-content\/uploads\/2024\/09\/pace-equipos-1-1-600x400.jpg 600w\" sizes=\"(max-width: 899px) 100vw, 899px\" \/><\/div><\/div><\/div><\/div><div class=\"flex_column av_one_full  flex_column_div av-zero-column-padding first  avia-builder-el-2  el_after_av_one_full  el_before_av_one_full  column-top-margin\" style='border-radius:0px; '><section class=\"av_textblock_section \"  itemscope=\"itemscope\" itemtype=\"https:\/\/schema.org\/BlogPosting\" itemprop=\"blogPost\" ><div class='avia_textblock  '   itemprop=\"text\" ><p style=\"text-align: center;\"><span style=\"font-size: 18pt;\"><b>En Coyhaique conmemoraron los 10 a\u00f1os del Programa de Acceso a la Educaci\u00f3n Superior (PACE)<\/b><\/span><\/p>\n<div id=\"gtx-trans\" style=\"position: absolute; left: -50px; top: 4.31534px;\">\n<div class=\"gtx-trans-icon\"><\/div>\n<\/div>\n<\/div><\/section><\/div><div class=\"flex_column av_one_full  flex_column_div av-zero-column-padding first  avia-builder-el-4  el_after_av_one_full  el_before_av_hr  column-top-margin\" style='border-radius:0px; '><section class=\"av_textblock_section \"  itemscope=\"itemscope\" itemtype=\"https:\/\/schema.org\/BlogPosting\" itemprop=\"blogPost\" ><div class='avia_textblock  '   itemprop=\"text\" ><p class=\"v1MsoNormal\" style=\"text-align: justify;\">En una ceremonia realizada en el Campus Patagonia de la Universidad Austral de Chile, en Coyhaique, se conmemoraron los 10 a\u00f1os del\u00a0Programa de Acompa\u00f1amiento y Acceso Equitativo a la Educaci\u00f3n Superior (PACE), pol\u00edtica del Ministerio de Educaci\u00f3n que mejora el acceso de estudiantes de establecimientos p\u00fablicos a las universidades mediante acciones de preparaci\u00f3n y acompa\u00f1amiento.<\/p>\n<p class=\"v1MsoNormal\" style=\"text-align: justify;\">En la actividad, estuvieron presentes la SEREMI de Educaci\u00f3n Isabel Garrido, el Director del Campus Patagonia de la Universidad Austral de Chile Mario Brito, el Director Acad\u00e9mico de la Universidad de Ays\u00e9n Marco\u00a0Vega,\u00a0junto a integrantes de los\u00a0 equipos del PACE de la UACH\u00a0y de la Universidad de Ays\u00e9n, docentes, y estudiantes que han ingresado a la educaci\u00f3n superior con un cupo del programa.<\/p>\n<p class=\"v1MsoNormal\" style=\"text-align: justify;\">El PACE funciona en el pa\u00eds gracias al apoyo de 29 universidades suscritas, que trabajan con estudiantes de 3\u00b0 y 4\u00b0 medio de 638 establecimientos p\u00fablicos que logran un buen rendimiento acad\u00e9mico, a quienes se les entregan habilidades y competencias necesarias para acceder y permanecer en la educaci\u00f3n superior, tales como h\u00e1bitos de estudio, acercamiento con referentes profesionales, conocimientos sobre los procesos de postulaci\u00f3n y alternativas de estudio, entre otros. Quienes terminan el programa pueden acceder a un cupo garantizado en estas universidades, independientemente de su puntaje en la prueba PAES, y luego son acompa\u00f1ados durante sus dos primeros a\u00f1os de estudio. En la regi\u00f3n de Ays\u00e9n participan del programa la Universidad Austral de Chile Campus Patagonia y la Universidad de Ays\u00e9n.<\/p>\n<p class=\"v1MsoNormal\" style=\"text-align: justify;\">Una de las condiciones para quedar habilitado es obtener un puntaje en la PAES que corresponda al 20% superior del ranking de notas de su establecimiento de origen.<\/p>\n<p class=\"v1MsoNormal\" style=\"text-align: justify;\">A prop\u00f3sito de estos 10 a\u00f1os del PACE, la SEREMI de Educaci\u00f3n de Ays\u00e9n, Isabel Garrido, destac\u00f3 que \u00abHace 10 a\u00f1os la Presidenta Bachelet inici\u00f3 este programa que se hace cargo de avanzar en un sistema educativo m\u00e1s justo, transform\u00e1ndose en una iniciativa de Estado, al promover que el contexto socioecon\u00f3mico no limite las oportunidades de acceder a la educaci\u00f3n superior. La Regi\u00f3n de Ays\u00e9n actualmente cuenta con cobertura total en todos los liceos p\u00fablicos de la Regi\u00f3n, y desde su creaci\u00f3n ha beneficiado a centenas de estudiantes que iniciaron estudios superiores gracias al PACE. Este programa no s\u00f3lo ha cambiado la vida de las y los estudiantes y sus familias, sino que fortalece nuestra democracia, al ampliar las oportunidades educativas a todos los sectores de la sociedad\u00bb.<\/p>\n<p class=\"v1MsoNormal\" style=\"text-align: justify;\">La autoridad regional sectorial tambi\u00e9n valor\u00f3 el anuncio del Presidente Boric sobre la Admisi\u00f3n 2025, que se ampliar\u00e1 de un 20% al 25% el tramo del ranking de notas establecido para que m\u00e1s estudiantes puedan estar habilitados para optar a la educaci\u00f3n superior a trav\u00e9s del PACE.<\/p>\n<p class=\"v1MsoNormal\" style=\"text-align: justify;\"><b>Balance del PACE<\/b><\/p>\n<p class=\"v1MsoNormal\" style=\"text-align: justify;\">En esta d\u00e9cada m\u00e1s de 470 mil estudiantes han participado en las actividades de preparaci\u00f3n acad\u00e9mica que entregan las universidades. De ellos m\u00e1s de 48 mil estudiantes quedaron habilitados y de estos m\u00e1s de 39 mil ingresaron a alguna instituci\u00f3n de educaci\u00f3n superior.<\/p>\n<p class=\"v1MsoNormal\" style=\"text-align: justify;\">En la regi\u00f3n la Universidad Austral de Chile Campus Patagonia lleva 8 a\u00f1os ejecutando el programa, y en ese periodo ha atendido a 6.000 estudiantes de 3\u00b0 y 4\u00b0 Medio.<\/p>\n<p class=\"v1MsoNormal\" style=\"text-align: justify;\">Sobre este trabajo, Mario Brito, Director del Campus Patagonia UACh manifest\u00f3 que \u00abEstamos muy contentos de estos 10 a\u00f1os del programa PACE y ser parte de esta pol\u00edtica p\u00fablica inclusiva que invita a los estudiantes a ingresar a la educaci\u00f3n superior con un apoyo de las universidades que conforman. En el caso de nuestra universidad son 8 a\u00f1os de funcionamiento del programa que nos entregan un aprendizaje importante para ir mejorando esta pol\u00edtica que ya ha permitido que cientos de estudiantes de nuestra regi\u00f3n ingresen a la educaci\u00f3n superior, independiente del puntaje que hayan obtenido en las pruebas de acceso, y eso es lo importante. Adem\u00e1s, con el apoyo de las universidades las trayectorias educativas de estos j\u00f3venes en la educaci\u00f3n superior se facilitan y permiten que logren culminar con \u00e9xito sus carreras universitarias\u00bb.<\/p>\n<p class=\"v1MsoNormal\" style=\"text-align: justify;\">Por su parte, la Universidad de Ays\u00e9n se incorpor\u00f3 con posterioridad al PACE, y ya ha atendido a 2.613 j\u00f3venes. Marco Vega, Director Acad\u00e9mico de esa casa de estudios manifest\u00f3: \u00abPara la Universidad de Ays\u00e9n el PACE ha significado una tremenda oportunidad de hacer realidad nuestra misi\u00f3n institucional de dar acceso a educaci\u00f3n superior de calidad a las y los estudiantes de educaci\u00f3n media de la regi\u00f3n. Quiero destacar el tremendo compromiso que han tenido los establecimientos educacionales de la regi\u00f3n, siete en nuestro caso, desde La Junta hasta Villa O&#8217;Higgins, y con ellos hemos logrado construir con ellos una relaci\u00f3n de confianza\u00a0 en base a un trabajo muy dedicado de los equipos, que tienen como meta el \u00e9xito de ellos y que accedan a una carrera profesional en buenas condiciones. Destacar que esta pol\u00edtica p\u00fablica lleva 10\u00a0 a\u00f1os en el pa\u00eds y 8 en la Regi\u00f3n de Ays\u00e9n, lo que la consolida como una pol\u00edtica de Estado que aporta a la justicia y equidad educacional\u00bb.<\/p>\n<\/div><\/section><\/div><div  style='height:50px' class='hr hr-invisible   avia-builder-el-6  el_after_av_one_full  el_before_av_social_share '><span class='hr-inner ' ><span class='hr-inner-style'><\/span><\/span><\/div><\/p>\n<div  class='av-social-sharing-box  avia-builder-el-7  el_after_av_hr  el_before_av_hr  '><div class='av-share-box'><h5 class='av-share-link-description av-no-toc '>Compartir esta noticia<\/h5><ul class='av-share-box-list noLightbox'><li class='av-share-link av-social-link-facebook' ><a target=\"_blank\" aria-label=\"Compartir en Facebook\" href='https:\/\/www.facebook.com\/sharer.php?u=https:\/\/radiorevelacionfm.cl\/?p=45726&#038;t=En%20Coyhaique%20conmemoraron%20los%2010%20a%C3%B1os%20del%20Programa%20de%20Acceso%20a%20la%20Educaci%C3%B3n%20Superior%20%28PACE%29' aria-hidden='false' data-av_icon='\ue8f3' data-av_iconfont='entypo-fontello' title='' data-avia-related-tooltip='Compartir en Facebook' rel=\"noopener\"><span class='avia_hidden_link_text'>Compartir en Facebook<\/span><\/a><\/li><li class='av-share-link av-social-link-twitter' ><a target=\"_blank\" aria-label=\"Compartir en Twitter\" href='https:\/\/twitter.com\/share?text=En%20Coyhaique%20conmemoraron%20los%2010%20a%C3%B1os%20del%20Programa%20de%20Acceso%20a%20la%20Educaci%C3%B3n%20Superior%20%28PACE%29&#038;url=https:\/\/radiorevelacionfm.cl\/?p=45726' aria-hidden='false' data-av_icon='\ue8f1' data-av_iconfont='entypo-fontello' title='' data-avia-related-tooltip='Compartir en Twitter' rel=\"noopener\"><span class='avia_hidden_link_text'>Compartir en Twitter<\/span><\/a><\/li><li class='av-share-link av-social-link-whatsapp' ><a target=\"_blank\" aria-label=\"Compartir en Whatsapp\" href='https:\/\/api.whatsapp.com\/send?text=https:\/\/radiorevelacionfm.cl\/?p=45726' aria-hidden='false' data-av_icon='\uf232' data-av_iconfont='entypo-fontello' title='' data-avia-related-tooltip='Compartir en Whatsapp' rel=\"noopener\"><span class='avia_hidden_link_text'>Compartir en Whatsapp<\/span><\/a><\/li><li class='av-share-link av-social-link-linkedin' ><a target=\"_blank\" aria-label=\"Compartir en LinkedIn\" href='https:\/\/linkedin.com\/shareArticle?mini=true&#038;title=En%20Coyhaique%20conmemoraron%20los%2010%20a%C3%B1os%20del%20Programa%20de%20Acceso%20a%20la%20Educaci%C3%B3n%20Superior%20%28PACE%29&#038;url=https:\/\/radiorevelacionfm.cl\/?p=45726' aria-hidden='false' data-av_icon='\ue8fc' data-av_iconfont='entypo-fontello' title='' data-avia-related-tooltip='Compartir en LinkedIn' rel=\"noopener\"><span class='avia_hidden_link_text'>Compartir en LinkedIn<\/span><\/a><\/li><li class='av-share-link av-social-link-mail' ><a  aria-label=\"Compartir por correo\" href='mailto:?subject=En%20Coyhaique%20conmemoraron%20los%2010%20a%C3%B1os%20del%20Programa%20de%20Acceso%20a%20la%20Educaci%C3%B3n%20Superior%20%28PACE%29&#038;body=https:\/\/radiorevelacionfm.cl\/?p=45726' aria-hidden='false' data-av_icon='\ue805' data-av_iconfont='entypo-fontello' title='' data-avia-related-tooltip='Compartir por correo'><span class='avia_hidden_link_text'>Compartir por correo<\/span><\/a><\/li><\/ul><\/div><\/div>\n<div  style='height:50px' class='hr hr-invisible   avia-builder-el-8  el_after_av_social_share  el_before_av_comments_list '><span class='hr-inner ' ><span class='hr-inner-style'><\/span><\/span><\/div>\n<div  class='av-buildercomment  av-blog-meta-html-info-disabled av-blog-meta-tag-disabled  '><\/div>\n","protected":false},"excerpt":{"rendered":"","protected":false},"author":1,"featured_media":45727,"comment_status":"open","ping_status":"open","sticky":false,"template":"","format":"standard","meta":{"footnotes":""},"categories":[49],"tags":[],"class_list":["post-45726","post","type-post","status-publish","format-standard","has-post-thumbnail","hentry","category-educacion"],"jetpack_featured_media_url":"https:\/\/radiorevelacionfm.cl\/wp-content\/uploads\/2024\/09\/pace-equipos-1-1.jpg","_links":{"self":[{"href":"https:\/\/radiorevelacionfm.cl\/index.php?rest_route=\/wp\/v2\/posts\/45726","targetHints":{"allow":["GET"]}}],"collection":[{"href":"https:\/\/radiorevelacionfm.cl\/index.php?rest_route=\/wp\/v2\/posts"}],"about":[{"href":"https:\/\/radiorevelacionfm.cl\/index.php?rest_route=\/wp\/v2\/types\/post"}],"author":[{"embeddable":true,"href":"https:\/\/radiorevelacionfm.cl\/index.php?rest_route=\/wp\/v2\/users\/1"}],"replies":[{"embeddable":true,"href":"https:\/\/radiorevelacionfm.cl\/index.php?rest_route=%2Fwp%2Fv2%2Fcomments&post=45726"}],"version-history":[{"count":1,"href":"https:\/\/radiorevelacionfm.cl\/index.php?rest_route=\/wp\/v2\/posts\/45726\/revisions"}],"predecessor-version":[{"id":45728,"href":"https:\/\/radiorevelacionfm.cl\/index.php?rest_route=\/wp\/v2\/posts\/45726\/revisions\/45728"}],"wp:featuredmedia":[{"embeddable":true,"href":"https:\/\/radiorevelacionfm.cl\/index.php?rest_route=\/wp\/v2\/media\/45727"}],"wp:attachment":[{"href":"https:\/\/radiorevelacionfm.cl\/index.php?rest_route=%2Fwp%2Fv2%2Fmedia&parent=45726"}],"wp:term":[{"taxonomy":"category","embeddable":true,"href":"https:\/\/radiorevelacionfm.cl\/index.php?rest_route=%2Fwp%2Fv2%2Fcategories&post=45726"},{"taxonomy":"post_tag","embeddable":true,"href":"https:\/\/radiorevelacionfm.cl\/index.php?rest_route=%2Fwp%2Fv2%2Ftags&post=45726"}],"curies":[{"name":"wp","href":"https:\/\/api.w.org\/{rel}","templated":true}]}}