{"id":45723,"date":"2024-09-01T14:47:54","date_gmt":"2024-09-01T17:47:54","guid":{"rendered":"https:\/\/radiorevelacionfm.cl\/?p=45723"},"modified":"2024-09-01T14:47:54","modified_gmt":"2024-09-01T17:47:54","slug":"coyhaique-carabineros-del-os7-aysen-y-fiscalia-desarticulan-banda-criminal-que-comercializaba-drogas-en-redes-sociales","status":"publish","type":"post","link":"https:\/\/radiorevelacionfm.cl\/?p=45723","title":{"rendered":"Coyhaique: Carabineros del OS7 Ays\u00e9n y Fiscal\u00eda desarticulan banda criminal que comercializaba drogas en redes sociales"},"content":{"rendered":"<div class=\"flex_column av_one_full  flex_column_div av-zero-column-padding first  avia-builder-el-0  el_before_av_one_full  avia-builder-el-first  \" style='border-radius:0px; '><div  class='avia-image-container  av-styling-    avia-builder-el-1  avia-builder-el-no-sibling  avia-align-center '  itemprop=\"image\" itemscope=\"itemscope\" itemtype=\"https:\/\/schema.org\/ImageObject\"  ><div class='avia-image-container-inner'><div class='avia-image-overlay-wrap'><img decoding=\"async\" class='wp-image-45724 avia-img-lazy-loading-not-45724 avia_image' src=\"https:\/\/radiorevelacionfm.cl\/wp-content\/uploads\/2024\/09\/Sin-titulo-3-1-1.jpg\" alt='' title='Sin t\u00edtulo-3 (1) (1)' height=\"600\" width=\"1067\"  itemprop=\"thumbnailUrl\" srcset=\"https:\/\/radiorevelacionfm.cl\/wp-content\/uploads\/2024\/09\/Sin-titulo-3-1-1.jpg 1067w, https:\/\/radiorevelacionfm.cl\/wp-content\/uploads\/2024\/09\/Sin-titulo-3-1-1-300x169.jpg 300w, https:\/\/radiorevelacionfm.cl\/wp-content\/uploads\/2024\/09\/Sin-titulo-3-1-1-1030x579.jpg 1030w, https:\/\/radiorevelacionfm.cl\/wp-content\/uploads\/2024\/09\/Sin-titulo-3-1-1-768x432.jpg 768w, https:\/\/radiorevelacionfm.cl\/wp-content\/uploads\/2024\/09\/Sin-titulo-3-1-1-705x396.jpg 705w, https:\/\/radiorevelacionfm.cl\/wp-content\/uploads\/2024\/09\/Sin-titulo-3-1-1-450x253.jpg 450w, https:\/\/radiorevelacionfm.cl\/wp-content\/uploads\/2024\/09\/Sin-titulo-3-1-1-600x337.jpg 600w\" sizes=\"(max-width: 1067px) 100vw, 1067px\" \/><\/div><\/div><\/div><\/div><div class=\"flex_column av_one_full  flex_column_div av-zero-column-padding first  avia-builder-el-2  el_after_av_one_full  el_before_av_one_full  column-top-margin\" style='border-radius:0px; '><section class=\"av_textblock_section \"  itemscope=\"itemscope\" itemtype=\"https:\/\/schema.org\/BlogPosting\" itemprop=\"blogPost\" ><div class='avia_textblock  '   itemprop=\"text\" ><p style=\"text-align: center;\"><span style=\"font-size: 18pt;\"><b><span lang=\"ES-CL\">Coyhaique: Carabineros del OS7 Ays\u00e9n y Fiscal\u00eda desarticulan banda criminal que comercializaba drogas en redes sociales<\/span><\/b><\/span><\/p>\n<div id=\"gtx-trans\" style=\"position: absolute; left: -50px; top: 4.31534px;\">\n<div class=\"gtx-trans-icon\"><\/div>\n<\/div>\n<\/div><\/section><\/div><div class=\"flex_column av_one_full  flex_column_div av-zero-column-padding first  avia-builder-el-4  el_after_av_one_full  el_before_av_hr  column-top-margin\" style='border-radius:0px; '><section class=\"av_textblock_section \"  itemscope=\"itemscope\" itemtype=\"https:\/\/schema.org\/BlogPosting\" itemprop=\"blogPost\" ><div class='avia_textblock  '   itemprop=\"text\" ><p class=\"v1MsoNormal\" style=\"text-align: justify;\"><span lang=\"ES-CL\">Tras la investigaci\u00f3n, el personal especializado ingres\u00f3 a dos domicilios y decomis\u00f3 clorhidrato de coca\u00edna, marihuana y creatina, sumado a la incautaci\u00f3n de un veh\u00edculo, logrando la detenci\u00f3n de tres personas vinculadas a este delito.<\/span><\/p>\n<p class=\"v1MsoNormal\" style=\"text-align: justify;\"><span lang=\"ES-CL\">Un trabajo investigativo desarrollado por Carabineros de la Secci\u00f3n OS7 Ays\u00e9n en coordinaci\u00f3n con la Fiscal\u00eda \u2013en el contexto del Plan Calles Sin Violencia- permiti\u00f3 desarticular una banda criminal dedicada a la comercializaci\u00f3n de drogas a trav\u00e9s de redes sociales en la ciudad de Coyhaique.<\/span><\/p>\n<p class=\"v1MsoNormal\" style=\"text-align: justify;\"><span lang=\"ES-CL\">Tras conocer de la existencia de este delito, el personal especializado se aboc\u00f3 al desarrollo de m\u00faltiples diligencias de su especialidad, que permitieron esclarecer el delito.<\/span><\/p>\n<p class=\"v1MsoNormal\" style=\"text-align: justify;\"><span lang=\"ES-CL\">\u00abCarabineros de Chile y esta Secci\u00f3n especializada de manera permanente desarrollan patrullajes virtuales con la finalidad de identificar la venta de cualquier sustancia ilegal por este medio\u00bb, indic\u00f3 el Jefe de la Secci\u00f3n OS7 Ays\u00e9n, Capit\u00e1n Pablo Ardiles Herrera.<\/span><\/p>\n<p class=\"v1MsoNormal\" style=\"text-align: justify;\"><span lang=\"ES-CL\">Lo anterior permiti\u00f3 materializar una investigaci\u00f3n en conjunto con el Ministerio P\u00fablico que posibilit\u00f3 identificar a un grupo de personas que desarrollaba este delito, logrando igualmente identificar los domicilios, logrando materializar el ingreso a dos inmuebles siendo detenidas tres personas, sumado al decomiso de sustancias prohibidas, diversas especies para la comisi\u00f3n del delito, sumado a la incautaci\u00f3n de un veh\u00edculo, entre otros.<\/span><\/p>\n<p class=\"v1MsoNormal\" style=\"text-align: justify;\"><span lang=\"ES-CL\">El trabajo de la Secci\u00f3n OS7 Ays\u00e9n -desarrollado con apoyo del Grupo de Operaciones Policiales Especiales (GOPE) y la 5\u00b0 Comisar\u00eda de Control del Orden P\u00fablico (COP)- permiti\u00f3 sacar de circulaci\u00f3n 28 grs de clorhidrato de coca\u00edna, 21 grs de marihuana y 296 grs de creatina.<\/span><\/p>\n<p class=\"v1MsoNormal\" style=\"text-align: justify;\"><span lang=\"ES-CL\">\u00abSe logra la detenci\u00f3n de las personas investigadas, se permite pasar a control de detenci\u00f3n, siendo declarada su legalidad. De igual manera, una de las personas -que ten\u00eda antecedentes previos- qued\u00f3 sujeta a la medida cautelar de prisi\u00f3n preventiva y la otra qued\u00f3 bajo arraigo nacional\u00bb, indic\u00f3 el Oficial.<\/span><\/p>\n<p class=\"v1MsoNormal\" style=\"text-align: justify;\"><span lang=\"ES-CL\">\u00abPor lo tanto, es un procedimiento exitoso que nos permite continuar con el trabajo permanente de entregar espacios p\u00fablicos para entregar tranquilidad a la comunidad de Coyhaique y de la regi\u00f3n en su totalidad, con las diversas investigaciones contra delitos de la ley de drogas que desarrolla de manera permanente Carabineros de Chile y su unidad especializada, la Secci\u00f3n OS7 Ays\u00e9n\u00bb, destac\u00f3 el Capit\u00e1n Ardiles.<\/span><\/p>\n<p class=\"v1MsoNormal\" style=\"text-align: justify;\"><span lang=\"ES-CL\">Cabe consignar que, desde el mes de enero al 25 de agosto reci\u00e9n pasado, Carabineros ha detenido a 3.047 personas por diversos delitos en la regi\u00f3n de Ays\u00e9n, de los cuales 128 son por infracci\u00f3n a la ley de drogas, donde el 32% de estos registra detenciones previas por parte de Carabineros, mismo periodo en que ha sido decomisado un total de 4,9 kilos de droga.<\/span><\/p>\n<p class=\"v1MsoNormal\" style=\"text-align: justify;\"><span lang=\"ES-CL\">Paralelamente han sido desarticuladas 43 bandas delictuales vinculadas a diversos delitos, en tanto que 35 domicilios han sido allanados en este periodo.<\/span><\/p>\n<\/div><\/section><\/div><div  style='height:50px' class='hr hr-invisible   avia-builder-el-6  el_after_av_one_full  el_before_av_social_share '><span class='hr-inner ' ><span class='hr-inner-style'><\/span><\/span><\/div><\/p>\n<div  class='av-social-sharing-box  avia-builder-el-7  el_after_av_hr  el_before_av_hr  '><div class='av-share-box'><h5 class='av-share-link-description av-no-toc '>Compartir esta noticia<\/h5><ul class='av-share-box-list noLightbox'><li class='av-share-link av-social-link-facebook' ><a target=\"_blank\" aria-label=\"Compartir en Facebook\" href='https:\/\/www.facebook.com\/sharer.php?u=https:\/\/radiorevelacionfm.cl\/?p=45723&#038;t=Coyhaique%3A%20Carabineros%20del%20OS7%20Ays%C3%A9n%20y%20Fiscal%C3%ADa%20desarticulan%20banda%20criminal%20que%20comercializaba%20drogas%20en%20redes%20sociales' aria-hidden='false' data-av_icon='\ue8f3' data-av_iconfont='entypo-fontello' title='' data-avia-related-tooltip='Compartir en Facebook' rel=\"noopener\"><span class='avia_hidden_link_text'>Compartir en Facebook<\/span><\/a><\/li><li class='av-share-link av-social-link-twitter' ><a target=\"_blank\" aria-label=\"Compartir en Twitter\" href='https:\/\/twitter.com\/share?text=Coyhaique%3A%20Carabineros%20del%20OS7%20Ays%C3%A9n%20y%20Fiscal%C3%ADa%20desarticulan%20banda%20criminal%20que%20comercializaba%20drogas%20en%20redes%20sociales&#038;url=https:\/\/radiorevelacionfm.cl\/?p=45723' aria-hidden='false' data-av_icon='\ue8f1' data-av_iconfont='entypo-fontello' title='' data-avia-related-tooltip='Compartir en Twitter' rel=\"noopener\"><span class='avia_hidden_link_text'>Compartir en Twitter<\/span><\/a><\/li><li class='av-share-link av-social-link-whatsapp' ><a target=\"_blank\" aria-label=\"Compartir en Whatsapp\" href='https:\/\/api.whatsapp.com\/send?text=https:\/\/radiorevelacionfm.cl\/?p=45723' aria-hidden='false' data-av_icon='\uf232' data-av_iconfont='entypo-fontello' title='' data-avia-related-tooltip='Compartir en Whatsapp' rel=\"noopener\"><span class='avia_hidden_link_text'>Compartir en Whatsapp<\/span><\/a><\/li><li class='av-share-link av-social-link-linkedin' ><a target=\"_blank\" aria-label=\"Compartir en LinkedIn\" href='https:\/\/linkedin.com\/shareArticle?mini=true&#038;title=Coyhaique%3A%20Carabineros%20del%20OS7%20Ays%C3%A9n%20y%20Fiscal%C3%ADa%20desarticulan%20banda%20criminal%20que%20comercializaba%20drogas%20en%20redes%20sociales&#038;url=https:\/\/radiorevelacionfm.cl\/?p=45723' aria-hidden='false' data-av_icon='\ue8fc' data-av_iconfont='entypo-fontello' title='' data-avia-related-tooltip='Compartir en LinkedIn' rel=\"noopener\"><span class='avia_hidden_link_text'>Compartir en LinkedIn<\/span><\/a><\/li><li class='av-share-link av-social-link-mail' ><a  aria-label=\"Compartir por correo\" href='mailto:?subject=Coyhaique%3A%20Carabineros%20del%20OS7%20Ays%C3%A9n%20y%20Fiscal%C3%ADa%20desarticulan%20banda%20criminal%20que%20comercializaba%20drogas%20en%20redes%20sociales&#038;body=https:\/\/radiorevelacionfm.cl\/?p=45723' aria-hidden='false' data-av_icon='\ue805' data-av_iconfont='entypo-fontello' title='' data-avia-related-tooltip='Compartir por correo'><span class='avia_hidden_link_text'>Compartir por correo<\/span><\/a><\/li><\/ul><\/div><\/div>\n<div  style='height:50px' class='hr hr-invisible   avia-builder-el-8  el_after_av_social_share  el_before_av_comments_list '><span class='hr-inner ' ><span class='hr-inner-style'><\/span><\/span><\/div>\n<div  class='av-buildercomment  av-blog-meta-html-info-disabled av-blog-meta-tag-disabled  '><\/div>\n","protected":false},"excerpt":{"rendered":"","protected":false},"author":1,"featured_media":45724,"comment_status":"open","ping_status":"open","sticky":false,"template":"","format":"standard","meta":{"footnotes":""},"categories":[36],"tags":[],"class_list":["post-45723","post","type-post","status-publish","format-standard","has-post-thumbnail","hentry","category-policial"],"jetpack_featured_media_url":"https:\/\/radiorevelacionfm.cl\/wp-content\/uploads\/2024\/09\/Sin-titulo-3-1-1.jpg","_links":{"self":[{"href":"https:\/\/radiorevelacionfm.cl\/index.php?rest_route=\/wp\/v2\/posts\/45723","targetHints":{"allow":["GET"]}}],"collection":[{"href":"https:\/\/radiorevelacionfm.cl\/index.php?rest_route=\/wp\/v2\/posts"}],"about":[{"href":"https:\/\/radiorevelacionfm.cl\/index.php?rest_route=\/wp\/v2\/types\/post"}],"author":[{"embeddable":true,"href":"https:\/\/radiorevelacionfm.cl\/index.php?rest_route=\/wp\/v2\/users\/1"}],"replies":[{"embeddable":true,"href":"https:\/\/radiorevelacionfm.cl\/index.php?rest_route=%2Fwp%2Fv2%2Fcomments&post=45723"}],"version-history":[{"count":1,"href":"https:\/\/radiorevelacionfm.cl\/index.php?rest_route=\/wp\/v2\/posts\/45723\/revisions"}],"predecessor-version":[{"id":45725,"href":"https:\/\/radiorevelacionfm.cl\/index.php?rest_route=\/wp\/v2\/posts\/45723\/revisions\/45725"}],"wp:featuredmedia":[{"embeddable":true,"href":"https:\/\/radiorevelacionfm.cl\/index.php?rest_route=\/wp\/v2\/media\/45724"}],"wp:attachment":[{"href":"https:\/\/radiorevelacionfm.cl\/index.php?rest_route=%2Fwp%2Fv2%2Fmedia&parent=45723"}],"wp:term":[{"taxonomy":"category","embeddable":true,"href":"https:\/\/radiorevelacionfm.cl\/index.php?rest_route=%2Fwp%2Fv2%2Fcategories&post=45723"},{"taxonomy":"post_tag","embeddable":true,"href":"https:\/\/radiorevelacionfm.cl\/index.php?rest_route=%2Fwp%2Fv2%2Ftags&post=45723"}],"curies":[{"name":"wp","href":"https:\/\/api.w.org\/{rel}","templated":true}]}}