{"id":45720,"date":"2024-08-31T12:59:39","date_gmt":"2024-08-31T15:59:39","guid":{"rendered":"https:\/\/radiorevelacionfm.cl\/?p=45720"},"modified":"2024-08-31T16:42:46","modified_gmt":"2024-08-31T19:42:46","slug":"aysenino-emilio-vera-salinas-logro-medalla-de-oro-en-campeonato-panamericano-de-karate-en-brasil","status":"publish","type":"post","link":"https:\/\/radiorevelacionfm.cl\/?p=45720","title":{"rendered":"Aysenino Emilio Vera Salinas logr\u00f3 medalla de ORO en Campeonato Panamericano de Karate en Brasil"},"content":{"rendered":"<div class=\"flex_column av_one_full  flex_column_div av-zero-column-padding first  avia-builder-el-0  el_before_av_one_full  avia-builder-el-first  \" style='border-radius:0px; '><div  class='avia-image-container  av-styling-    avia-builder-el-1  avia-builder-el-no-sibling  avia-align-center '  itemprop=\"image\" itemscope=\"itemscope\" itemtype=\"https:\/\/schema.org\/ImageObject\"  ><div class='avia-image-container-inner'><div class='avia-image-overlay-wrap'><img decoding=\"async\" class='wp-image-45721 avia-img-lazy-loading-not-45721 avia_image' src=\"https:\/\/radiorevelacionfm.cl\/wp-content\/uploads\/2024\/08\/Emilio_Brasil-1-1.jpg\" alt='' title='Emilio_Brasil (1) (1)' height=\"948\" width=\"800\"  itemprop=\"thumbnailUrl\" srcset=\"https:\/\/radiorevelacionfm.cl\/wp-content\/uploads\/2024\/08\/Emilio_Brasil-1-1.jpg 800w, https:\/\/radiorevelacionfm.cl\/wp-content\/uploads\/2024\/08\/Emilio_Brasil-1-1-253x300.jpg 253w, https:\/\/radiorevelacionfm.cl\/wp-content\/uploads\/2024\/08\/Emilio_Brasil-1-1-768x910.jpg 768w, https:\/\/radiorevelacionfm.cl\/wp-content\/uploads\/2024\/08\/Emilio_Brasil-1-1-595x705.jpg 595w, https:\/\/radiorevelacionfm.cl\/wp-content\/uploads\/2024\/08\/Emilio_Brasil-1-1-450x533.jpg 450w, https:\/\/radiorevelacionfm.cl\/wp-content\/uploads\/2024\/08\/Emilio_Brasil-1-1-600x711.jpg 600w\" sizes=\"(max-width: 800px) 100vw, 800px\" \/><\/div><\/div><\/div><\/div><div class=\"flex_column av_one_full  flex_column_div av-zero-column-padding first  avia-builder-el-2  el_after_av_one_full  el_before_av_one_full  column-top-margin\" style='border-radius:0px; '><section class=\"av_textblock_section \"  itemscope=\"itemscope\" itemtype=\"https:\/\/schema.org\/BlogPosting\" itemprop=\"blogPost\" ><div class='avia_textblock  '   itemprop=\"text\" ><p style=\"text-align: center;\"><strong><span style=\"font-size: 18pt;\">Aysenino Emilio Vera Salinas logr\u00f3 medalla de ORO en Campeonato Panamericano de Karate en Brasil<\/span><\/strong><\/p>\n<div id=\"gtx-trans\" style=\"position: absolute; left: -50px; top: 4.31534px;\">\n<div class=\"gtx-trans-icon\"><\/div>\n<\/div>\n<\/div><\/section><\/div><div class=\"flex_column av_one_full  flex_column_div av-zero-column-padding first  avia-builder-el-4  el_after_av_one_full  el_before_av_hr  column-top-margin\" style='border-radius:0px; '><section class=\"av_textblock_section \"  itemscope=\"itemscope\" itemtype=\"https:\/\/schema.org\/BlogPosting\" itemprop=\"blogPost\" ><div class='avia_textblock  '   itemprop=\"text\" ><p style=\"text-align: justify;\">El joven deportista aysenino, Emilio Vera Salinas, de tan solo 12 a\u00f1os logr\u00f3 medalla de ORO en el reciente Campeonato Panamericano de Karate 2024 realizado en Sao Paulo, Brasil.<\/p>\n<p style=\"text-align: justify;\">El deportista miembro de la escuela de Karate Aska Ays\u00e9n y estudiante del Colegio Kalem\u00a0particip\u00f3 en categor\u00eda kumite u14 -55kg.<\/p>\n<p style=\"text-align: justify;\">Emilio ha tenido un destacado desempe\u00f1o, cabe recordar que obtuvo el 3er lugar en su categor\u00eda en el Sudamericano de Karate celebrado en Santa Cruz, Bolivia. Lo que consolid\u00f3 su posici\u00f3n como uno de los principales exponentes del karate en la regi\u00f3n, destac\u00e1ndose tambi\u00e9n como el primero en el ranking nacional 2024, lo que lo llev\u00f3 al Campeonato Panamericano de Karate en Brasil.<\/p>\n<p style=\"text-align: justify;\">Puerto Ays\u00e9n se prepara para recibir al deportista el d\u00eda lunes 02 de septiembre a partir de las 19:00 horas en Plaza de Armas.<\/p>\n<p style=\"text-align: justify;\">\u00abPorque estamos orgullosos del talento y la disciplina de Emilio, que le ha significado avanzar a pasos agigantados en su disciplina, y dejar en alto el nombre de Ays\u00e9n ante los ojos del mundo, queremos recibirlo de vuelta en su tierra, como se lo merece\u00bb, se\u00f1alaron desde el municipio.<\/p>\n<\/div><\/section><\/div><div  style='height:50px' class='hr hr-invisible   avia-builder-el-6  el_after_av_one_full  el_before_av_social_share '><span class='hr-inner ' ><span class='hr-inner-style'><\/span><\/span><\/div><\/p>\n<div  class='av-social-sharing-box  avia-builder-el-7  el_after_av_hr  el_before_av_hr  '><div class='av-share-box'><h5 class='av-share-link-description av-no-toc '>Compartir esta noticia<\/h5><ul class='av-share-box-list noLightbox'><li class='av-share-link av-social-link-facebook' ><a target=\"_blank\" aria-label=\"Compartir en Facebook\" href='https:\/\/www.facebook.com\/sharer.php?u=https:\/\/radiorevelacionfm.cl\/?p=45720&#038;t=Aysenino%20Emilio%20Vera%20Salinas%20logr%C3%B3%20medalla%20de%20ORO%20en%20Campeonato%20Panamericano%20de%20Karate%20en%20Brasil' aria-hidden='false' data-av_icon='\ue8f3' data-av_iconfont='entypo-fontello' title='' data-avia-related-tooltip='Compartir en Facebook' rel=\"noopener\"><span class='avia_hidden_link_text'>Compartir en Facebook<\/span><\/a><\/li><li class='av-share-link av-social-link-twitter' ><a target=\"_blank\" aria-label=\"Compartir en Twitter\" href='https:\/\/twitter.com\/share?text=Aysenino%20Emilio%20Vera%20Salinas%20logr%C3%B3%20medalla%20de%20ORO%20en%20Campeonato%20Panamericano%20de%20Karate%20en%20Brasil&#038;url=https:\/\/radiorevelacionfm.cl\/?p=45720' aria-hidden='false' data-av_icon='\ue8f1' data-av_iconfont='entypo-fontello' title='' data-avia-related-tooltip='Compartir en Twitter' rel=\"noopener\"><span class='avia_hidden_link_text'>Compartir en Twitter<\/span><\/a><\/li><li class='av-share-link av-social-link-whatsapp' ><a target=\"_blank\" aria-label=\"Compartir en Whatsapp\" href='https:\/\/api.whatsapp.com\/send?text=https:\/\/radiorevelacionfm.cl\/?p=45720' aria-hidden='false' data-av_icon='\uf232' data-av_iconfont='entypo-fontello' title='' data-avia-related-tooltip='Compartir en Whatsapp' rel=\"noopener\"><span class='avia_hidden_link_text'>Compartir en Whatsapp<\/span><\/a><\/li><li class='av-share-link av-social-link-linkedin' ><a target=\"_blank\" aria-label=\"Compartir en LinkedIn\" href='https:\/\/linkedin.com\/shareArticle?mini=true&#038;title=Aysenino%20Emilio%20Vera%20Salinas%20logr%C3%B3%20medalla%20de%20ORO%20en%20Campeonato%20Panamericano%20de%20Karate%20en%20Brasil&#038;url=https:\/\/radiorevelacionfm.cl\/?p=45720' aria-hidden='false' data-av_icon='\ue8fc' data-av_iconfont='entypo-fontello' title='' data-avia-related-tooltip='Compartir en LinkedIn' rel=\"noopener\"><span class='avia_hidden_link_text'>Compartir en LinkedIn<\/span><\/a><\/li><li class='av-share-link av-social-link-mail' ><a  aria-label=\"Compartir por correo\" href='mailto:?subject=Aysenino%20Emilio%20Vera%20Salinas%20logr%C3%B3%20medalla%20de%20ORO%20en%20Campeonato%20Panamericano%20de%20Karate%20en%20Brasil&#038;body=https:\/\/radiorevelacionfm.cl\/?p=45720' aria-hidden='false' data-av_icon='\ue805' data-av_iconfont='entypo-fontello' title='' data-avia-related-tooltip='Compartir por correo'><span class='avia_hidden_link_text'>Compartir por correo<\/span><\/a><\/li><\/ul><\/div><\/div>\n<div  style='height:50px' class='hr hr-invisible   avia-builder-el-8  el_after_av_social_share  el_before_av_comments_list '><span class='hr-inner ' ><span class='hr-inner-style'><\/span><\/span><\/div>\n<div  class='av-buildercomment  av-blog-meta-html-info-disabled av-blog-meta-tag-disabled  '><\/div>\n","protected":false},"excerpt":{"rendered":"","protected":false},"author":1,"featured_media":45721,"comment_status":"open","ping_status":"open","sticky":false,"template":"","format":"standard","meta":{"footnotes":""},"categories":[40],"tags":[],"class_list":["post-45720","post","type-post","status-publish","format-standard","has-post-thumbnail","hentry","category-deportes"],"jetpack_featured_media_url":"https:\/\/radiorevelacionfm.cl\/wp-content\/uploads\/2024\/08\/Emilio_Brasil-1-1.jpg","_links":{"self":[{"href":"https:\/\/radiorevelacionfm.cl\/index.php?rest_route=\/wp\/v2\/posts\/45720","targetHints":{"allow":["GET"]}}],"collection":[{"href":"https:\/\/radiorevelacionfm.cl\/index.php?rest_route=\/wp\/v2\/posts"}],"about":[{"href":"https:\/\/radiorevelacionfm.cl\/index.php?rest_route=\/wp\/v2\/types\/post"}],"author":[{"embeddable":true,"href":"https:\/\/radiorevelacionfm.cl\/index.php?rest_route=\/wp\/v2\/users\/1"}],"replies":[{"embeddable":true,"href":"https:\/\/radiorevelacionfm.cl\/index.php?rest_route=%2Fwp%2Fv2%2Fcomments&post=45720"}],"version-history":[{"count":1,"href":"https:\/\/radiorevelacionfm.cl\/index.php?rest_route=\/wp\/v2\/posts\/45720\/revisions"}],"predecessor-version":[{"id":45722,"href":"https:\/\/radiorevelacionfm.cl\/index.php?rest_route=\/wp\/v2\/posts\/45720\/revisions\/45722"}],"wp:featuredmedia":[{"embeddable":true,"href":"https:\/\/radiorevelacionfm.cl\/index.php?rest_route=\/wp\/v2\/media\/45721"}],"wp:attachment":[{"href":"https:\/\/radiorevelacionfm.cl\/index.php?rest_route=%2Fwp%2Fv2%2Fmedia&parent=45720"}],"wp:term":[{"taxonomy":"category","embeddable":true,"href":"https:\/\/radiorevelacionfm.cl\/index.php?rest_route=%2Fwp%2Fv2%2Fcategories&post=45720"},{"taxonomy":"post_tag","embeddable":true,"href":"https:\/\/radiorevelacionfm.cl\/index.php?rest_route=%2Fwp%2Fv2%2Ftags&post=45720"}],"curies":[{"name":"wp","href":"https:\/\/api.w.org\/{rel}","templated":true}]}}