{"id":45717,"date":"2024-08-31T16:19:19","date_gmt":"2024-08-31T19:19:19","guid":{"rendered":"https:\/\/radiorevelacionfm.cl\/?p=45717"},"modified":"2024-08-31T16:19:19","modified_gmt":"2024-08-31T19:19:19","slug":"cierran-mes-de-la-dirigencia-social-y-comunitaria-con-jornada-de-amplia-convocatoria-en-chile-chico","status":"publish","type":"post","link":"https:\/\/radiorevelacionfm.cl\/?p=45717","title":{"rendered":"Cierran mes de la Dirigencia Social y Comunitaria con jornada de amplia convocatoria en Chile Chico"},"content":{"rendered":"<div class=\"flex_column av_one_full  flex_column_div av-zero-column-padding first  avia-builder-el-0  el_before_av_one_full  avia-builder-el-first  \" style='border-radius:0px; '><div  class='avia-image-container  av-styling-    avia-builder-el-1  avia-builder-el-no-sibling  avia-align-center '  itemprop=\"image\" itemscope=\"itemscope\" itemtype=\"https:\/\/schema.org\/ImageObject\"  ><div class='avia-image-container-inner'><div class='avia-image-overlay-wrap'><img decoding=\"async\" class='wp-image-45718 avia-img-lazy-loading-not-45718 avia_image' src=\"https:\/\/radiorevelacionfm.cl\/wp-content\/uploads\/2024\/08\/dirigente-4-1-1.jpeg\" alt='' title='dirigente (4) (1) (1)' height=\"600\" width=\"1067\"  itemprop=\"thumbnailUrl\" srcset=\"https:\/\/radiorevelacionfm.cl\/wp-content\/uploads\/2024\/08\/dirigente-4-1-1.jpeg 1067w, https:\/\/radiorevelacionfm.cl\/wp-content\/uploads\/2024\/08\/dirigente-4-1-1-300x169.jpeg 300w, https:\/\/radiorevelacionfm.cl\/wp-content\/uploads\/2024\/08\/dirigente-4-1-1-1030x579.jpeg 1030w, https:\/\/radiorevelacionfm.cl\/wp-content\/uploads\/2024\/08\/dirigente-4-1-1-768x432.jpeg 768w, https:\/\/radiorevelacionfm.cl\/wp-content\/uploads\/2024\/08\/dirigente-4-1-1-705x396.jpeg 705w, https:\/\/radiorevelacionfm.cl\/wp-content\/uploads\/2024\/08\/dirigente-4-1-1-450x253.jpeg 450w, https:\/\/radiorevelacionfm.cl\/wp-content\/uploads\/2024\/08\/dirigente-4-1-1-600x337.jpeg 600w\" sizes=\"(max-width: 1067px) 100vw, 1067px\" \/><\/div><\/div><\/div><\/div><div class=\"flex_column av_one_full  flex_column_div av-zero-column-padding first  avia-builder-el-2  el_after_av_one_full  el_before_av_one_full  column-top-margin\" style='border-radius:0px; '><section class=\"av_textblock_section \"  itemscope=\"itemscope\" itemtype=\"https:\/\/schema.org\/BlogPosting\" itemprop=\"blogPost\" ><div class='avia_textblock  '   itemprop=\"text\" ><p style=\"text-align: center;\"><strong><span style=\"font-size: 18pt;\">Cierran mes de la Dirigencia Social y Comunitaria con jornada de amplia convocatoria en Chile Chico<\/span><\/strong><\/p>\n<div id=\"gtx-trans\" style=\"position: absolute; left: -50px; top: 4.31534px;\">\n<div class=\"gtx-trans-icon\"><\/div>\n<\/div>\n<\/div><\/section><\/div><div class=\"flex_column av_one_full  flex_column_div av-zero-column-padding first  avia-builder-el-4  el_after_av_one_full  el_before_av_hr  column-top-margin\" style='border-radius:0px; '><section class=\"av_textblock_section \"  itemscope=\"itemscope\" itemtype=\"https:\/\/schema.org\/BlogPosting\" itemprop=\"blogPost\" ><div class='avia_textblock  '   itemprop=\"text\" ><p style=\"text-align: justify;\">De diferentes puntos de la cuenca del lago General Carrera llegaron representantes de todo tipo de organizaciones, de culturales a campesinas, de juntas de vecinos a agrupaciones gremiales del turismo, al hotel Posada del R\u00edo en Chile Chico, para participar de la celebraci\u00f3n del D\u00eda del Dirigente Social y Comunitario.<\/p>\n<p style=\"text-align: justify;\">La jornada que dur\u00f3 cerca de 8 horas cont\u00f3 con un almuerzo de camarader\u00eda, diferentes etapas de capacitaciones en \u00e1mbitos financieros, fortalecimiento organizacional y primeros auxilios, adem\u00e1s se realiz\u00f3 un conversatorio con el Delegado Presidencial Provincial de General Carrera, el Seremi de Transportes y Telecomunicaciones,\u00a0 la Seremi de Obras P\u00fablicas y el director de Obras Portuarias. Finalmente, se reconoci\u00f3 a los y las dirigentes. Simult\u00e1neamente, hab\u00eda una Plaza Ciudadana en que servicios p\u00fablicos mostraban su oferta program\u00e1tica a los l\u00edderes sociales.<\/p>\n<p style=\"text-align: justify;\">Una de las asistentes fue Ang\u00e9lica Melehuech\u00fan, representante de la Junta de Vecinos N\u00b014 de Chile Chico y de Los Cristalinos, quien al finalizar la jornada destac\u00f3 que \u201cFue una linda actividad y vinieron buenos dirigentes de toda la cuenca del lago\u201d a lo que sum\u00f3 \u201cFue una linda experiencia de contar nuestras vivencias de cada organizaci\u00f3n y aparte con las personas, las autoridades que vinieron de nivel regional, se hicieron preguntas, se dieron las respuestas y que lindo trabajar en conjunto con las autoridades\u201d cerr\u00f3 la mujer criada en Puerto Cristal.<\/p>\n<p style=\"text-align: justify;\">El representante del presidente Boric para la provincia de General Carrera, Crist\u00f3bal Barcel\u00f3 Veas, se\u00f1al\u00f3 que \u201cEsta es una actividad que se enmarca dentro del mes de la dirigencia comunitaria y social, es un mes donde nosotros como Gobierno del Presidente Gabriel Boric reconocemos y agradecemos la labor que realizan las y los dirigentes aqu\u00ed en nuestra provincia\u201d, agregando que \u201cEstamos muy contentos porque tuvimos una alta convocatoria, vinieron todos los dirigentes que nos hab\u00edan confirmado\u201d.<\/p>\n<p style=\"text-align: justify;\">El titular de Transportes y Telecomunicaciones para Ays\u00e9n, Hans Zimmermann, quien particip\u00f3 del di\u00e1logo se mostr\u00f3 contento al final de la jornada porque \u201cHemos podido dar cuenta de los avances en materia de conectividad, hemos podido dar cuenta a las mejoras al contrato de conectividad lacustre (\u2026) y hemos tenido un di\u00e1logo franco y sincero con la comunidad\u201d.<\/p>\n<p style=\"text-align: justify;\">La recientemente asumida Seremi de Obras P\u00fablicas, Paloma Jara, tambi\u00e9n fue una de las protagonistas del di\u00e1logo, quien tambi\u00e9n valor\u00f3 la instancia de comunicaci\u00f3n directa con los vecinos y vecinas de la comunidad provincial a la que tuvieron la\u00a0 oportunidad de contar \u201cen qu\u00e9 van las obras que corresponden al Ministerio de Obras P\u00fablicas y, tambi\u00e9n, recibiendo las preocupaciones que hay sobre la inversi\u00f3n p\u00fablica, dentro de la comuna y la provincia y c\u00f3mo la estamos abordando\u201d.<\/p>\n<p style=\"text-align: justify;\">As\u00ed se cierra un mes en torno al d\u00eda del dirigente social, que originalmente es el 07 de agosto, pero que el Gobierno del Presidente Gabriel Boric decidi\u00f3 dedicarle un mes completo, considerando la relevancia que tienen para el desarrollo nacional. 31 d\u00edas en los que se realizaron diferentes actividades en cada provincia de Ays\u00e9n y que culminan con esta destacada jornada en Chile Chico.<\/p>\n<\/div><\/section><\/div><div  style='height:50px' class='hr hr-invisible   avia-builder-el-6  el_after_av_one_full  el_before_av_social_share '><span class='hr-inner ' ><span class='hr-inner-style'><\/span><\/span><\/div><\/p>\n<div  class='av-social-sharing-box  avia-builder-el-7  el_after_av_hr  el_before_av_hr  '><div class='av-share-box'><h5 class='av-share-link-description av-no-toc '>Compartir esta noticia<\/h5><ul class='av-share-box-list noLightbox'><li class='av-share-link av-social-link-facebook' ><a target=\"_blank\" aria-label=\"Compartir en Facebook\" href='https:\/\/www.facebook.com\/sharer.php?u=https:\/\/radiorevelacionfm.cl\/?p=45717&#038;t=Cierran%20mes%20de%20la%20Dirigencia%20Social%20y%20Comunitaria%20con%20jornada%20de%20amplia%20convocatoria%20en%20Chile%20Chico' aria-hidden='false' data-av_icon='\ue8f3' data-av_iconfont='entypo-fontello' title='' data-avia-related-tooltip='Compartir en Facebook' rel=\"noopener\"><span class='avia_hidden_link_text'>Compartir en Facebook<\/span><\/a><\/li><li class='av-share-link av-social-link-twitter' ><a target=\"_blank\" aria-label=\"Compartir en Twitter\" href='https:\/\/twitter.com\/share?text=Cierran%20mes%20de%20la%20Dirigencia%20Social%20y%20Comunitaria%20con%20jornada%20de%20amplia%20convocatoria%20en%20Chile%20Chico&#038;url=https:\/\/radiorevelacionfm.cl\/?p=45717' aria-hidden='false' data-av_icon='\ue8f1' data-av_iconfont='entypo-fontello' title='' data-avia-related-tooltip='Compartir en Twitter' rel=\"noopener\"><span class='avia_hidden_link_text'>Compartir en Twitter<\/span><\/a><\/li><li class='av-share-link av-social-link-whatsapp' ><a target=\"_blank\" aria-label=\"Compartir en Whatsapp\" href='https:\/\/api.whatsapp.com\/send?text=https:\/\/radiorevelacionfm.cl\/?p=45717' aria-hidden='false' data-av_icon='\uf232' data-av_iconfont='entypo-fontello' title='' data-avia-related-tooltip='Compartir en Whatsapp' rel=\"noopener\"><span class='avia_hidden_link_text'>Compartir en Whatsapp<\/span><\/a><\/li><li class='av-share-link av-social-link-linkedin' ><a target=\"_blank\" aria-label=\"Compartir en LinkedIn\" href='https:\/\/linkedin.com\/shareArticle?mini=true&#038;title=Cierran%20mes%20de%20la%20Dirigencia%20Social%20y%20Comunitaria%20con%20jornada%20de%20amplia%20convocatoria%20en%20Chile%20Chico&#038;url=https:\/\/radiorevelacionfm.cl\/?p=45717' aria-hidden='false' data-av_icon='\ue8fc' data-av_iconfont='entypo-fontello' title='' data-avia-related-tooltip='Compartir en LinkedIn' rel=\"noopener\"><span class='avia_hidden_link_text'>Compartir en LinkedIn<\/span><\/a><\/li><li class='av-share-link av-social-link-mail' ><a  aria-label=\"Compartir por correo\" href='mailto:?subject=Cierran%20mes%20de%20la%20Dirigencia%20Social%20y%20Comunitaria%20con%20jornada%20de%20amplia%20convocatoria%20en%20Chile%20Chico&#038;body=https:\/\/radiorevelacionfm.cl\/?p=45717' aria-hidden='false' data-av_icon='\ue805' data-av_iconfont='entypo-fontello' title='' data-avia-related-tooltip='Compartir por correo'><span class='avia_hidden_link_text'>Compartir por correo<\/span><\/a><\/li><\/ul><\/div><\/div>\n<div  style='height:50px' class='hr hr-invisible   avia-builder-el-8  el_after_av_social_share  el_before_av_comments_list '><span class='hr-inner ' ><span class='hr-inner-style'><\/span><\/span><\/div>\n<div  class='av-buildercomment  av-blog-meta-html-info-disabled av-blog-meta-tag-disabled  '><\/div>\n","protected":false},"excerpt":{"rendered":"","protected":false},"author":1,"featured_media":45718,"comment_status":"open","ping_status":"open","sticky":false,"template":"","format":"standard","meta":{"footnotes":""},"categories":[38],"tags":[],"class_list":["post-45717","post","type-post","status-publish","format-standard","has-post-thumbnail","hentry","category-regional"],"jetpack_featured_media_url":"https:\/\/radiorevelacionfm.cl\/wp-content\/uploads\/2024\/08\/dirigente-4-1-1.jpeg","_links":{"self":[{"href":"https:\/\/radiorevelacionfm.cl\/index.php?rest_route=\/wp\/v2\/posts\/45717","targetHints":{"allow":["GET"]}}],"collection":[{"href":"https:\/\/radiorevelacionfm.cl\/index.php?rest_route=\/wp\/v2\/posts"}],"about":[{"href":"https:\/\/radiorevelacionfm.cl\/index.php?rest_route=\/wp\/v2\/types\/post"}],"author":[{"embeddable":true,"href":"https:\/\/radiorevelacionfm.cl\/index.php?rest_route=\/wp\/v2\/users\/1"}],"replies":[{"embeddable":true,"href":"https:\/\/radiorevelacionfm.cl\/index.php?rest_route=%2Fwp%2Fv2%2Fcomments&post=45717"}],"version-history":[{"count":1,"href":"https:\/\/radiorevelacionfm.cl\/index.php?rest_route=\/wp\/v2\/posts\/45717\/revisions"}],"predecessor-version":[{"id":45719,"href":"https:\/\/radiorevelacionfm.cl\/index.php?rest_route=\/wp\/v2\/posts\/45717\/revisions\/45719"}],"wp:featuredmedia":[{"embeddable":true,"href":"https:\/\/radiorevelacionfm.cl\/index.php?rest_route=\/wp\/v2\/media\/45718"}],"wp:attachment":[{"href":"https:\/\/radiorevelacionfm.cl\/index.php?rest_route=%2Fwp%2Fv2%2Fmedia&parent=45717"}],"wp:term":[{"taxonomy":"category","embeddable":true,"href":"https:\/\/radiorevelacionfm.cl\/index.php?rest_route=%2Fwp%2Fv2%2Fcategories&post=45717"},{"taxonomy":"post_tag","embeddable":true,"href":"https:\/\/radiorevelacionfm.cl\/index.php?rest_route=%2Fwp%2Fv2%2Ftags&post=45717"}],"curies":[{"name":"wp","href":"https:\/\/api.w.org\/{rel}","templated":true}]}}