{"id":45709,"date":"2024-08-31T17:35:10","date_gmt":"2024-08-31T20:35:10","guid":{"rendered":"https:\/\/radiorevelacionfm.cl\/?p=45709"},"modified":"2024-08-31T17:35:10","modified_gmt":"2024-08-31T20:35:10","slug":"edelaysen-y-supermercado-hiper-patagonico-se-unen-para-impulsar-el-almacenaje-de-pilas-en-coyhaique","status":"publish","type":"post","link":"https:\/\/radiorevelacionfm.cl\/?p=45709","title":{"rendered":"Edelaysen y Supermercado H\u00edper Patag\u00f3nico se unen para impulsar el almacenaje de pilas en Coyhaique"},"content":{"rendered":"<div class=\"flex_column av_one_full  flex_column_div av-zero-column-padding first  avia-builder-el-0  el_before_av_one_full  avia-builder-el-first  \" style='border-radius:0px; '><div  class='avia-image-container  av-styling-    avia-builder-el-1  avia-builder-el-no-sibling  avia-align-center '  itemprop=\"image\" itemscope=\"itemscope\" itemtype=\"https:\/\/schema.org\/ImageObject\"  ><div class='avia-image-container-inner'><div class='avia-image-overlay-wrap'><img decoding=\"async\" class='wp-image-45710 avia-img-lazy-loading-not-45710 avia_image' src=\"https:\/\/radiorevelacionfm.cl\/wp-content\/uploads\/2024\/08\/Alianza-HiperPatagonico1-1-1.jpeg\" alt='' title='Alianza H\u00edperPatag\u00f3nico1 (1) (1)' height=\"664\" width=\"801\"  itemprop=\"thumbnailUrl\" srcset=\"https:\/\/radiorevelacionfm.cl\/wp-content\/uploads\/2024\/08\/Alianza-HiperPatagonico1-1-1.jpeg 801w, https:\/\/radiorevelacionfm.cl\/wp-content\/uploads\/2024\/08\/Alianza-HiperPatagonico1-1-1-300x249.jpeg 300w, https:\/\/radiorevelacionfm.cl\/wp-content\/uploads\/2024\/08\/Alianza-HiperPatagonico1-1-1-768x637.jpeg 768w, https:\/\/radiorevelacionfm.cl\/wp-content\/uploads\/2024\/08\/Alianza-HiperPatagonico1-1-1-705x584.jpeg 705w, https:\/\/radiorevelacionfm.cl\/wp-content\/uploads\/2024\/08\/Alianza-HiperPatagonico1-1-1-450x373.jpeg 450w, https:\/\/radiorevelacionfm.cl\/wp-content\/uploads\/2024\/08\/Alianza-HiperPatagonico1-1-1-600x497.jpeg 600w\" sizes=\"(max-width: 801px) 100vw, 801px\" \/><\/div><\/div><\/div><\/div><div class=\"flex_column av_one_full  flex_column_div av-zero-column-padding first  avia-builder-el-2  el_after_av_one_full  el_before_av_one_full  column-top-margin\" style='border-radius:0px; '><section class=\"av_textblock_section \"  itemscope=\"itemscope\" itemtype=\"https:\/\/schema.org\/BlogPosting\" itemprop=\"blogPost\" ><div class='avia_textblock  '   itemprop=\"text\" ><p style=\"text-align: center;\"><strong><span style=\"font-size: 18pt;\">Edelaysen y Supermercado H\u00edper Patag\u00f3nico se unen para impulsar el almacenaje de pilas en Coyhaique<\/span><\/strong><\/p>\n<div id=\"gtx-trans\" style=\"position: absolute; left: -50px; top: 4.31534px;\">\n<div class=\"gtx-trans-icon\"><\/div>\n<\/div>\n<\/div><\/section><\/div><div class=\"flex_column av_one_full  flex_column_div av-zero-column-padding first  avia-builder-el-4  el_after_av_one_full  el_before_av_hr  column-top-margin\" style='border-radius:0px; '><section class=\"av_textblock_section \"  itemscope=\"itemscope\" itemtype=\"https:\/\/schema.org\/BlogPosting\" itemprop=\"blogPost\" ><div class='avia_textblock  '   itemprop=\"text\" ><p style=\"text-align: justify;\"><em>Con esta alianza los vecinos que visitan el supermercado regional podr\u00e1n disponer de sus pilas usadas en los contenedores ubicados al interior del recinto. <\/em><\/p>\n<p style=\"text-align: justify;\">Con el principal objetivo de promover el cuidado por el medio ambiente, Edelaysen y el supermercado regional H\u00edper Patag\u00f3nico de Coyhaique establecieron una alianza que facilitar\u00e1 la disposici\u00f3n responsable de pilas en la comunidad. A trav\u00e9s de la instalaci\u00f3n de contenedores de recepci\u00f3n de pilas en las dependencias del local comercial, la comunidad y visitantes de la comuna, tendr\u00e1n un punto accesible y seguro para depositar sus pilas usadas.<\/p>\n<p style=\"text-align: justify;\">\u00abEsta alianza es un paso significativo en nuestra misi\u00f3n de cuidar el entorno natural de la Patagonia. En Edelaysen, estamos comprometidos no solo con proveer energ\u00eda a la regi\u00f3n, sino tambi\u00e9n con garantizar que nuestras acciones contribuyan al bienestar ambiental de la comunidad. Con la participaci\u00f3n activa de la ciudadan\u00eda y la colaboraci\u00f3n de establecimientos clave como H\u00edper Patag\u00f3nico, estamos dando un gran paso hacia una Patagonia m\u00e1s limpia y sostenible. Invitamos a todos a unirse a esta iniciativa y a ser parte del cambio que queremos ver en nuestra regi\u00f3n,\u00bb se\u00f1al\u00f3 Yasna Vera, ejecutiva de Edelaysen.<\/p>\n<p style=\"text-align: justify;\">Por su parte, el administrador de H\u00edper Patag\u00f3nico, Mario Ojeda coment\u00f3: \u00abPara nosotros, ser parte de esta iniciativa es un orgullo y una responsabilidad. Sabemos que el almacenaje de pilas es una tarea crucial para minimizar el impacto ambiental negativo, y creemos firmemente en facilitar a nuestros clientes un lugar seguro y conveniente para hacerlo. Esta alianza con Edelaysen no solo nos permite contribuir al cuidado del medio ambiente, sino tambi\u00e9n reforzar nuestro compromiso con la comunidad de Coyhaique. Estamos entusiasmados de ver c\u00f3mo esta iniciativa puede marcar una diferencia real.\u00bb<\/p>\n<p style=\"text-align: justify;\">Esta acci\u00f3n forma parte del programa \u201cPatagonia ponte las pilas\u201d, una iniciativa de Edelaysen que busca fomentar el almacenaje de pilas y su correcta disposici\u00f3n, evitando as\u00ed su impacto negativo en el medio ambiente. El supermercado H\u00edper Patag\u00f3nico se suma a una lista creciente de instituciones p\u00fablicas, establecimientos educacionales y empresas privadas que ya participan activamente en este programa.<\/p>\n<p style=\"text-align: justify;\">La recolecci\u00f3n de pilas en los contenedores estar\u00e1 vigente hasta noviembre de este a\u00f1o, por lo que se invita a toda la comunidad a sumarse a esta importante iniciativa y contribuir con el cuidado del entorno natural de la regi\u00f3n.<\/p>\n<p style=\"text-align: justify;\"><strong>\u00a0<\/strong><\/p>\n<\/div><\/section><\/div><div  style='height:50px' class='hr hr-invisible   avia-builder-el-6  el_after_av_one_full  el_before_av_social_share '><span class='hr-inner ' ><span class='hr-inner-style'><\/span><\/span><\/div><\/p>\n<div  class='av-social-sharing-box  avia-builder-el-7  el_after_av_hr  el_before_av_hr  '><div class='av-share-box'><h5 class='av-share-link-description av-no-toc '>Compartir esta noticia<\/h5><ul class='av-share-box-list noLightbox'><li class='av-share-link av-social-link-facebook' ><a target=\"_blank\" aria-label=\"Compartir en Facebook\" href='https:\/\/www.facebook.com\/sharer.php?u=https:\/\/radiorevelacionfm.cl\/?p=45709&#038;t=Edelaysen%20y%20Supermercado%20H%C3%ADper%20Patag%C3%B3nico%20se%20unen%20para%20impulsar%20el%20almacenaje%20de%20pilas%20en%20Coyhaique' aria-hidden='false' data-av_icon='\ue8f3' data-av_iconfont='entypo-fontello' title='' data-avia-related-tooltip='Compartir en Facebook' rel=\"noopener\"><span class='avia_hidden_link_text'>Compartir en Facebook<\/span><\/a><\/li><li class='av-share-link av-social-link-twitter' ><a target=\"_blank\" aria-label=\"Compartir en Twitter\" href='https:\/\/twitter.com\/share?text=Edelaysen%20y%20Supermercado%20H%C3%ADper%20Patag%C3%B3nico%20se%20unen%20para%20impulsar%20el%20almacenaje%20de%20pilas%20en%20Coyhaique&#038;url=https:\/\/radiorevelacionfm.cl\/?p=45709' aria-hidden='false' data-av_icon='\ue8f1' data-av_iconfont='entypo-fontello' title='' data-avia-related-tooltip='Compartir en Twitter' rel=\"noopener\"><span class='avia_hidden_link_text'>Compartir en Twitter<\/span><\/a><\/li><li class='av-share-link av-social-link-whatsapp' ><a target=\"_blank\" aria-label=\"Compartir en Whatsapp\" href='https:\/\/api.whatsapp.com\/send?text=https:\/\/radiorevelacionfm.cl\/?p=45709' aria-hidden='false' data-av_icon='\uf232' data-av_iconfont='entypo-fontello' title='' data-avia-related-tooltip='Compartir en Whatsapp' rel=\"noopener\"><span class='avia_hidden_link_text'>Compartir en Whatsapp<\/span><\/a><\/li><li class='av-share-link av-social-link-linkedin' ><a target=\"_blank\" aria-label=\"Compartir en LinkedIn\" href='https:\/\/linkedin.com\/shareArticle?mini=true&#038;title=Edelaysen%20y%20Supermercado%20H%C3%ADper%20Patag%C3%B3nico%20se%20unen%20para%20impulsar%20el%20almacenaje%20de%20pilas%20en%20Coyhaique&#038;url=https:\/\/radiorevelacionfm.cl\/?p=45709' aria-hidden='false' data-av_icon='\ue8fc' data-av_iconfont='entypo-fontello' title='' data-avia-related-tooltip='Compartir en LinkedIn' rel=\"noopener\"><span class='avia_hidden_link_text'>Compartir en LinkedIn<\/span><\/a><\/li><li class='av-share-link av-social-link-mail' ><a  aria-label=\"Compartir por correo\" href='mailto:?subject=Edelaysen%20y%20Supermercado%20H%C3%ADper%20Patag%C3%B3nico%20se%20unen%20para%20impulsar%20el%20almacenaje%20de%20pilas%20en%20Coyhaique&#038;body=https:\/\/radiorevelacionfm.cl\/?p=45709' aria-hidden='false' data-av_icon='\ue805' data-av_iconfont='entypo-fontello' title='' data-avia-related-tooltip='Compartir por correo'><span class='avia_hidden_link_text'>Compartir por correo<\/span><\/a><\/li><\/ul><\/div><\/div>\n<div  style='height:50px' class='hr hr-invisible   avia-builder-el-8  el_after_av_social_share  el_before_av_comments_list '><span class='hr-inner ' ><span class='hr-inner-style'><\/span><\/span><\/div>\n<div  class='av-buildercomment  av-blog-meta-html-info-disabled av-blog-meta-tag-disabled  '><\/div>\n","protected":false},"excerpt":{"rendered":"","protected":false},"author":1,"featured_media":45710,"comment_status":"open","ping_status":"open","sticky":false,"template":"","format":"standard","meta":{"footnotes":""},"categories":[38],"tags":[],"class_list":["post-45709","post","type-post","status-publish","format-standard","has-post-thumbnail","hentry","category-regional"],"jetpack_featured_media_url":"https:\/\/radiorevelacionfm.cl\/wp-content\/uploads\/2024\/08\/Alianza-HiperPatagonico1-1-1.jpeg","_links":{"self":[{"href":"https:\/\/radiorevelacionfm.cl\/index.php?rest_route=\/wp\/v2\/posts\/45709","targetHints":{"allow":["GET"]}}],"collection":[{"href":"https:\/\/radiorevelacionfm.cl\/index.php?rest_route=\/wp\/v2\/posts"}],"about":[{"href":"https:\/\/radiorevelacionfm.cl\/index.php?rest_route=\/wp\/v2\/types\/post"}],"author":[{"embeddable":true,"href":"https:\/\/radiorevelacionfm.cl\/index.php?rest_route=\/wp\/v2\/users\/1"}],"replies":[{"embeddable":true,"href":"https:\/\/radiorevelacionfm.cl\/index.php?rest_route=%2Fwp%2Fv2%2Fcomments&post=45709"}],"version-history":[{"count":1,"href":"https:\/\/radiorevelacionfm.cl\/index.php?rest_route=\/wp\/v2\/posts\/45709\/revisions"}],"predecessor-version":[{"id":45711,"href":"https:\/\/radiorevelacionfm.cl\/index.php?rest_route=\/wp\/v2\/posts\/45709\/revisions\/45711"}],"wp:featuredmedia":[{"embeddable":true,"href":"https:\/\/radiorevelacionfm.cl\/index.php?rest_route=\/wp\/v2\/media\/45710"}],"wp:attachment":[{"href":"https:\/\/radiorevelacionfm.cl\/index.php?rest_route=%2Fwp%2Fv2%2Fmedia&parent=45709"}],"wp:term":[{"taxonomy":"category","embeddable":true,"href":"https:\/\/radiorevelacionfm.cl\/index.php?rest_route=%2Fwp%2Fv2%2Fcategories&post=45709"},{"taxonomy":"post_tag","embeddable":true,"href":"https:\/\/radiorevelacionfm.cl\/index.php?rest_route=%2Fwp%2Fv2%2Ftags&post=45709"}],"curies":[{"name":"wp","href":"https:\/\/api.w.org\/{rel}","templated":true}]}}